{"id":10031,"date":"2022-07-16T11:17:01","date_gmt":"2022-07-16T14:17:01","guid":{"rendered":"https:\/\/www.bienaldelchaco.org\/2022\/?p=10031"},"modified":"2022-07-19T18:18:31","modified_gmt":"2022-07-19T21:18:31","slug":"refuerzan-la-presencia-policial-en-el-predio-de-la-bienal-para-garantizar-la-seguridad","status":"publish","type":"post","link":"https:\/\/www.bienaldelchaco.org\/2022\/refuerzan-la-presencia-policial-en-el-predio-de-la-bienal-para-garantizar-la-seguridad\/","title":{"rendered":"Refuerzan la presencia policial en el predio de la Bienal para garantizar la seguridad"},"content":{"rendered":"<p>Este s\u00e1bado se puso en marcha la Bienal de las Esculturas Chaco 2022 en el predio emplazado sobre avenida de los Inmigrantes al 1.001 de la ciudad de Resistencia, a la par de la puesta en funciones de la \u201csegunda etapa\u201d del plan de seguridad encabezado por la Polic\u00eda del Chaco.<\/p>\n<div>\n<div id=\"carouselExampleControls\" class=\"carousel slide\" data-ride=\"carousel\">\n<div class=\"carousel-inner\">\n<div class=\"carousel-item active\"><\/div>\n<\/div>\n<\/div>\n<\/div>\n<p><!--more-->[vc_row css_animation=&#8221;&#8221; row_type=&#8221;row&#8221; use_row_as_full_screen_section=&#8221;no&#8221; type=&#8221;full_width&#8221; angled_section=&#8221;no&#8221; text_align=&#8221;left&#8221; background_image_as_pattern=&#8221;without_pattern&#8221;][vc_column][vc_column_text]Es as\u00ed que desde el \u00e1rea de seguridad informaron que se puso en funciones a otros 300 efectivos policiales, quienes acompa\u00f1aron la labor junto a los \u201ccaminantes\u201d que iniciaron sus tareas durante la primera etapa. Ahora, precisaron que se agregan tambi\u00e9n el trabajo de las comisar\u00edas y unidades especiales.<\/p>\n<p>Explicaron que en esta segunda etapa los efectivos se dividir\u00e1n por sectores, incluyendo los alrededores del Parque 2 de Febrero, el Centro de Educaci\u00f3n F\u00edsica N\u00b0 1 y Domo del Centenario \u201cZito Segovia\u201d, sumando con mayor presencia personal de la Polic\u00eda Caminera, Divisi\u00f3n Bomberos, Cuerpo Operaciones Motorizadas y el Departamento Infanter\u00eda.<\/p>\n<p>Adem\u00e1s del trabajo preventivo en diferentes puntos del evento, informaron que la Direcci\u00f3n General de Inteligencia Criminal incorpor\u00f3 un equipo de trabajo con dos drones, y que tambi\u00e9n se encuentra operando un centro de monitoreo de c\u00e1maras de seguridad con intervenci\u00f3n de la Divisi\u00f3n Videovigilancia en coordinaci\u00f3n de personal t\u00e9cnico de ECOM Chaco.[\/vc_column_text][\/vc_column][\/vc_row][vc_row css_animation=&#8221;&#8221; row_type=&#8221;row&#8221; use_row_as_full_screen_section=&#8221;no&#8221; type=&#8221;full_width&#8221; angled_section=&#8221;no&#8221; text_align=&#8221;left&#8221; background_image_as_pattern=&#8221;without_pattern&#8221;][vc_column][vc_empty_space][vc_column_text]Fuente:\u00a0 <a href=\"https:\/\/chacoenlineainforma.com\/refuerzan-la-presencia-policial-en-el-predio-de-la-bienal-para-garantizar-la-seguridad\/\" target=\"_blank\" rel=\"noopener\">https:\/\/chacoenlineainforma.com\/refuerzan-la-presencia-policial-en-el-predio-de-la-bienal-para-garantizar-la-seguridad\/<\/a>[\/vc_column_text][vc_empty_space][\/vc_column][\/vc_row]\n","protected":false},"excerpt":{"rendered":"<p>Este s\u00e1bado se puso en marcha la Bienal de las Esculturas Chaco 2022 en el predio emplazado sobre avenida de los Inmigrantes al 1.001 de la ciudad de Resistencia, a la par de la puesta en funciones de la \u201csegunda etapa\u201d del plan de seguridad&#8230;<\/p>\n","protected":false},"author":3,"featured_media":10032,"comment_status":"closed","ping_status":"closed","sticky":false,"template":"","format":"standard","meta":{"footnotes":""},"categories":[6],"tags":[],"_links":{"self":[{"href":"https:\/\/www.bienaldelchaco.org\/2022\/wp-json\/wp\/v2\/posts\/10031"}],"collection":[{"href":"https:\/\/www.bienaldelchaco.org\/2022\/wp-json\/wp\/v2\/posts"}],"about":[{"href":"https:\/\/www.bienaldelchaco.org\/2022\/wp-json\/wp\/v2\/types\/post"}],"author":[{"embeddable":true,"href":"https:\/\/www.bienaldelchaco.org\/2022\/wp-json\/wp\/v2\/users\/3"}],"replies":[{"embeddable":true,"href":"https:\/\/www.bienaldelchaco.org\/2022\/wp-json\/wp\/v2\/comments?post=10031"}],"version-history":[{"count":1,"href":"https:\/\/www.bienaldelchaco.org\/2022\/wp-json\/wp\/v2\/posts\/10031\/revisions"}],"predecessor-version":[{"id":10033,"href":"https:\/\/www.bienaldelchaco.org\/2022\/wp-json\/wp\/v2\/posts\/10031\/revisions\/10033"}],"wp:featuredmedia":[{"embeddable":true,"href":"https:\/\/www.bienaldelchaco.org\/2022\/wp-json\/wp\/v2\/media\/10032"}],"wp:attachment":[{"href":"https:\/\/www.bienaldelchaco.org\/2022\/wp-json\/wp\/v2\/media?parent=10031"}],"wp:term":[{"taxonomy":"category","embeddable":true,"href":"https:\/\/www.bienaldelchaco.org\/2022\/wp-json\/wp\/v2\/categories?post=10031"},{"taxonomy":"post_tag","embeddable":true,"href":"https:\/\/www.bienaldelchaco.org\/2022\/wp-json\/wp\/v2\/tags?post=10031"}],"curies":[{"name":"wp","href":"https:\/\/api.w.org\/{rel}","templated":true}]}}