{"id":10240,"date":"2022-07-25T09:42:19","date_gmt":"2022-07-25T12:42:19","guid":{"rendered":"https:\/\/www.bienaldelchaco.org\/2022\/?p=10240"},"modified":"2022-07-25T17:46:14","modified_gmt":"2022-07-25T20:46:14","slug":"bienal-de-arte-del-chaco-esculturas-como-parte-del-paisaje-cotidiano","status":"publish","type":"post","link":"https:\/\/www.bienaldelchaco.org\/2022\/bienal-de-arte-del-chaco-esculturas-como-parte-del-paisaje-cotidiano\/","title":{"rendered":"Bienal de Arte del Chaco: esculturas como parte del paisaje cotidiano"},"content":{"rendered":"<p>Toda la semana estuvo atravesada por numerosas actividades, con escultores de todo el mundo, recitales, obras de teatro y otras expresiones culturales.<\/p>\n<div class=\"col-md-12 col-xs-12\">\n<div class=\"bajada\">\n<div class=\"byline\"><\/div>\n<\/div>\n<\/div>\n<p><!--more-->[vc_row css_animation=&#8221;&#8221; row_type=&#8221;row&#8221; use_row_as_full_screen_section=&#8221;no&#8221; type=&#8221;full_width&#8221; angled_section=&#8221;no&#8221; text_align=&#8221;left&#8221; background_image_as_pattern=&#8221;without_pattern&#8221;][vc_column][vc_column_text]En un bar. En el hotel. En una esquina cualquiera. En una plaza. En el lugar menos pensado de Resistencia, incluso, se erige siempre una escultura. Puede ser peque\u00f1a, o inmensa, o de tama\u00f1o medio. Puede ser de madera, de metal, de piedra, de m\u00e1rmol, de alguna argamasa biodegradable\u2026 de una variopinta gama de materiales. Puede estar al lado de un \u00e1rbol, bajo el espejo del ba\u00f1o de un pub, tras la entrada de una pe\u00f1a folkl\u00f3rica, en la recepci\u00f3n del aeropuerto, o en la puerta de la cancha de Chaco For Ever, lo cierto es que todas ellas juntas y todo eso junto configura una pertenencia fuerte. Una identidad. Algo que identifica y destaca a esta bella y joven ciudad de las del resto del pa\u00eds. Justamente este v\u00ednculo vital, esta convivencia preciosa entre pueblo, arte y paisaje es lo que vino a ratificar la nueva edici\u00f3n \u2013la duod\u00e9cima de su rica historia&#8211; de la hoy llamada <b>Bienal de Arte del Chaco<\/b>. \u201cEn Resistencia, las estatuas no est\u00e1n enrejadas, ni valladas, no es necesario ir a un museo para verlas, forman parte de la cotidianeidad de la gente, est\u00e1n en parterres, esquinas, en la vereda del vecino. La comunidad abraz\u00f3 r\u00e1pidamente esta iniciativa\u201d, dijo Josese Eidman, cabeza visible de la Bienal desde la muerte de Fabriciano G\u00f3mez, en conferencia de prensa.<\/p>\n<div id=\"talkFireEvent\"><\/div>\n<p>Toda la ciudad, buena parte de la provincia y turistas procedentes de lugares m\u00e1s lejanos estuvieron en estado de movilizaci\u00f3n permanente,\u00a0<b>durante una semana atravesada por miles de actividades<\/b>. Acciones espont\u00e1neas, dis\u00edmiles, numerosas, casi imposibles de asir en sus verdaderas dimensiones. Se calcula que casi\u00a0<b>novecientas mil personas<\/b>\u00a0\u2013s\u00ed, eso\u2014pisaron las ocho hect\u00e1reas del Parque 2 de febrero durante siete d\u00edas, en busca de que le pasaran cosas. De dejarse sorprender. De sentirse parte de ese todo identitario. Y no solo en lo que compete espec\u00edficamente al encuentro (la escultura, porque as\u00ed la pens\u00f3 originalmente Fabriciano) sino tambi\u00e9n de mucho m\u00e1s. De eso que, de veras, es imposible de asir.<\/p>\n<p>Porque a la escultura la escolt\u00f3 la m\u00fasica &#8211;no hay como ella para convocar multitudes, claro&#8211;. As\u00ed se hizo, entre el s\u00e1bado 16 y este domingo, a trav\u00e9s de bandas, solistas y agrupaciones que emprendieron sonidos en uno de los sectores m\u00e1s concurridos de la Bienal: el Domo del Centenario. All\u00ed hubo para todos los gustos. De la\u00a0<b>Orquesta Sinf\u00f3nica del Chaco y el Coro Polif\u00f3nico de Resistencia juntos, recreando la Novena Sinfon\u00eda de Beethoven a orillas del R\u00edo Negro, al m\u00edtico Anacrusa de Jos\u00e9 Luis Casti\u00f1eira de Dios. De Peteco Carabajal al d\u00fao Baglietto-Vitale. O de Agarrate Catalina a Lucas Monz\u00f3n<\/b>, miles de personas disfrutaron de ellos en forma gratuita.<\/p>\n<p>Tambi\u00e9n de las actividades que fueron rodeando, como la cintura del r\u00edo, a la principal. Un mosaico ic\u00f3nico de sentidos esc\u00e9nicos a trav\u00e9s de obras de teatro, danza, t\u00edteres, circo, artesan\u00edas \u2013ind\u00edgenas y de las otras\u2014y todo tipo de expresiones art\u00edsticas urbanas y emergentes, que tambi\u00e9n dejar\u00e1 huellas de pertenencia en la ciudad. \u201cAspiramos a que esto se transforme en la Bariloche de los estudiantes de arte de todo el mundo, porque\u00a0<b>es realmente una primavera en medio del invierno\u201d, sorprendi\u00f3 Gaspar Garc\u00eda Daponte<\/b>, Director de Desarrollo Institucional de la \u2013organizadora&#8211; Fundaci\u00f3n Urunday, en busca de un desaf\u00edo que, de buscarse con el mismo empe\u00f1o que fundador, no estar\u00eda lejos de resultar real. \u201cLa idea que se tiene desde siempre en esta Bienal es la de la validez del arte como transformador social y cultural\u2026 de hecho, ella ha construido una sensibilidad art\u00edstica especial en la ciudad\u201d, sostuvo Daponte.<\/p>\n<div align=\"center\"><\/div>\n<p><img loading=\"lazy\" decoding=\"async\" class=\"size-full wp-image-10242 alignnone\" src=\"https:\/\/www.bienaldelchaco.org\/2022\/wp-content\/uploads\/2022\/07\/591419-bienal-202.jpg\" alt=\"\" width=\"894\" height=\"596\" srcset=\"https:\/\/www.bienaldelchaco.org\/2022\/wp-content\/uploads\/2022\/07\/591419-bienal-202.jpg 894w, https:\/\/www.bienaldelchaco.org\/2022\/wp-content\/uploads\/2022\/07\/591419-bienal-202-300x200.jpg 300w, https:\/\/www.bienaldelchaco.org\/2022\/wp-content\/uploads\/2022\/07\/591419-bienal-202-768x512.jpg 768w, https:\/\/www.bienaldelchaco.org\/2022\/wp-content\/uploads\/2022\/07\/591419-bienal-202-391x260.jpg 391w, https:\/\/www.bienaldelchaco.org\/2022\/wp-content\/uploads\/2022\/07\/591419-bienal-202-700x467.jpg 700w\" sizes=\"(max-width: 894px) 100vw, 894px\" \/>Otro de los grandes aciertos de este descomunal acontecimiento art\u00edstico result\u00f3 el\u00a0<b>Plan Integral para Discapacitados motorizado<\/b>\u00a0por Francisco \u201cCorcho\u201d Ben\u00edtez y la gente del Centro Cultural Alternativo (CECUAL) otro emblema del arte popular de Resistencia. Estructurado en cuatro ejes (capacitaci\u00f3n, contenidos, comunicaci\u00f3n e infraestructura) el plan inclusivo hizo que, entre los miles y miles de seres trashumando por el predio, circulara una gran cantidad de personas con capacidades diferentes para \u2013tambi\u00e9n&#8211; disfrutar del arte popular en altas dosis.<\/p>\n<p>Entre polvos, motosierras, pueblo puro, arena y mascarillas, entonces. Entre fr\u00edos y calores \u2013porque la Bienal arranc\u00f3 medio helada y termin\u00f3 con 30 grados a la sombra\u2014 transcurri\u00f3 el arte central, el que lo vio nacer. La entra\u00f1a. Por un lado, el certamen internacional del que participaron diez estetas de sendos pa\u00edses (Genti Tavanxhiu, de Albania; Verena Mayer-Tasch, de Alemania; Juan Pablo Marturano, de Argentina; Sondong Choe, de Corea del Sur; Arijel Strukelj, de Eslovenia; Jhon Gogaberishvili, de Georgia; David Mart\u00ednez Bucio, de M\u00e9xico; Ebru Akinci, de Turqu\u00eda; y Ihor Tkachivskyi, de Ucrania. Y\u00a0<b>el ganador Peter Virgiliu Mogosanu, de Rumania, por la obra &#8220;La naturaleza y sus tensiones&#8221;.<\/b><\/p>\n<p>Por otro, el Premio Desaf\u00edo que tuvo como protagonistas a estudiantes de arte de todo el pa\u00eds. Tales tuvieron que esculpir una obra en madera durante 48 horas y los ganadores fueron\u00a0<b>Ernesto Sosa, Benito Binder y Ricardo Ruiz<\/b>\u00a0&#8211;tres estudiantes del Instituto Superior del Profesorado de Ense\u00f1anza Art\u00edstica Alfredo P\u00e9rtile, del Chaco\u2014 quienes trabajaron una obra en homenaje a Fabriciano.[\/vc_column_text][\/vc_column][\/vc_row][vc_row css_animation=&#8221;&#8221; row_type=&#8221;row&#8221; use_row_as_full_screen_section=&#8221;no&#8221; type=&#8221;full_width&#8221; angled_section=&#8221;no&#8221; text_align=&#8221;left&#8221; background_image_as_pattern=&#8221;without_pattern&#8221;][vc_column][vc_empty_space][vc_column_text]Fuente:\u00a0 <a href=\"https:\/\/www.pagina12.com.ar\/439630-bienal-de-arte-del-chaco-esculturas-como-parte-del-paisaje-c?fbclid=IwAR0TETrRuyje38fvu2n3opjPhF160zABs6UP6iau6sbTTbLSkWR9rhT2vhw\" target=\"_blank\" rel=\"noopener\">https:\/\/www.pagina12.com.ar\/439630-bienal-de-arte-del-chaco-esculturas-como-parte-del-paisaje-c?fbclid=IwAR0TETrRuyje38fvu2n3opjPhF160zABs6UP6iau6sbTTbLSkWR9rhT2vhw<\/a>[\/vc_column_text][vc_empty_space][\/vc_column][\/vc_row]\n","protected":false},"excerpt":{"rendered":"<p>Toda la semana estuvo atravesada por numerosas actividades, con escultores de todo el mundo, recitales, obras de teatro y otras expresiones culturales.<\/p>\n","protected":false},"author":3,"featured_media":10241,"comment_status":"closed","ping_status":"closed","sticky":false,"template":"","format":"standard","meta":{"footnotes":""},"categories":[6],"tags":[],"_links":{"self":[{"href":"https:\/\/www.bienaldelchaco.org\/2022\/wp-json\/wp\/v2\/posts\/10240"}],"collection":[{"href":"https:\/\/www.bienaldelchaco.org\/2022\/wp-json\/wp\/v2\/posts"}],"about":[{"href":"https:\/\/www.bienaldelchaco.org\/2022\/wp-json\/wp\/v2\/types\/post"}],"author":[{"embeddable":true,"href":"https:\/\/www.bienaldelchaco.org\/2022\/wp-json\/wp\/v2\/users\/3"}],"replies":[{"embeddable":true,"href":"https:\/\/www.bienaldelchaco.org\/2022\/wp-json\/wp\/v2\/comments?post=10240"}],"version-history":[{"count":1,"href":"https:\/\/www.bienaldelchaco.org\/2022\/wp-json\/wp\/v2\/posts\/10240\/revisions"}],"predecessor-version":[{"id":10243,"href":"https:\/\/www.bienaldelchaco.org\/2022\/wp-json\/wp\/v2\/posts\/10240\/revisions\/10243"}],"wp:featuredmedia":[{"embeddable":true,"href":"https:\/\/www.bienaldelchaco.org\/2022\/wp-json\/wp\/v2\/media\/10241"}],"wp:attachment":[{"href":"https:\/\/www.bienaldelchaco.org\/2022\/wp-json\/wp\/v2\/media?parent=10240"}],"wp:term":[{"taxonomy":"category","embeddable":true,"href":"https:\/\/www.bienaldelchaco.org\/2022\/wp-json\/wp\/v2\/categories?post=10240"},{"taxonomy":"post_tag","embeddable":true,"href":"https:\/\/www.bienaldelchaco.org\/2022\/wp-json\/wp\/v2\/tags?post=10240"}],"curies":[{"name":"wp","href":"https:\/\/api.w.org\/{rel}","templated":true}]}}