{"id":10267,"date":"2022-07-13T14:23:53","date_gmt":"2022-07-13T17:23:53","guid":{"rendered":"https:\/\/www.bienaldelchaco.org\/2022\/?p=10267"},"modified":"2022-07-26T14:27:41","modified_gmt":"2022-07-26T17:27:41","slug":"senal-de-largada-para-la-bienal-de-chaco-una-de-las-tres-mejores-del-mundo-por-su-competencia-a-cielo-abierto","status":"publish","type":"post","link":"https:\/\/www.bienaldelchaco.org\/2022\/senal-de-largada-para-la-bienal-de-chaco-una-de-las-tres-mejores-del-mundo-por-su-competencia-a-cielo-abierto\/","title":{"rendered":"Se\u00f1al de largada para la Bienal de Chaco, una de las tres mejores del mundo por su competencia a cielo abierto"},"content":{"rendered":"<div class=\"entry-title col-lg-6 col-md-12 col-sm-12 col-xs-12\">\n<div class=\"bajada\">\n<p>Se realizar\u00e1 en Resistencia entre el 16 y el 23 de julio. Participar\u00e1n 10 escultores que trabajar\u00e1n sobre m\u00e1rmol extra\u00eddo de San Juan.<\/p>\n<\/div>\n<\/div>\n<div id=\"galeria-trigger\" class=\"entry-media no-p main-image pointer col-lg-12 col-md-12 \"><picture class=\"ppalFigure clip lazy_2\"><source srcset=\"https:\/\/www.clarin.com\/img\/2022\/07\/12\/bienal-de-chaco-gentileza___33Y2lYPcZ_1256x620__1.jpg\" media=\"(min-width: 720px)\" \/><\/picture><\/div>\n<div class=\"col-md-12 col-xs-12\">\n<div class=\"bajada\">\n<div class=\"byline\"><\/div>\n<\/div>\n<\/div>\n<p><!--more-->[vc_row css_animation=&#8221;&#8221; row_type=&#8221;row&#8221; use_row_as_full_screen_section=&#8221;no&#8221; type=&#8221;full_width&#8221; angled_section=&#8221;no&#8221; text_align=&#8221;left&#8221; background_image_as_pattern=&#8221;without_pattern&#8221;][vc_column][vc_column_text]La <strong>XII Bienal de Chaco<\/strong>, una manifestaci\u00f3n internacional de<strong>\u00a0arte contempor\u00e1neo a cielo abierto<\/strong>\u00a0que re\u00fane a un variado grupo de artistas de todo el mundo, tendr\u00e1 lugar en Resistencia,\u00a0<strong>del 16 al 23 de julio,<\/strong>\u00a0en el predio de 14 hect\u00e1reas del parque 2 de Febrero.<\/p>\n<div id=\"div-gpt-ad-inread\" class=\"ad-slot \" data-adtype=\"inread\" data-google-query-id=\"CI314eWIl_kCFQEduQYdEmYB6w\">\n<div id=\"google_ads_iframe_\/242767168\/clarin\/cultura\/nota\/inread_0__container__\"><iframe id=\"google_ads_iframe_\/242767168\/clarin\/cultura\/nota\/inread_0\" tabindex=\"0\" title=\"3rd party ad content\" role=\"region\" name=\"google_ads_iframe_\/242767168\/clarin\/cultura\/nota\/inread_0\" width=\"600\" height=\"338\" frameborder=\"0\" marginwidth=\"0\" marginheight=\"0\" scrolling=\"no\" aria-label=\"Advertisement\" data-google-container-id=\"f\" data-load-complete=\"true\" data-mce-fragment=\"1\"><\/iframe><\/div>\n<\/div>\n<p>En esta edici\u00f3n,\u00a0organizada por la\u00a0<strong>Fundaci\u00f3n Urunday y el Gobierno de la provincia del Chaco,\u00a0participar\u00e1n diez escultores:\u00a0<\/strong>de Albania, Genti Tavanxhiu; de Alemania, Verena Mayer-Tasch; de Argentina, Juan Pablo Marturano; de M\u00e9xico, David Bucio; de Corea del Sur, Sodong Choe; de Eslovenia, Arijel Strukelj; de Georgia, Jhon Gogaberishvili; de Ruman\u00eda, Petre Virgiliu Mogosanu; de Turqu\u00eda, Ebru Akinci y de Ucrania, Ihor Tkachivskyi.<\/p>\n<p>Durante una semana\u00a0<strong>estos invitados trabajar\u00e1n a cielo abierto\u00a0<\/strong>y a la vista del p\u00fablico,\u00a0<strong>sobre m\u00e1rmol travertino\u00a0<\/strong>extra\u00eddo de las canteras de la provincia de San Juan y de un importante tama\u00f1o: 1,50 x 0,60 x 0,60.<\/p>\n<p>Este a\u00f1o, el jurado est\u00e1 integrado por Le\u00f3n Saavedra Geuer, de Bolivia, Francisco Gazitua, de Chile y Todor Todorov, de Bulgaria.<\/p>\n<p>Esta Bienal est\u00e1\u00a0<a href=\"https:\/\/www.clarin.com\/cultura\/vuelve-bienal-escultura-chaco-homenaje-creador-fabriciano-gomez_0_SeaPBxRO3S.html\" target=\"_blank\" rel=\"noopener\" data-cke-saved-href=\"https:\/\/www.clarin.com\/cultura\/vuelve-bienal-escultura-chaco-homenaje-creador-fabriciano-gomez_0_SeaPBxRO3S.html\"><strong>catalogada entre las tres mejores del mundo<\/strong><\/a>\u00a0por su caracter\u00edstica de competencia a cielo abierto.<\/p>\n<div class=\"sp__Normal\">\n<div class=\"image-embeb image-trigger pointer\" data-index=\"1\"><img loading=\"lazy\" decoding=\"async\" class=\"size-full wp-image-10269 alignnone\" src=\"https:\/\/www.bienaldelchaco.org\/2022\/wp-content\/uploads\/2022\/07\/la-bienal-de-chaco-se___i0-vUZ_Xi_720x0__1.jpg\" alt=\"\" width=\"720\" height=\"405\" srcset=\"https:\/\/www.bienaldelchaco.org\/2022\/wp-content\/uploads\/2022\/07\/la-bienal-de-chaco-se___i0-vUZ_Xi_720x0__1.jpg 720w, https:\/\/www.bienaldelchaco.org\/2022\/wp-content\/uploads\/2022\/07\/la-bienal-de-chaco-se___i0-vUZ_Xi_720x0__1-300x169.jpg 300w, https:\/\/www.bienaldelchaco.org\/2022\/wp-content\/uploads\/2022\/07\/la-bienal-de-chaco-se___i0-vUZ_Xi_720x0__1-700x394.jpg 700w, https:\/\/www.bienaldelchaco.org\/2022\/wp-content\/uploads\/2022\/07\/la-bienal-de-chaco-se___i0-vUZ_Xi_720x0__1-539x303.jpg 539w\" sizes=\"(max-width: 720px) 100vw, 720px\" \/><br \/>\nLa Bienal de Chaco se realizar\u00e1 del 16 al 23 de julio, en el predio de 14 hect\u00e1reas del parque 2 de Febrero, en Resistencia. Gentileza<\/div>\n<\/div>\n<p>&nbsp;<\/p>\n<p>Adem\u00e1s, es \u00fanica en su concepci\u00f3n virtuosa, ya que las esculturas realizadas por afamados artistas del mundo tienen por destino el espacio p\u00fablico de la ciudad.<\/p>\n<p>De este modo, enriquece el acervo escult\u00f3rico de la proclamada<strong>\u00a0&#8220;capital nacional de las esculturas&#8221;<\/strong>: 652 piezas adornan sus aceras y parques (500 de ellas son producto de los concursos de esculturas y bienales).<\/p>\n<p>Entre las muchas actividades que tendr\u00e1n lugar en esta edici\u00f3n, se destacan el Congreso Internacional de Artes, un seminario de Arte, Derecho, Patrimonio y Urbanismo, un festival Filarm\u00f3nico Juvenil y distintos cursos, talleres y conferencias magistrales acad\u00e9micas.<\/p>\n<p>Una de las actividades m\u00e1s esperadas de la<strong>\u00a0Bienal del Chaco es el Premio Desaf\u00edo \u201cHierros L\u00edder\u201d,\u00a0<\/strong>un concurso que ya es un cl\u00e1sico de las bienales y que produce una gran expectativa en las academias y facultades de arte del pa\u00eds. Un verdadero desaf\u00edo que tiene por protagonistas a estudiantes avanzados de carreras de arte, con la consigna de realizar una escultura en el transcurso de 48 horas seguidas.<\/p>\n<p>Con un promedio de participaci\u00f3n de 20 provincias argentinas los equipo se conforman de 3 miembros, uno de los cuales, es capit\u00e1n. Trabajan una madera dura o semidura en un espacio a cielo abierto y bajo cualquier circunstancia clim\u00e1tica por el lapso de 48 horas corridas.<\/p>\n<p>La grilla art\u00edstica se completa con dos muestras tradicionales \u201cExpresiones escult\u00f3ricas chaque\u00f1as\u201d de la Asociaci\u00f3n de Escultores Chaque\u00f1os y la exposici\u00f3n &#8220;Escultores del mundo&#8221; con obras en peque\u00f1o formato de los artistas que compiten en la Bienal.<\/p>\n<div class=\"sp__Normal\">\n<div class=\"image-embeb image-trigger pointer\" data-index=\"2\"><img loading=\"lazy\" decoding=\"async\" class=\"size-full wp-image-10270 alignnone\" src=\"https:\/\/www.bienaldelchaco.org\/2022\/wp-content\/uploads\/2022\/07\/participaran-diez-escultores-que-trabajaran___2BI4JhZN1_720x0__1.jpg\" alt=\"\" width=\"720\" height=\"405\" srcset=\"https:\/\/www.bienaldelchaco.org\/2022\/wp-content\/uploads\/2022\/07\/participaran-diez-escultores-que-trabajaran___2BI4JhZN1_720x0__1.jpg 720w, https:\/\/www.bienaldelchaco.org\/2022\/wp-content\/uploads\/2022\/07\/participaran-diez-escultores-que-trabajaran___2BI4JhZN1_720x0__1-300x169.jpg 300w, https:\/\/www.bienaldelchaco.org\/2022\/wp-content\/uploads\/2022\/07\/participaran-diez-escultores-que-trabajaran___2BI4JhZN1_720x0__1-700x394.jpg 700w, https:\/\/www.bienaldelchaco.org\/2022\/wp-content\/uploads\/2022\/07\/participaran-diez-escultores-que-trabajaran___2BI4JhZN1_720x0__1-539x303.jpg 539w\" sizes=\"(max-width: 720px) 100vw, 720px\" \/><br \/>\nParticipar\u00e1n diez escultores que trabajar\u00e1n a cielo abierto y a la vista del p\u00fablico, sobre m\u00e1rmol travertino extra\u00eddo de San Juan.<\/div>\n<\/div>\n<p>&nbsp;<\/p>\n<p>Las artes esc\u00e9nicas es otro plato fuerte de la bienal chaque\u00f1a y para ello se han dise\u00f1ado cinco escenarios en el predio. El teatro, la m\u00fasica y la danza tienen en todas las jornadas presencia generosa. Algunas de las estrellas son el Ballet Ferrazano, la compa\u00f1\u00eda Duartango, La Fundaci\u00f3n Cultural Galatea, la obra \u201cSomos Chac\u00fa\u201d compuesta por el Ballet Contempor\u00e1neo del Chaco y el Coro Chelaalapi, Anacrusa con Jos\u00e9 Luis Casti\u00f1eira de Dios y Nahuel Pennisi.<\/p>\n<p>Adem\u00e1s, se interpretar\u00e1 la Novena Sinfon\u00eda de Beethoven, una producci\u00f3n de la Orquesta Sinf\u00f3nica Del Chaco Y El Coro Polifonico De Resistencia.<\/p>\n<p>El compromiso de la Bienal con la reafirmaci\u00f3n de la identidad cultural y la protecci\u00f3n de nuestros valores y saberes se materializa, una vez m\u00e1s, en el 5\u00ba Encuentro de Maestros Artesanos Argentinos y el 7\u00ba Encuentro de Artesanos de Pueblos Originarios.<\/p>\n<p>Participan m\u00e1s de<strong>\u00a050 Maestros Artesanos de Argentina<\/strong>\u00a0e invitados especiales de distintos pa\u00edses, teniendo el privilegio nuestra provincia de tener renombrados y premiados maestros artesanos de pueblos originarios.<\/p>\n<p>En esta vertiente se acopla la participaci\u00f3n de una Feria de Dise\u00f1o, Gastronom\u00eda Regional y una Expo Industria y Comercio, que re\u00fane a m\u00e1s de 400 expositores.<\/p>\n<p>Todas las actividades y propuestas son\u00a0<strong>de acceso libre y gratuito.<\/strong><\/p>\n<h2>Agenda?<\/h2>\n<ul>\n<li><strong>S\u00e1bado 16.\u00a0<\/strong>A\u00a0las 20.30, se interpretar\u00e1 la Novena Sinfon\u00eda de Beethoven a cargo de la Orquesta Sinf\u00f3nica de la provincia y el Coro Polif\u00f3nico de Resistencia, bajo la batuta del director Jorge Dumont.<\/li>\n<\/ul>\n<ul>\n<li>Hora antes, se inaugurar\u00e1 en el Museum (Av. de los Inmigrantes 1001)\u00a0la exposici\u00f3n de la Asociaci\u00f3n de Escultores Chaque\u00f1os (AECH), una muestra que re\u00fane obras y expresa la personalidad de los m\u00e1s destacados escultores chaque\u00f1os contempor\u00e1neos.<\/li>\n<\/ul>\n<ul>\n<li><strong>Domingo 17.<\/strong>\u00a0A\u00a0las 8.30, inicio de la competencia de diez escultores del mundo. Tambi\u00e9n arranca el Encuentro de Escultores Invitados, el Encuentro de Maestros Artesanos Argentinos y el Encuentro de Artesanos de Pueblos Originarios.<br \/>\n?<\/li>\n<li>A las 9, inaugura la Exposici\u00f3n Asociaci\u00f3n Escultores Chaque\u00f1os, en el hall del Domo del Centenario. Desde las 14, en el escenario Anfiteatro, arrancar\u00e1 &#8220;Agit\u00e1 la Bienal. Expresiones art\u00edsticas urbanas y emergentes&#8221;.<\/li>\n<\/ul>\n<ul>\n<li><strong>Lunes 18.<\/strong>\u00a0A\u00a0las 20.30, en el Domo del Centenario ser\u00e1 la hora de &#8220;Anacrusa&#8221;, la m\u00edtica agrupaci\u00f3n con la direcci\u00f3n de Jos\u00e9 Luis Casti\u00f1eira de Dios y en escenario Central (Pista Atletismo), desde las 22, se podr\u00e1 disfrutar del recital: Zoe Gotusso y Maxi Pachecoy.<\/li>\n<\/ul>\n<ul>\n<li><strong>Martes 19.\u00a0<\/strong>A las 9, tendr\u00e1 lugar el acto de apertura del Premio Desaf\u00edo &#8220;Hierros L\u00edder&#8221; en el Predio Bienal. A las 20.30, Gala de Ganadores Festivales Nacionales 2022 en el Domo del Centenario. Y a las 22, recital de Peteco Carabajal y Lucas Monz\u00f3n en el Escenario Central.<\/li>\n<\/ul>\n<ul>\n<li><strong>Mi\u00e9rcoles 20.<\/strong>\u00a0A\u00a0las 9, se lanza el Congreso Internacional de Artes. A las 18:30, inauguraci\u00f3n de la escultura en arena del artista Alejandro Arce, en el predio. A las 20.30, se presentar\u00e1 el Ballet Bagual Fuentes en el Domo del Centenario. Y a las 22, recital de Juan Carlos Baglietto, Lito Vitale y Stratus.<\/li>\n<\/ul>\n<ul>\n<li><strong>Jueves 21.<\/strong>\u00a0A\u00a0las 17, acto de cierre y proclamaci\u00f3n de los ganadores del Premio Desaf\u00edo &#8220;Hierros L\u00edder&#8221;. A las 20.30 en el Domo del Centenario, subir\u00e1 al escenario el Ballet Ferrazzano; a las 22, en el escenario Central (Pista Atletismo), recital de Miss Bolivia y Las Guaynas Por\u00e1 y Parias.<\/li>\n<\/ul>\n<ul>\n<li><strong>Viernes 22.\u00a0<\/strong>A\u00a0las 20.30, en el Domo del Centenario, tendr\u00e1 lugar el Concierto Ensamble Filarm\u00f3nico &#8211; Festival Filarm\u00f3nico Juvenil &#8211; Fundaci\u00f3n Pradier Redes Culturales. A las 22, la presencia de Agarrate Catalina (La Murga) y Lucas Segovia.<\/li>\n<\/ul>\n<ul>\n<li><strong>S\u00e1bado 23.\u00a0<\/strong>A las 19 culminar\u00e1 la competencia internacional con el Acto de Cierre Bienal 2022 y entrega de premios. A continuaci\u00f3n se realizar\u00e1 el lanzamiento Bienal 2024. A las 21.15 en el Predio Bienal se pondr\u00e1 en escena la obra &#8220;Somos Chac\u00fa&#8221;, a cargo del Ballet Contempor\u00e1neo del Chaco y el Coro Chelaalapi.<\/li>\n<\/ul>\n<ul>\n<li><strong>Domingo 24.\u00a0<\/strong>Cierre a partir de las 19:15, La Delio Valdez, N\u00e9stor Lo y La Gavilan Otras actividades La Bienal tendr\u00e1 otras opciones aleatorias en escenarios naturales. Los d\u00edas 16, 18 y 20 , a las 16.15 y 17.15, habr\u00e1n clases abiertas de Tai Chi Chuang tradicional.<\/li>\n<\/ul>\n<ul>\n<li>Asimismo, en el Predio Bienal, zona fuente aguas danzantes, del 16 al 24, a las 15 y 16 se desarrollar\u00e1 plaza diversa con la coordinaci\u00f3n del Cecual.<\/li>\n<\/ul>\n<ul>\n<li>Los d\u00edas 17, 19, 21,23 a las 17 y 18, se dictar\u00e1n clases de Colump Dance a cargo de Anal\u00eda Su\u00e1rez, en zona de ingreso al Domo.<\/li>\n<\/ul>\n<ul>\n<li>Los d\u00edas 19 y 22 de julio, a las 16.15 y 17.15, en zona de fuente aguas danzantes, dictar\u00e1n clases el grupo folcl\u00f3rico adultos mayores &#8220;Latido de tradici\u00f3n&#8221;.<\/li>\n<\/ul>\n<ul>\n<li>El 17 y 23 de Julio a las 16 y 17, propuestas de &#8220;Chaque el circo&#8221;, en zona de fuente de aguas danzantes.<\/li>\n<\/ul>\n[\/vc_column_text][\/vc_column][\/vc_row][vc_row css_animation=&#8221;&#8221; row_type=&#8221;row&#8221; use_row_as_full_screen_section=&#8221;no&#8221; type=&#8221;full_width&#8221; angled_section=&#8221;no&#8221; text_align=&#8221;left&#8221; background_image_as_pattern=&#8221;without_pattern&#8221;][vc_column][vc_empty_space][vc_column_text]Fuente:\u00a0 <a href=\"https:\/\/www.clarin.com\/cultura\/senal-largada-bienal-chaco-considerada-mejores-mundo-competencia-cielo-abierto_0_14uLrlt6C4.html\" target=\"_blank\" rel=\"noopener\">https:\/\/www.clarin.com\/cultura\/senal-largada-bienal-chaco-considerada-mejores-mundo-competencia-cielo-abierto_0_14uLrlt6C4.html<\/a>[\/vc_column_text][vc_empty_space][\/vc_column][\/vc_row]\n","protected":false},"excerpt":{"rendered":"<p>Se realizar\u00e1 en Resistencia entre el 16 y el 23 de julio. Participar\u00e1n 10 escultores que trabajar\u00e1n sobre m\u00e1rmol extra\u00eddo de San Juan.<\/p>\n","protected":false},"author":3,"featured_media":10268,"comment_status":"closed","ping_status":"closed","sticky":false,"template":"","format":"standard","meta":{"footnotes":""},"categories":[6],"tags":[],"_links":{"self":[{"href":"https:\/\/www.bienaldelchaco.org\/2022\/wp-json\/wp\/v2\/posts\/10267"}],"collection":[{"href":"https:\/\/www.bienaldelchaco.org\/2022\/wp-json\/wp\/v2\/posts"}],"about":[{"href":"https:\/\/www.bienaldelchaco.org\/2022\/wp-json\/wp\/v2\/types\/post"}],"author":[{"embeddable":true,"href":"https:\/\/www.bienaldelchaco.org\/2022\/wp-json\/wp\/v2\/users\/3"}],"replies":[{"embeddable":true,"href":"https:\/\/www.bienaldelchaco.org\/2022\/wp-json\/wp\/v2\/comments?post=10267"}],"version-history":[{"count":1,"href":"https:\/\/www.bienaldelchaco.org\/2022\/wp-json\/wp\/v2\/posts\/10267\/revisions"}],"predecessor-version":[{"id":10271,"href":"https:\/\/www.bienaldelchaco.org\/2022\/wp-json\/wp\/v2\/posts\/10267\/revisions\/10271"}],"wp:featuredmedia":[{"embeddable":true,"href":"https:\/\/www.bienaldelchaco.org\/2022\/wp-json\/wp\/v2\/media\/10268"}],"wp:attachment":[{"href":"https:\/\/www.bienaldelchaco.org\/2022\/wp-json\/wp\/v2\/media?parent=10267"}],"wp:term":[{"taxonomy":"category","embeddable":true,"href":"https:\/\/www.bienaldelchaco.org\/2022\/wp-json\/wp\/v2\/categories?post=10267"},{"taxonomy":"post_tag","embeddable":true,"href":"https:\/\/www.bienaldelchaco.org\/2022\/wp-json\/wp\/v2\/tags?post=10267"}],"curies":[{"name":"wp","href":"https:\/\/api.w.org\/{rel}","templated":true}]}}