{"id":10281,"date":"2022-07-11T14:58:49","date_gmt":"2022-07-11T17:58:49","guid":{"rendered":"https:\/\/www.bienaldelchaco.org\/2022\/?p=10281"},"modified":"2022-07-26T15:08:16","modified_gmt":"2022-07-26T18:08:16","slug":"vuelve-el-acontecimiento-cultural-mas-original-e-internacional-del-arte-argentino-la-bienal-de-escultura-de-chaco","status":"publish","type":"post","link":"https:\/\/www.bienaldelchaco.org\/2022\/vuelve-el-acontecimiento-cultural-mas-original-e-internacional-del-arte-argentino-la-bienal-de-escultura-de-chaco\/","title":{"rendered":"Vuelve el acontecimiento cultural m\u00e1s original e internacional del arte argentino: la Bienal de Escultura de Chaco"},"content":{"rendered":"<div class=\"entry-title col-lg-6 col-md-12 col-sm-12 col-xs-12\">\n<div class=\"bajada\">\n<p class=\"article-subheadline\">Desde el pr\u00f3ximo s\u00e1bado 16 de julio y durante toda una semana, Resistencia ser\u00e1 un taller a cielo abierto donde artistas de todo el mundo esculpir\u00e1n sus obras frente al p\u00fablico en un certamen de prestigio mundial<\/p>\n<div class=\"byline\"><\/div>\n<\/div>\n<\/div>\n<p><!--more-->[vc_row css_animation=&#8221;&#8221; row_type=&#8221;row&#8221; use_row_as_full_screen_section=&#8221;no&#8221; type=&#8221;full_width&#8221; angled_section=&#8221;no&#8221; text_align=&#8221;left&#8221; background_image_as_pattern=&#8221;without_pattern&#8221;][vc_column][vc_column_text]\n<p class=\"paragraph\">Luego de una suspensi\u00f3n en 2020 por las restricciones que impuso la pandemia de Covid 19, este a\u00f1o\u00a0<b>Chaco retoma la tradici\u00f3n de la Bienal Internacional de Escultura\u00a0<\/b>que, como siempre, tiene lugar durante las vacaciones de invierno en las 14 hect\u00e1reas del predio ubicado en el parque 2 de Febrero de la ciudad de Resistencia.<\/p>\n<p class=\"paragraph\">La Bienal Internacional de Escultura es<b>\u00a0una manifestaci\u00f3n de arte contempor\u00e1neo que re\u00fane a artistas y p\u00fablico en un mismo espacio<\/b>, y cuya convocatoria es verdaderamente masiva y diversa, desde el punto de vista social, geogr\u00e1fico y etario.<\/p>\n<p class=\"paragraph\">La excepcionalidad de la bienal chaque\u00f1a es que se trata de\u00a0<b>una competencia escult\u00f3rica que se desarrolla ante la mirada del p\u00fablico<\/b>\u00a0en un predio junto al R\u00edo Negro donde\u00a0<b>10 artistas de nivel internacional\u00a0<\/b>compiten en igualdad de condiciones y con el mismo material y tem\u00e1tica, esculpiendo su obra en el plazo de tiempo fijado: los 7 d\u00edas de esa semana, en un espacio com\u00fan e interactuando con los visitantes, que\u00a0<b>pueden dialogar con ellos, preguntar, aprender y, finalmente, votar<\/b>, ya que, adem\u00e1s del premio del jurado de expertos, hay un premio del p\u00fablico.<\/p>\n<div class=\"visual__image\"><img loading=\"lazy\" decoding=\"async\" class=\"size-full wp-image-10282 alignnone\" src=\"https:\/\/www.bienaldelchaco.org\/2022\/wp-content\/uploads\/2022\/07\/JDEF36BWVFCD5OQVRPGFXCNTLI.jpg\" alt=\"\" width=\"992\" height=\"558\" srcset=\"https:\/\/www.bienaldelchaco.org\/2022\/wp-content\/uploads\/2022\/07\/JDEF36BWVFCD5OQVRPGFXCNTLI.jpg 992w, https:\/\/www.bienaldelchaco.org\/2022\/wp-content\/uploads\/2022\/07\/JDEF36BWVFCD5OQVRPGFXCNTLI-300x169.jpg 300w, https:\/\/www.bienaldelchaco.org\/2022\/wp-content\/uploads\/2022\/07\/JDEF36BWVFCD5OQVRPGFXCNTLI-768x432.jpg 768w, https:\/\/www.bienaldelchaco.org\/2022\/wp-content\/uploads\/2022\/07\/JDEF36BWVFCD5OQVRPGFXCNTLI-700x394.jpg 700w, https:\/\/www.bienaldelchaco.org\/2022\/wp-content\/uploads\/2022\/07\/JDEF36BWVFCD5OQVRPGFXCNTLI-539x303.jpg 539w\" sizes=\"(max-width: 992px) 100vw, 992px\" \/>Un artista en plena tarea (foto de archivo)<\/div>\n<p class=\"paragraph\">La Bienal Internacional de Escultura de Resistencia est\u00e1\u00a0<b>catalogada entre las tres mejores bienales del mundo<\/b>\u00a0bajo la caracter\u00edstica de competencia a cielo abierto, pero \u00e9sta tiene un aspecto peculiar, dado que<b>\u00a0las esculturas creadas in situ por los artistas quedan luego instaladas en veredas y plazas de la ciudad.<\/b>\u00a0Esto se inscribe en una\u00a0<b>tradici\u00f3n hist\u00f3rica de Resistencia, bautizada como Capital Nacional de las Esculturas,<\/b>\u00a0que es previa a la Bienal, y que surgi\u00f3 por iniciativa de un grupo de vecinos -los creadores y animadores del\u00a0<b>Fog\u00f3n de los Arrieros<\/b>, una suerte de club, caf\u00e9-concert, museo y centro cultural- que promovieron la instalaci\u00f3n de esculturas a trav\u00e9s de su compra por vecinos que, a cambio de donarlas a la ciudad, pod\u00edan instalarlas en sus veredas. Con este\u00a0<b>original sistema de mecenazgo<\/b>, las calles de Resistencia se fueron llenando de obras de arte.<\/p>\n<div class=\"visual__image\"><img loading=\"lazy\" decoding=\"async\" class=\"size-full wp-image-10291 alignnone\" src=\"https:\/\/www.bienaldelchaco.org\/2022\/wp-content\/uploads\/2022\/07\/SAGPLBIPNFC75IMZSYBXRD347E.jpg\" alt=\"\" width=\"992\" height=\"558\" srcset=\"https:\/\/www.bienaldelchaco.org\/2022\/wp-content\/uploads\/2022\/07\/SAGPLBIPNFC75IMZSYBXRD347E.jpg 992w, https:\/\/www.bienaldelchaco.org\/2022\/wp-content\/uploads\/2022\/07\/SAGPLBIPNFC75IMZSYBXRD347E-300x169.jpg 300w, https:\/\/www.bienaldelchaco.org\/2022\/wp-content\/uploads\/2022\/07\/SAGPLBIPNFC75IMZSYBXRD347E-768x432.jpg 768w, https:\/\/www.bienaldelchaco.org\/2022\/wp-content\/uploads\/2022\/07\/SAGPLBIPNFC75IMZSYBXRD347E-700x394.jpg 700w, https:\/\/www.bienaldelchaco.org\/2022\/wp-content\/uploads\/2022\/07\/SAGPLBIPNFC75IMZSYBXRD347E-539x303.jpg 539w\" sizes=\"(max-width: 992px) 100vw, 992px\" \/>Hasta el R\u00edo Negro se engalana para el acontecimiento (archivo)<\/div>\n<p class=\"paragraph\">En 1988 surgi\u00f3 la idea del concurso de esculturas, que\u00a0<b>primero fue nacional y se llevaba a cabo en la plaza central de Resistencia,\u00a0<\/b>y luego fue creciendo hasta volverse internacional y obtener un predio propio. La Bienal\u00a0<b>acrecent\u00f3 aun m\u00e1s el acervo escult\u00f3rico de Resistencia, con 650 piezas en sus veredas y parques<\/b>\u00a0(de las cuales m\u00e1s de 500 son producto de los concursos de esculturas).<\/p>\n<div class=\"visual__image\"><img loading=\"lazy\" decoding=\"async\" class=\"size-full wp-image-10292 alignnone\" src=\"https:\/\/www.bienaldelchaco.org\/2022\/wp-content\/uploads\/2022\/07\/SGTZ7HFWBVAWVCIR3MFB5KVEQE.jpg\" alt=\"\" width=\"992\" height=\"558\" srcset=\"https:\/\/www.bienaldelchaco.org\/2022\/wp-content\/uploads\/2022\/07\/SGTZ7HFWBVAWVCIR3MFB5KVEQE.jpg 992w, https:\/\/www.bienaldelchaco.org\/2022\/wp-content\/uploads\/2022\/07\/SGTZ7HFWBVAWVCIR3MFB5KVEQE-300x169.jpg 300w, https:\/\/www.bienaldelchaco.org\/2022\/wp-content\/uploads\/2022\/07\/SGTZ7HFWBVAWVCIR3MFB5KVEQE-768x432.jpg 768w, https:\/\/www.bienaldelchaco.org\/2022\/wp-content\/uploads\/2022\/07\/SGTZ7HFWBVAWVCIR3MFB5KVEQE-700x394.jpg 700w, https:\/\/www.bienaldelchaco.org\/2022\/wp-content\/uploads\/2022\/07\/SGTZ7HFWBVAWVCIR3MFB5KVEQE-539x303.jpg 539w\" sizes=\"(max-width: 992px) 100vw, 992px\" \/>Una de las obras heredadas por Resistencia, ubicada en el Paseo de las Esculturas<\/div>\n<p class=\"paragraph\">Esta ser\u00e1 la XIIa edici\u00f3n internacional de la Bienal, y<b>\u00a0la primera \u201chu\u00e9rfana\u201d de su creador, el escultor Fabriciano G\u00f3mez,<\/b>\u00a0que falleci\u00f3 en 2021. El concurso es su creaci\u00f3n y su legado y su nombre quedar\u00e1 para siempre asociado a la Bienal.<\/p>\n<p class=\"paragraph\"><a href=\"https:\/\/www.infobae.com\/cultura\/2018\/07\/19\/chaco-y-la-escultura-esto-es-una-escuela-hay-mas-de-640-obras-en-la-calle-y-la-gente-no-las-dana\/\" target=\"_blank\" rel=\"noopener\">Como dec\u00eda\u00a0<b>Fabriciano G\u00f3mez\u00a0<\/b>en 2018, en declaraciones a\u00a0<b>Infobae<\/b>,<\/a>\u00a0\u201cesto es una escuela, hay m\u00e1s de 640 obras en la calle y la gente no las toca, no las da\u00f1a; hay incluso peque\u00f1as obras en cer\u00e1mica, peque\u00f1os bronces\u201d.<\/p>\n<div class=\"visual__image\"><img loading=\"lazy\" decoding=\"async\" class=\"size-full wp-image-10290 alignnone\" src=\"https:\/\/www.bienaldelchaco.org\/2022\/wp-content\/uploads\/2022\/07\/RHHSTC5UNFHHBIJ4YFVJJMAML4.jpg\" alt=\"\" width=\"992\" height=\"558\" srcset=\"https:\/\/www.bienaldelchaco.org\/2022\/wp-content\/uploads\/2022\/07\/RHHSTC5UNFHHBIJ4YFVJJMAML4.jpg 992w, https:\/\/www.bienaldelchaco.org\/2022\/wp-content\/uploads\/2022\/07\/RHHSTC5UNFHHBIJ4YFVJJMAML4-300x169.jpg 300w, https:\/\/www.bienaldelchaco.org\/2022\/wp-content\/uploads\/2022\/07\/RHHSTC5UNFHHBIJ4YFVJJMAML4-768x432.jpg 768w, https:\/\/www.bienaldelchaco.org\/2022\/wp-content\/uploads\/2022\/07\/RHHSTC5UNFHHBIJ4YFVJJMAML4-700x394.jpg 700w, https:\/\/www.bienaldelchaco.org\/2022\/wp-content\/uploads\/2022\/07\/RHHSTC5UNFHHBIJ4YFVJJMAML4-539x303.jpg 539w\" sizes=\"(max-width: 992px) 100vw, 992px\" \/>El escultor Fabriciano G\u00f3mez, en 2018, en entrevista con Infobae. La de este a\u00f1o ser\u00e1 la primera Bienal &#8220;hu\u00e9rfana&#8221; de su creador y alma mater<\/div>\n<p class=\"paragraph\">En efecto,<b>\u00a0el vandalismo es pr\u00e1cticamente nulo, en una ciudad en la que las esculturas abundan y est\u00e1n al alcance de todos.<\/b><\/p>\n<p class=\"paragraph\">La selecci\u00f3n para participar de la Bienal es bien competitiva: a partir de los m\u00e1s de 200 inscriptos iniciales se hace\u00a0<b>una selecci\u00f3n de 50 artistas<\/b>\u00a0que deben enviar un dossier y un bosquejo de su proyecto escult\u00f3rico.\u00a0<b>Esas candidaturas son revisadas por un comit\u00e9 de tres escultores<\/b>\u00a0extranjeros que los califican. En funci\u00f3n de eso,\u00a0<b>los organizadores seleccionan 10 participantes y dos suplentes por si alguno cancela a \u00faltimo momento.<\/b><\/p>\n<div class=\"visual__image\"><img loading=\"lazy\" decoding=\"async\" class=\"size-full wp-image-10285 alignnone\" src=\"https:\/\/www.bienaldelchaco.org\/2022\/wp-content\/uploads\/2022\/07\/52PKYCASPZAKHCAJRUWFOWG3UA.jpg\" alt=\"\" width=\"992\" height=\"558\" srcset=\"https:\/\/www.bienaldelchaco.org\/2022\/wp-content\/uploads\/2022\/07\/52PKYCASPZAKHCAJRUWFOWG3UA.jpg 992w, https:\/\/www.bienaldelchaco.org\/2022\/wp-content\/uploads\/2022\/07\/52PKYCASPZAKHCAJRUWFOWG3UA-300x169.jpg 300w, https:\/\/www.bienaldelchaco.org\/2022\/wp-content\/uploads\/2022\/07\/52PKYCASPZAKHCAJRUWFOWG3UA-768x432.jpg 768w, https:\/\/www.bienaldelchaco.org\/2022\/wp-content\/uploads\/2022\/07\/52PKYCASPZAKHCAJRUWFOWG3UA-700x394.jpg 700w, https:\/\/www.bienaldelchaco.org\/2022\/wp-content\/uploads\/2022\/07\/52PKYCASPZAKHCAJRUWFOWG3UA-539x303.jpg 539w\" sizes=\"(max-width: 992px) 100vw, 992px\" \/>El espacio donde trabajan los escultores<\/div>\n<p class=\"paragraph\">Este a\u00f1o, los participantes son originarios de\u00a0<b>Albania, Alemania, M\u00e9xico, Corea del Sur, Eslovenia, Georgia, Rumania, Turqu\u00eda, Ucrania<\/b>\u00a0y\u00a0<b>Argentina<\/b>, que siempre est\u00e1 representada por ser el pa\u00eds anfitri\u00f3n. El participante local es\u00a0<b>Juan Pablo Marturano, un escultor consagrado<\/b>, doctor en Artes\u00a0<b>formado en Jap\u00f3n y en Italia, y Gran Premio del Sal\u00f3n Nacional de Artes Visuales\u00a0<\/b>(Escultura, 2017).<\/p>\n<p class=\"paragraph\">El jurado estar\u00e1 compuesto por\u00a0<b>Le\u00f3n Saavedra Geuer,<\/b>\u00a0de Bolivia,\u00a0<b>Francisco Gazitua<\/b>, de Chile y<b>\u00a0Todor Todorov<\/b>, de Bulgaria.<\/p>\n<p class=\"paragraph\">Este a\u00f1o,\u00a0<b>el material ser\u00e1 m\u00e1rmol travertino extra\u00eddo de las canteras de San Juan.\u00a0<\/b>Cada participante trabajar\u00e1 con un bloque de 1,50 x 0,60 x 0,60.<\/p>\n<div class=\"visual__image\"><img loading=\"lazy\" decoding=\"async\" class=\"size-full wp-image-10287 alignnone\" src=\"https:\/\/www.bienaldelchaco.org\/2022\/wp-content\/uploads\/2022\/07\/HF4HHL5PBJB35BGO37ORXOS2HI.jpg\" alt=\"\" width=\"992\" height=\"1764\" srcset=\"https:\/\/www.bienaldelchaco.org\/2022\/wp-content\/uploads\/2022\/07\/HF4HHL5PBJB35BGO37ORXOS2HI.jpg 992w, https:\/\/www.bienaldelchaco.org\/2022\/wp-content\/uploads\/2022\/07\/HF4HHL5PBJB35BGO37ORXOS2HI-169x300.jpg 169w, https:\/\/www.bienaldelchaco.org\/2022\/wp-content\/uploads\/2022\/07\/HF4HHL5PBJB35BGO37ORXOS2HI-576x1024.jpg 576w, https:\/\/www.bienaldelchaco.org\/2022\/wp-content\/uploads\/2022\/07\/HF4HHL5PBJB35BGO37ORXOS2HI-768x1366.jpg 768w, https:\/\/www.bienaldelchaco.org\/2022\/wp-content\/uploads\/2022\/07\/HF4HHL5PBJB35BGO37ORXOS2HI-864x1536.jpg 864w, https:\/\/www.bienaldelchaco.org\/2022\/wp-content\/uploads\/2022\/07\/HF4HHL5PBJB35BGO37ORXOS2HI-700x1245.jpg 700w\" sizes=\"(max-width: 992px) 100vw, 992px\" \/>Uno de los competidores de la Bienal de 2016<\/div>\n<p class=\"paragraph\">El crecimiento de esta manifestaci\u00f3n art\u00edstica ha hecho que, con cada edici\u00f3n, se hayan ido sumando\u00a0<b>actividades paralelas al certamen central.<\/b><\/p>\n<p class=\"paragraph\">\u201cAlrededor de la competencia internacional, como rayos de esta rueda,\u00a0<b>se dispara una oferta extraordinaria de eventos, propuestas, actividades, de todo tipo<\/b>\u00a0y car\u00e1cter que le dan esa sustancia, esa personalidad percibida invariablemente por los ojos del afuera: \u2018la Bienal del Chaco es \u00fanica\u2019 \u201c, explica orgulloso\u00a0<b>Jos\u00e9 Sebasti\u00e1n Eidman,<\/b>\u00a0sucesor de Fabriciano G\u00f3mez como presidente de la\u00a0<b>Fundaci\u00f3n Urunday, entidad encargada de la organizaci\u00f3n<\/b>\u00a0de la Bienal. \u201dSi imaginamos a la bienal como una rueda, el buje es la competencia internacional con 10 artistas que vienen a ejecutar su escultura a cielo abierto. Obras que pasar\u00e1n al espacio p\u00fablico, democratizando la belleza y el arte y jerarquizando a la ciudad de Resistencia\u201d.<\/p>\n<div class=\"visual__image\"><img loading=\"lazy\" decoding=\"async\" class=\"size-full wp-image-10289 alignnone\" src=\"https:\/\/www.bienaldelchaco.org\/2022\/wp-content\/uploads\/2022\/07\/PR7U4PGSNZF7NA6MCWJ5NV3NII.jpg\" alt=\"\" width=\"992\" height=\"558\" srcset=\"https:\/\/www.bienaldelchaco.org\/2022\/wp-content\/uploads\/2022\/07\/PR7U4PGSNZF7NA6MCWJ5NV3NII.jpg 992w, https:\/\/www.bienaldelchaco.org\/2022\/wp-content\/uploads\/2022\/07\/PR7U4PGSNZF7NA6MCWJ5NV3NII-300x169.jpg 300w, https:\/\/www.bienaldelchaco.org\/2022\/wp-content\/uploads\/2022\/07\/PR7U4PGSNZF7NA6MCWJ5NV3NII-768x432.jpg 768w, https:\/\/www.bienaldelchaco.org\/2022\/wp-content\/uploads\/2022\/07\/PR7U4PGSNZF7NA6MCWJ5NV3NII-700x394.jpg 700w, https:\/\/www.bienaldelchaco.org\/2022\/wp-content\/uploads\/2022\/07\/PR7U4PGSNZF7NA6MCWJ5NV3NII-539x303.jpg 539w\" sizes=\"(max-width: 992px) 100vw, 992px\" \/>Variedad de actividades en la Bienal: escultores trabajando y dialogando con el p\u00fablico en una pausa. Escultura en arena y competencias paralelas<\/div>\n<p class=\"paragraph\">En esta edici\u00f3n de la Bienal habr\u00e1 un C<b>oncurso de Escultura para Estudiantes de Artes<\/b>, tendr\u00e1 lugar el III Congreso Internacional de Artes, el II Seminario de Arte, Derecho, Patrimonio y Urbanismo y el IV Festival Filarm\u00f3nico Juvenil, entre otros. Una novedad de este a\u00f1o ser\u00e1 el Primer Congreso Internacional de Derecho del Arte. A esto se suman\u00a0<b>talleres, conferencias, espect\u00e1culos, muestras de arte, feria de artesan\u00eda y dise\u00f1o y gastronom\u00eda regional.<\/b><\/p>\n<p class=\"paragraph\">Todas las actividades de la Bienal son de\u00a0<b>acceso libre y gratuito.<\/b><\/p>\n<p class=\"paragraph\">El Premio Desaf\u00edo \u201cHierros L\u00edder\u201d, el concurso para estudiantes avanzados de Artes, ya es un cl\u00e1sico de la bienal y genera una gran convocatoria en las academias y facultades de arte del pa\u00eds. El desaf\u00edo consiste en la\u00a0<b>realizaci\u00f3n de una escultura en un lapso de 48 horas continuadas.<\/b>\u00a0En este caso la competencia no es individual sino en equipos de 3 integrantes y se trabaja sobre madera dura o semidura.<\/p>\n<div class=\"visual__image\"><img loading=\"lazy\" decoding=\"async\" class=\"size-full wp-image-10286 alignnone\" src=\"https:\/\/www.bienaldelchaco.org\/2022\/wp-content\/uploads\/2022\/07\/DYEGHPTNOZFD3LWZGXJIBN4VDU.jpg\" alt=\"\" width=\"992\" height=\"1323\" srcset=\"https:\/\/www.bienaldelchaco.org\/2022\/wp-content\/uploads\/2022\/07\/DYEGHPTNOZFD3LWZGXJIBN4VDU.jpg 992w, https:\/\/www.bienaldelchaco.org\/2022\/wp-content\/uploads\/2022\/07\/DYEGHPTNOZFD3LWZGXJIBN4VDU-225x300.jpg 225w, https:\/\/www.bienaldelchaco.org\/2022\/wp-content\/uploads\/2022\/07\/DYEGHPTNOZFD3LWZGXJIBN4VDU-768x1024.jpg 768w, https:\/\/www.bienaldelchaco.org\/2022\/wp-content\/uploads\/2022\/07\/DYEGHPTNOZFD3LWZGXJIBN4VDU-300x400.jpg 300w, https:\/\/www.bienaldelchaco.org\/2022\/wp-content\/uploads\/2022\/07\/DYEGHPTNOZFD3LWZGXJIBN4VDU-600x800.jpg 600w, https:\/\/www.bienaldelchaco.org\/2022\/wp-content\/uploads\/2022\/07\/DYEGHPTNOZFD3LWZGXJIBN4VDU-700x934.jpg 700w\" sizes=\"(max-width: 992px) 100vw, 992px\" \/>En plena tarea<\/div>\n<p class=\"paragraph\">El desaf\u00edo les permite adem\u00e1s a estos j\u00f3venes vivir una bienal internacional, de la cual alg\u00fan d\u00eda posiblemente ser\u00e1n participantes, vincularse y aprender de grandes escultores consagrados de todo el mundo.<\/p>\n<p class=\"paragraph\">El p\u00fablico que asiste, desde todo el pa\u00eds, pero<b>\u00a0especialmente de las provincias vecinas a Chaco,<\/b>\u00a0no s\u00f3lo es muy numeroso sino que tiene experiencia, ya que<b>\u00a0la Bienal genera fidelidad,<\/b>\u00a0y es por lo tanto muy participativo y generoso con los concursantes.<\/p>\n<p class=\"paragraph\"><img loading=\"lazy\" decoding=\"async\" class=\"size-full wp-image-10284 alignnone\" src=\"https:\/\/www.bienaldelchaco.org\/2022\/wp-content\/uploads\/2022\/07\/4CQW4XZC4RBHVBP6KPVKC2FHYU.jpg\" alt=\"\" width=\"992\" height=\"558\" srcset=\"https:\/\/www.bienaldelchaco.org\/2022\/wp-content\/uploads\/2022\/07\/4CQW4XZC4RBHVBP6KPVKC2FHYU.jpg 992w, https:\/\/www.bienaldelchaco.org\/2022\/wp-content\/uploads\/2022\/07\/4CQW4XZC4RBHVBP6KPVKC2FHYU-300x169.jpg 300w, https:\/\/www.bienaldelchaco.org\/2022\/wp-content\/uploads\/2022\/07\/4CQW4XZC4RBHVBP6KPVKC2FHYU-768x432.jpg 768w, https:\/\/www.bienaldelchaco.org\/2022\/wp-content\/uploads\/2022\/07\/4CQW4XZC4RBHVBP6KPVKC2FHYU-700x394.jpg 700w, https:\/\/www.bienaldelchaco.org\/2022\/wp-content\/uploads\/2022\/07\/4CQW4XZC4RBHVBP6KPVKC2FHYU-539x303.jpg 539w\" sizes=\"(max-width: 992px) 100vw, 992px\" \/>La Bienal de Chaco es un acontecimiento \u00fanico en su g\u00e9nero en el pa\u00eds, que\u00a0<b>no tiene una difusi\u00f3n a la altura de su calidad -no por falla de sus organizadores, sino por la macrocefalia<\/b>\u00a0que nos caracteriza.<\/p>\n<p class=\"paragraph\">Finalmente, dado el momento del a\u00f1o en que se realiza -siempre en julio-, esta bienal que\u00a0<b>une arte, espect\u00e1culos y esparcimiento<\/b>\u00a0es<b>\u00a0una excelente opci\u00f3n para las vacaciones familiares<\/b>. El invierno chaque\u00f1o, adem\u00e1s, es\u00a0<b>benigno y soleado.<\/b><\/p>\n<div class=\"visual__image\"><img loading=\"lazy\" decoding=\"async\" class=\"size-full wp-image-10283 alignnone\" src=\"https:\/\/www.bienaldelchaco.org\/2022\/wp-content\/uploads\/2022\/07\/3TETFTT3AJCWHAHNCKNO4RM2SY.jpg\" alt=\"\" width=\"992\" height=\"558\" srcset=\"https:\/\/www.bienaldelchaco.org\/2022\/wp-content\/uploads\/2022\/07\/3TETFTT3AJCWHAHNCKNO4RM2SY.jpg 992w, https:\/\/www.bienaldelchaco.org\/2022\/wp-content\/uploads\/2022\/07\/3TETFTT3AJCWHAHNCKNO4RM2SY-300x169.jpg 300w, https:\/\/www.bienaldelchaco.org\/2022\/wp-content\/uploads\/2022\/07\/3TETFTT3AJCWHAHNCKNO4RM2SY-768x432.jpg 768w, https:\/\/www.bienaldelchaco.org\/2022\/wp-content\/uploads\/2022\/07\/3TETFTT3AJCWHAHNCKNO4RM2SY-700x394.jpg 700w, https:\/\/www.bienaldelchaco.org\/2022\/wp-content\/uploads\/2022\/07\/3TETFTT3AJCWHAHNCKNO4RM2SY-539x303.jpg 539w\" sizes=\"(max-width: 992px) 100vw, 992px\" \/><\/div>\n[\/vc_column_text][\/vc_column][\/vc_row][vc_row css_animation=&#8221;&#8221; row_type=&#8221;row&#8221; use_row_as_full_screen_section=&#8221;no&#8221; type=&#8221;full_width&#8221; angled_section=&#8221;no&#8221; text_align=&#8221;left&#8221; background_image_as_pattern=&#8221;without_pattern&#8221;][vc_column][vc_empty_space][vc_column_text]Fuente:\u00a0 <a href=\"https:\/\/www.infobae.com\/cultura\/2022\/07\/11\/vuelve-el-acontecimiento-cultural-mas-original-e-internacional-del-arte-argentino-la-bienal-de-escultura-de-chaco\/\" target=\"_blank\" rel=\"noopener\">https:\/\/www.infobae.com\/cultura\/2022\/07\/11\/vuelve-el-acontecimiento-cultural-mas-original-e-internacional-del-arte-argentino-la-bienal-de-escultura-de-chaco\/<\/a>[\/vc_column_text][vc_empty_space][\/vc_column][\/vc_row]\n","protected":false},"excerpt":{"rendered":"<p>Desde el pr\u00f3ximo s\u00e1bado 16 de julio y durante toda una semana, Resistencia ser\u00e1 un taller a cielo abierto donde artistas de todo el mundo esculpir\u00e1n sus obras frente al p\u00fablico en un certamen de prestigio mundial<\/p>\n","protected":false},"author":3,"featured_media":10288,"comment_status":"closed","ping_status":"closed","sticky":false,"template":"","format":"standard","meta":{"footnotes":""},"categories":[6],"tags":[],"_links":{"self":[{"href":"https:\/\/www.bienaldelchaco.org\/2022\/wp-json\/wp\/v2\/posts\/10281"}],"collection":[{"href":"https:\/\/www.bienaldelchaco.org\/2022\/wp-json\/wp\/v2\/posts"}],"about":[{"href":"https:\/\/www.bienaldelchaco.org\/2022\/wp-json\/wp\/v2\/types\/post"}],"author":[{"embeddable":true,"href":"https:\/\/www.bienaldelchaco.org\/2022\/wp-json\/wp\/v2\/users\/3"}],"replies":[{"embeddable":true,"href":"https:\/\/www.bienaldelchaco.org\/2022\/wp-json\/wp\/v2\/comments?post=10281"}],"version-history":[{"count":1,"href":"https:\/\/www.bienaldelchaco.org\/2022\/wp-json\/wp\/v2\/posts\/10281\/revisions"}],"predecessor-version":[{"id":10293,"href":"https:\/\/www.bienaldelchaco.org\/2022\/wp-json\/wp\/v2\/posts\/10281\/revisions\/10293"}],"wp:featuredmedia":[{"embeddable":true,"href":"https:\/\/www.bienaldelchaco.org\/2022\/wp-json\/wp\/v2\/media\/10288"}],"wp:attachment":[{"href":"https:\/\/www.bienaldelchaco.org\/2022\/wp-json\/wp\/v2\/media?parent=10281"}],"wp:term":[{"taxonomy":"category","embeddable":true,"href":"https:\/\/www.bienaldelchaco.org\/2022\/wp-json\/wp\/v2\/categories?post=10281"},{"taxonomy":"post_tag","embeddable":true,"href":"https:\/\/www.bienaldelchaco.org\/2022\/wp-json\/wp\/v2\/tags?post=10281"}],"curies":[{"name":"wp","href":"https:\/\/api.w.org\/{rel}","templated":true}]}}