{"id":10294,"date":"2022-07-16T15:11:25","date_gmt":"2022-07-16T18:11:25","guid":{"rendered":"https:\/\/www.bienaldelchaco.org\/2022\/?p=10294"},"modified":"2022-07-26T15:13:28","modified_gmt":"2022-07-26T18:13:28","slug":"comienza-la-bienal-internacional-de-escultura-en-resistencia","status":"publish","type":"post","link":"https:\/\/www.bienaldelchaco.org\/2022\/comienza-la-bienal-internacional-de-escultura-en-resistencia\/","title":{"rendered":"Comienza la Bienal Internacional de Escultura en Resistencia"},"content":{"rendered":"<div class=\"entry-title col-lg-6 col-md-12 col-sm-12 col-xs-12\">\n<div class=\"bajada\">\n<div class=\"entry-title col-lg-6 col-md-12 col-sm-12 col-xs-12\">\n<div class=\"bajada\">\n<div class=\"wrapper-header\">\n<div class=\"container-xl\">\n<div class=\"row\">\n<div class=\"col-12\">\n<div class=\"head-content mb-4\">\n<p>Durante una semana, el Parque 2 de Febrero\u00a0ser\u00e1 el territorio en que pueblo y artistas se encuentren \u201ca cielo abierto\u201d.<\/p>\n<div class=\"author\">\n<div class=\"author-inner\">\n<div class=\"author-thumbnail\"><\/div>\n<\/div>\n<\/div>\n<\/div>\n<\/div>\n<\/div>\n<\/div>\n<\/div>\n<\/div>\n<\/div>\n<\/div>\n<\/div>\n<p><!--more-->[vc_row css_animation=&#8221;&#8221; row_type=&#8221;row&#8221; use_row_as_full_screen_section=&#8221;no&#8221; type=&#8221;full_width&#8221; angled_section=&#8221;no&#8221; text_align=&#8221;left&#8221; background_image_as_pattern=&#8221;without_pattern&#8221;][vc_column][vc_column_text]Cuando el s\u00e1bado 16 a las 20.30 empiece a sonar la \u201cNovena Sinfon\u00eda\u201d de Beethoven a cargo de la Orquesta Sinf\u00f3nica del Chaco y el Coro Polif\u00f3nico de Resistencia, quedar\u00e1 formalmente inaugurada la duod\u00e9cima edici\u00f3n de la <b>Bienal Internacional de Escultura 2022<\/b>, con sede permanente en la provincia litorale\u00f1a. As\u00ed,\u00a0<b>durante una semana\u00a0<\/b>las catorce hect\u00e1reas del<b>\u00a0Parque 2 de Febrero<\/b>\u00a0de la bella\u00a0<b>Resistencia\u00a0<\/b>ser\u00e1 el territorio en que pueblo y artistas se encuentren \u201ca cielo abierto\u201d, sin vallas, veleidades, ni prejuicios.<\/p>\n<p><b>Organizada por el Gobierno del Chaco y la Fundaci\u00f3n Urunday -con el acompa\u00f1amiento de la municipalidad de Resistencia-<\/b>, la experiencia tendr\u00e1 como protagonistas a\u00a0<b>escultoras y escultores de varios pa\u00edses<\/b>. Entre otres, Genti Tavanxhiu (Albania), Verena Mayer-Tasch (Alemania), Juan Pablo Marturano (Argentina), David Bucio (M\u00e9xico), Sodong Choe (Corea del Sur), Arijel Strukelj (Eslovenia), Jhon Gogaberishvili (Georgia), Petre Virgiliu Mogosanu (Rumania), Ebru Akinci (Turqu\u00eda) e Ihor Tkachivskyi (Ucrania).<\/p>\n<div id=\"talkFireEvent\"><\/div>\n<p>&#8220;Si imaginamos a la Bienal como una rueda, el buje es la\u00a0<b>competencia internacional con diez artistas que vienen a ejecutar su escultura a cielo abierto.<\/b>\u00a0Alrededor de esta competencia internacional, como rayos de esta rueda se dispara una oferta extraordinaria de\u00a0<b>eventos, propuestas, actividades de todo tipo y car\u00e1cter<\/b>\u00a0que le dan esa sustancia, esa personalidad percibida invariablemente por los ojos del afuera: \u2018la Bienal del Chaco es \u00fanica&#8221;, expres\u00f3<b>\u00a0Jos\u00e9 Sebasti\u00e1n Eidman<\/b>, presidente de la Fundaci\u00f3n Urunday, durante la presentaci\u00f3n en el Centro Cultural Kirchner.<\/p>\n<p>Como en cada una de las anteriores ediciones, los artistas trabajar\u00e1n a ojos del p\u00fablico. Esta vez lo har\u00e1n con<b>\u00a0m\u00e1rmol travertino, material extra\u00eddo de las canteras de San Juan<\/b>. En tanto, por el lado de los escultores argentinos invitados (Norma Siguelboim,\u00a0 Juan Sorrentino, Fabiana Larrea, Alejandro Arce, M\u00f3nica Souza, Gerardo Suter y M\u00e1ximo Vargas G\u00f3mez), el desaf\u00edo ser\u00e1 crear con absoluta libertad de elecci\u00f3n en materiales y t\u00e9cnicas.<\/p>\n<p>Adem\u00e1s de la competencia internacional, la Bienal sumar\u00e1\u00a0<b>tres encuentros, con acceso libre y gratuito<\/b>: el de\u00a0<b>Escultores Invitados<\/b>, el de\u00a0<b>Maestros Artesanos Argentinos<\/b>\u00a0y el de\u00a0<b>Artesanos de Pueblos Originarios<\/b>. Adem\u00e1s, se podr\u00e1 asistir al\u00a0<b>VIII Concurso de Escultura para Estudiantes de Artes<\/b>\u00a0y al\u00a0<b>III Congreso Internacional de Artes<\/b>, armado por la Facultad de Artes, Dise\u00f1o y Ciencias de la Cultura de la Universidad Nacional del Nordeste. \u201cSe trata de un espacio de intercambio y discusi\u00f3n, que busca aportar al evento una dimensi\u00f3n acad\u00e9mica y cient\u00edfica\u201d, explican sus organizadores.<\/p>\n<p>Por un andarivel similar ocurrir\u00e1 el\u00a0<b>Congreso Internacional de Derecho del Arte<\/b>, promovido por el Poder Legislativo del Chaco, y organizado en colaboraci\u00f3n por las Facultades de Derecho de la Universidad Nacional del Nordeste y la Universidad Nacional de Rosario. Y el\u00a0<b>Seminario De Arte, Derecho, Patrimonio Y Urbanismo,<\/b>\u00a0coordinado por el Centro de Estudios de la Fundaci\u00f3n Urunday, cuyo fin es el de comprender las relaciones entre la filosof\u00eda, el derecho, la protecci\u00f3n patrimonial y el urbanismo, motivado por el fen\u00f3meno singular de las obras de arte en el espacio p\u00fablico.<\/p>\n<div align=\"center\"><\/div>\n<p><img loading=\"lazy\" decoding=\"async\" class=\"size-full wp-image-10296 alignnone\" src=\"https:\/\/www.bienaldelchaco.org\/2022\/wp-content\/uploads\/2022\/07\/585161-whatsapp-20image-202022-07-08-20at-209-52-21-20am.jpg\" alt=\"\" width=\"960\" height=\"640\" srcset=\"https:\/\/www.bienaldelchaco.org\/2022\/wp-content\/uploads\/2022\/07\/585161-whatsapp-20image-202022-07-08-20at-209-52-21-20am.jpg 960w, https:\/\/www.bienaldelchaco.org\/2022\/wp-content\/uploads\/2022\/07\/585161-whatsapp-20image-202022-07-08-20at-209-52-21-20am-300x200.jpg 300w, https:\/\/www.bienaldelchaco.org\/2022\/wp-content\/uploads\/2022\/07\/585161-whatsapp-20image-202022-07-08-20at-209-52-21-20am-768x512.jpg 768w, https:\/\/www.bienaldelchaco.org\/2022\/wp-content\/uploads\/2022\/07\/585161-whatsapp-20image-202022-07-08-20at-209-52-21-20am-391x260.jpg 391w, https:\/\/www.bienaldelchaco.org\/2022\/wp-content\/uploads\/2022\/07\/585161-whatsapp-20image-202022-07-08-20at-209-52-21-20am-700x467.jpg 700w\" sizes=\"(max-width: 960px) 100vw, 960px\" \/>Otro fuerte brazo de la Bienal pasar\u00e1 por las\u00a0<b>artes esc\u00e9nicas<\/b>. Con\u00a0<b>cinco escenarios<\/b>\u00a0como base espacial, habr\u00e1\u00a0<b>obras de teatro, conciertos musicales y bailes<\/b>. Los n\u00fameros confirmados son, entre otros, el Ballet Ferrazano, la Compa\u00f1\u00eda Duartango, la murga Agarrate Catalina, la obra\u00a0<i>Somos Chac\u00fa\u00a0<\/i>(compuesta por el Ballet Contempor\u00e1neo del Chaco y el Coro Chelaalapi), Nahuel Pennisi, Miss Bolivia, Anacrusa y la citada Sinf\u00f3nica del Chaco recreando a Beethoven.<\/p>\n<p>En el carril del arte de las musas con base en la Bienal se inscribe tambi\u00e9n el\u00a0<b>IV Festival Filarm\u00f3nico Juvenil<\/b>, cuyo prop\u00f3sito consiste en formar intensivamente a 120 j\u00f3venes m\u00fasicos, en un campamento a orillas del r\u00edo Negro, tarea que llevar\u00e1n a cabo destacados m\u00fasicos y profesores de la Argentina, Espa\u00f1a, Estados Unidos, Austria y Alemania.<\/p>\n<p>La grilla art\u00edstica, a la que se puede acceder a trav\u00e9s del sitio\u00a0<a href=\"http:\/\/anuncios.cultura.gob.ar\/lt.php?id=fEgDVAxUAk1SBQIPBEUDBgkDAwA\" target=\"_blank\" rel=\"noopener\">www.bienaldelchaco.org<\/a>\u00a0se completa con\u00a0<b>dos muestras tradicionales<\/b>: &#8220;Expresiones escult\u00f3ricas chaque\u00f1as\u201d, impulsada por la Asociaci\u00f3n de Escultores Chaque\u00f1os, y &#8220;Escultores del mundo&#8221;, que expone obras en peque\u00f1o formato de los artistas que compiten en la Bienal.<\/p>\n<p>Las obras que salgan de este gran cruce de artistas se sumar\u00e1n a las 652 que pueblan el museo al aire libre erigido calles y parques de la ciudad. Tampoco faltar\u00e1 en la Bienal el concurso entre estudiantes avanzados de carreras de arte tras el premio desaf\u00edo \u201cHierros l\u00edder\u201d, consistente en elaborar una escultura de madera dura o semidura en el transcurso de 48 horas \u00a1continuadas!<\/p>\n<p>Por su parte, esta vez\u00a0<b>ser\u00e1 la primera en la que la Bienal no contar\u00e1 con la presencia de Fabriciano G\u00f3mez, su fundador, fallecido el a\u00f1o pasado<\/b>. A prop\u00f3sito, Francisco \u201cTete\u201d Romero, presidente del Instituto de Cultura de Chaco, se\u00f1al\u00f3 que el encuentro escult\u00f3rico &#8220;no es un evento sino una experiencia&#8221;, y evoc\u00f3 la figura de su principal impulsor, que trabaj\u00f3 duro y a conciencia para que la Bienal est\u00e9 catalogada como una de las tres mejores del mundo, bajo la caracter\u00edstica de competencia a cielo abierto. \u201cEl legado de Fabriciano es el de la transformaci\u00f3n social y cultural de la provincia\u201d, concluy\u00f3 Romero.[\/vc_column_text][\/vc_column][\/vc_row][vc_row css_animation=&#8221;&#8221; row_type=&#8221;row&#8221; use_row_as_full_screen_section=&#8221;no&#8221; type=&#8221;full_width&#8221; angled_section=&#8221;no&#8221; text_align=&#8221;left&#8221; background_image_as_pattern=&#8221;without_pattern&#8221;][vc_column][vc_empty_space][vc_column_text]Fuente:\u00a0 <a href=\"https:\/\/www.pagina12.com.ar\/437420-comienza-la-bienal-internacional-de-escultura-en-resistencia\" target=\"_blank\" rel=\"noopener\">https:\/\/www.pagina12.com.ar\/437420-comienza-la-bienal-internacional-de-escultura-en-resistencia<\/a>[\/vc_column_text][vc_empty_space][\/vc_column][\/vc_row][vc_row css_animation=&#8221;&#8221; row_type=&#8221;row&#8221; use_row_as_full_screen_section=&#8221;no&#8221; type=&#8221;full_width&#8221; angled_section=&#8221;no&#8221; text_align=&#8221;left&#8221; background_image_as_pattern=&#8221;without_pattern&#8221;][vc_column][vc_column_text]\n[\/vc_column_text][\/vc_column][\/vc_row]\n","protected":false},"excerpt":{"rendered":"<p>Durante una semana, el Parque 2 de Febrero\u00a0ser\u00e1 el territorio en que pueblo y artistas se encuentren \u201ca cielo abierto\u201d.<\/p>\n","protected":false},"author":3,"featured_media":10295,"comment_status":"closed","ping_status":"closed","sticky":false,"template":"","format":"standard","meta":{"footnotes":""},"categories":[6],"tags":[],"_links":{"self":[{"href":"https:\/\/www.bienaldelchaco.org\/2022\/wp-json\/wp\/v2\/posts\/10294"}],"collection":[{"href":"https:\/\/www.bienaldelchaco.org\/2022\/wp-json\/wp\/v2\/posts"}],"about":[{"href":"https:\/\/www.bienaldelchaco.org\/2022\/wp-json\/wp\/v2\/types\/post"}],"author":[{"embeddable":true,"href":"https:\/\/www.bienaldelchaco.org\/2022\/wp-json\/wp\/v2\/users\/3"}],"replies":[{"embeddable":true,"href":"https:\/\/www.bienaldelchaco.org\/2022\/wp-json\/wp\/v2\/comments?post=10294"}],"version-history":[{"count":1,"href":"https:\/\/www.bienaldelchaco.org\/2022\/wp-json\/wp\/v2\/posts\/10294\/revisions"}],"predecessor-version":[{"id":10297,"href":"https:\/\/www.bienaldelchaco.org\/2022\/wp-json\/wp\/v2\/posts\/10294\/revisions\/10297"}],"wp:featuredmedia":[{"embeddable":true,"href":"https:\/\/www.bienaldelchaco.org\/2022\/wp-json\/wp\/v2\/media\/10295"}],"wp:attachment":[{"href":"https:\/\/www.bienaldelchaco.org\/2022\/wp-json\/wp\/v2\/media?parent=10294"}],"wp:term":[{"taxonomy":"category","embeddable":true,"href":"https:\/\/www.bienaldelchaco.org\/2022\/wp-json\/wp\/v2\/categories?post=10294"},{"taxonomy":"post_tag","embeddable":true,"href":"https:\/\/www.bienaldelchaco.org\/2022\/wp-json\/wp\/v2\/tags?post=10294"}],"curies":[{"name":"wp","href":"https:\/\/api.w.org\/{rel}","templated":true}]}}