{"id":10300,"date":"2022-07-25T15:17:52","date_gmt":"2022-07-25T18:17:52","guid":{"rendered":"https:\/\/www.bienaldelchaco.org\/2022\/?p=10300"},"modified":"2022-07-26T15:23:05","modified_gmt":"2022-07-26T18:23:05","slug":"con-record-de-asistencia-y-gran-proyeccion-asi-fue-la-bienal-de-esculturas-de-chaco","status":"publish","type":"post","link":"https:\/\/www.bienaldelchaco.org\/2022\/con-record-de-asistencia-y-gran-proyeccion-asi-fue-la-bienal-de-esculturas-de-chaco\/","title":{"rendered":"Con r\u00e9cord de asistencia y gran proyecci\u00f3n: as\u00ed fue la Bienal de Esculturas de Chaco"},"content":{"rendered":"<div class=\"entry-title col-lg-6 col-md-12 col-sm-12 col-xs-12\">\n<div class=\"bajada\">\n<div class=\"entry-title col-lg-6 col-md-12 col-sm-12 col-xs-12\">\n<div class=\"bajada\">\n<div class=\"wrapper-header\">\n<div class=\"container-xl\">\n<div class=\"row\">\n<div class=\"col-12\">\n<div class=\"head-content mb-4\">\n<div class=\"subtitle\">\n<header class=\"entry-header\">\n<div class=\"bajada\">\n<p>Seg\u00fan estimaciones, la Bienal fue visitada por 800.000 personas. Un evento que se consolida como un hito decisivo que potencia las industrias culturales y tur\u00edsticas de la regi\u00f3n.<\/p>\n<\/div>\n<\/header>\n<\/div>\n<div class=\"d-flex justify-content-between align-items-end mt-3\"><\/div>\n<\/div>\n<\/div>\n<\/div>\n<\/div>\n<\/div>\n<\/div>\n<\/div>\n<\/div>\n<\/div>\n<p><!--more-->[vc_row css_animation=&#8221;&#8221; row_type=&#8221;row&#8221; use_row_as_full_screen_section=&#8221;no&#8221; type=&#8221;full_width&#8221; angled_section=&#8221;no&#8221; text_align=&#8221;left&#8221; background_image_as_pattern=&#8221;without_pattern&#8221;][vc_column][vc_column_text]La <strong>XXII Bienal Internacional de Escultura de Chaco<\/strong>\u00a0concluye una nueva edici\u00f3n con r\u00e9cord de visitas. Seg\u00fan estimaciones se aproximar\u00eda a los 800.000 asistentes. Y\u00a0<strong>se consolida como un hito decisivo que potencia las industrias culturales y tur\u00edsticas de la regi\u00f3n<\/strong>. Al mismo tiempo, define un territorio com\u00fan entre el proceso creativo de una obra y un p\u00fablico amplio y entusiasta que encuentra en esta instancia la posibilidad de sentirse convocado e interpelado por el arte.<\/p>\n<p>Una vez m\u00e1s la Bienal super\u00f3 las expectativas de sus organizadores, la Fundaci\u00f3n Urunday, que contin\u00faa el legado de Fabriciano G\u00f3mez, promotor y &#8220;alma mater&#8221; del actual gran evento cultural, tur\u00edstico y art\u00edstico. Con un promedio de 80.000 personas diarias que concurrieron al predio del Parque 2 de Febrero de la ciudad de Resistencia,\u00a0<strong>la Bienal convoc\u00f3 a escultores provenientes de de Asia, Europa y Am\u00e9rica Latina<\/strong>.<\/p>\n<h2>Un evento que cruza tradici\u00f3n y arte contempor\u00e1neo<\/h2>\n<p>Centrada en el concurso internacional de escultores a cielo abierto, los artistas que durante siete d\u00edas trabajaron esculpiendo a la vista y en contacto con el p\u00fablico fueron el gran eje de este &#8220;ecosistema virtuoso&#8221; de la industria cultural centrado en la pr\u00e1ctica art\u00edstica que se irradi\u00f3 en las distintas actividades culturales propuestas en m\u00e1s de 9 hect\u00e1reas.<\/p>\n<p>Entre ellas estuvieron las tradicionales muestras y encuentros de artesanos, pueblos originarios y escultores invitados, el Premio Desaf\u00edo de Hierro, la m\u00fasica sinf\u00f3nica y de otros estilos, congresos de arte y patrimonio, talleres y otras propuestas que tambi\u00e9n involucraron al sector gastron\u00f3mico.<\/p>\n<p>Con un estimado hist\u00f3rico de unas 600.000 personas en 2018, y un salto de cuatro a\u00f1os por la pandemia, se calcula que esa cifra va a ser superada ampliamente en la edici\u00f3n que termina este domingo con la presentaci\u00f3n de La Delio Valdez.<\/p>\n<p>&#8220;Todav\u00eda no tenemos datos oficiales, pero rondaba en unas 80.000 personas d\u00eda&#8221;, dice Jos\u00e9 Sebasti\u00e1n Eidman, presidente de la Fundaci\u00f3n Urunday. Una cifra que tiene sus picos como el del primer domingo con un estimado de 120.000 personas, seg\u00fan el c\u00e1lculo realizado por la polic\u00eda. Por lo cual, se piensa que van a superar las 800.000 visitas.<\/p>\n<p>Sobre las expectativas ante una Bienal que plantea este doble desaf\u00edo de la ausencia de Fabriciano G\u00f3mez -su gran impulsar, fallecido hace casi un a\u00f1o- y el regreso tras la pandemia, el organizador se\u00f1ala que &#8220;se superaron ampliamente&#8221;, un diagn\u00f3stico que sorprendi\u00f3 pese al optimismo que reinaba en la previa del encuentro tras el parate que produjo la suspensi\u00f3n de la edici\u00f3n 2020 por la pandemia.<\/p>\n<p>&#8220;Esper\u00e1bamos que la vuelta a la presencialidad se manifestara a pleno en esta Bienal, pero no esper\u00e1bamos la afluencia tur\u00edstica que hubo ni la cantidad de gente diaria, ni el movimiento comercial&#8221;, asegura Eidman a T\u00e9lam. Habr\u00e1 que esperar el resultado de las encuestas que la Fundaci\u00f3n Urunday realiza seg\u00fan la ISO 9000 sobre los grupos de inter\u00e9s, para tener datos m\u00e1s precisos.<\/p>\n<figure class=\"wp-block-embed is-type-video is-provider-youtube wp-block-embed-youtube wp-embed-aspect-16-9 wp-has-aspect-ratio\">\n<div class=\"wp-block-embed__wrapper\"><iframe loading=\"lazy\" title=\"Bienal Internacional de Escultura del Chaco 2022\" src=\"https:\/\/www.youtube.com\/embed\/65y-FfdAwn4?start=6&amp;feature=oembed\" width=\"640\" height=\"360\" frameborder=\"0\" allowfullscreen=\"allowfullscreen\" data-mce-fragment=\"1\"><\/iframe><\/div>\n<\/figure>\n<h2><\/h2>\n<h2>Arte in situ<\/h2>\n<p>Si hay algo que distingue a la Bienal de otras instancias competitivas es la posibilidad de el p\u00fablico pueda presenciar el proceso creativo de cada concursante, que se inicia cuando el gigantesco bloque de m\u00e1rmol travertino tra\u00eddo especialmente de San Juan empieza a recibir los primeros golpes y tanto los artistas como el p\u00fablico son alcanzados por una envolvente nube de polvo que le aporta una m\u00edstica especial al paisaje.<\/p>\n<p>Esa condici\u00f3n excepcional que permite seguir en tiempo real la secuencia que convierte un material inerte en una pieza de arte con significaciones espec\u00edficas, es acaso uno de las singularidades que explican la afluencia cada vez m\u00e1s numerosa de familias que llegan de localidades cercanas pero tambi\u00e9n distantes para disfrutar de la propuesta y emitir adem\u00e1s su voto.<\/p>\n<p>En esta ocasi\u00f3n, esta tarea de crear a cielo abierto estuvo en manos de artistas como el alban\u00e9s Genti Tavanxhiu -que pas\u00f3 de su &#8220;Re-cycladis&#8221; a una &#8220;Se\u00f1orita&#8221;-, el argentino Juan Pablo Marturano con &#8220;M\u00e1s all\u00e1 de las nubes&#8221; o el rumano Petre Virgiliu Mogosanu, que con su escultura &#8220;Tensions in the nature&#8221; (&#8220;La naturaleza y sus tensiones&#8221; gan\u00f3 el primer premio de la Bienal. Tal vez como nota de color, el elegido de los ni\u00f1os tambi\u00e9n fue este artista, un voto que &#8220;ha ido acerc\u00e1ndose cada vez m\u00e1s al criterio del jurado, construyendo una sensibilidad&#8221;, remarcaban desde la organizaci\u00f3n previo a los galardones.<\/p>\n<p>Los otros participantes de la competencia internacional fueron Sodong Choe de Corea del Sur, que con su obra &#8220;Permanencia 2150&#8221; obtuvo el segundo premio y la alemana Verena Mayer-Tasch, que conquist\u00f3 el el tercero con &#8220;Dress&#8221; (&#8220;Vestido&#8221;), adem\u00e1s de Ebru Akinci (Turqu\u00eda), David Bucio (M\u00e9xico), Arijel Strukelj (Eslovenia), Jhon Gogaberishvili (Georgia), Petre Virgiliu Mogosanu (Rumania) y el ucraniano Ihor Tkachivskyi. Todas estas nuevas creaciones se sumar\u00e1n a las 674 esculturas que posee la ciudad, emplazadas a lo largo de 34 a\u00f1os en sus veredas, bulevares y parques.<\/p>\n<p>Adem\u00e1s de acercarse para seguir de cerca la evoluci\u00f3n de las obras en competencia, el p\u00fablico tambi\u00e9n pudo contemplar otras producciones de artistas locales plasmadas en diversidad de materiales, como las de Alejandro Arce, que con &#8220;Jukumari&#8221;, un grupo escult\u00f3rico dedicado a un oso de la regi\u00f3n andina en peligro de extinci\u00f3n y realizado en arena, se convirti\u00f3 en el punto de atracci\u00f3n para los ni\u00f1os. O la de Juan Sorrentino, que present\u00f3 su proyecto &#8220;Derrumbe&#8221;, una pared de ladrillo, fierros, revestimiento y pintura que se iba desplomando por la vibraci\u00f3n sonora.<\/p>\n<figure class=\"wp-block-image size-full\"><img loading=\"lazy\" decoding=\"async\" class=\"wp-image-80690\" src=\"https:\/\/i0.wp.com\/elplanetaurbano.com\/wp-content\/uploads\/2022\/07\/bienal-chaco-epu.jpg?resize=640%2C480&amp;ssl=1\" sizes=\"(max-width: 640px) 100vw, 640px\" srcset=\"https:\/\/i0.wp.com\/elplanetaurbano.com\/wp-content\/uploads\/2022\/07\/bienal-chaco-epu.jpg?w=696&amp;ssl=1 696w, https:\/\/i0.wp.com\/elplanetaurbano.com\/wp-content\/uploads\/2022\/07\/bienal-chaco-epu.jpg?resize=300%2C225&amp;ssl=1 300w, https:\/\/i0.wp.com\/elplanetaurbano.com\/wp-content\/uploads\/2022\/07\/bienal-chaco-epu.jpg?resize=428%2C320&amp;ssl=1 428w\" alt=\"bienal-chaco-epu\" width=\"640\" height=\"480\" data-recalc-dims=\"1\" \/><\/figure>\n<h2><\/h2>\n<h2>Una experiencia multisensorial<\/h2>\n<p>Una de las notas distintivas de esta edici\u00f3n fue que la accesibilidad se incorpor\u00f3 con fuerza a la Bienal, con la opci\u00f3n de &#8220;ver con las manos&#8221;, una experiencia de audio descripci\u00f3n destinado a las personas ciegas, a partir de un proyecto que nuclea a 20 organizaciones y la provincia en la Red de accesibilidad cultural impulsado desde el Centro cultural alternativo (Cecual).<\/p>\n<p>Es la primera vez que en el marco de este evento -considerado uno de los m\u00e1s importantes del mundo- se realiza esta experiencia de accesibilidad, algo que se prolonga en otras actividades y abarca distintas discapacidades, como parte de esa apuesta de un arte para todos.<\/p>\n<p>Marturano, el \u00fanico representante argentino que tuvo la competencia internacional, comentaba que se sinti\u00f3 sorprendido con la visita de un grupo de personas ciegas que pidieron tocar la escultura. &#8220;Me sorprend\u00ed, quer\u00edan pasar a tocar las esculturas, y fue hermoso. Para m\u00ed esto ya vali\u00f3 la pena&#8221;, dec\u00eda el escultor, para quien lo t\u00e1ctil es fundamental.<\/p>\n<p>Eidman indica que tanto &#8220;en la econom\u00eda formal, como en la informal se ha generado un c\u00edrculo virtuoso con una activaci\u00f3n de la econom\u00eda local muy importante. Y eso valida y materializa muy bien lo que Fabriciano G\u00f3mez dec\u00eda, que nos cost\u00f3 un tiempo entenderlo. &#8220;Despu\u00e9s pudimos convertirlo en esa misi\u00f3n y visi\u00f3n de \u00b4hacer del arte un bien de todos\u00b4&#8221;. Y ampl\u00eda: &#8220;Nosotros pens\u00e1bamos que hablaba de la democratizaci\u00f3n del arte y la belleza pero en realidad ten\u00eda un contenido mucho m\u00e1s profundo. \u00c9l dec\u00eda que claramente el significado del arte es un medio de elevaci\u00f3n espiritual, pero evidentemente tambi\u00e9n es un poderoso agente de transformaci\u00f3n&#8221;, algo que se evidencia con la gran movida cultural que concentra la atenci\u00f3n en el gran predio de la capital chaque\u00f1a.<\/p>\n<p>El arte es el motor de la principal industria cultural de la provincia, as\u00ed como de la tur\u00edstica: &#8220;Diez d\u00edas completos de hoteles llenos y turistas consumiendo claramente es la otra dimensi\u00f3n de la Bienal que est\u00e1 generada a partir del arte, no desde un evento deportivo, ni de unas vacaciones en la playa&#8221;, apunta Eidman.<\/p>\n<figure class=\"wp-block-image size-full\"><img loading=\"lazy\" decoding=\"async\" class=\"wp-image-80691\" src=\"https:\/\/i0.wp.com\/elplanetaurbano.com\/wp-content\/uploads\/2022\/07\/bienaldelchaco-1.jpg?resize=640%2C426&amp;ssl=1\" sizes=\"(max-width: 640px) 100vw, 640px\" srcset=\"https:\/\/i0.wp.com\/elplanetaurbano.com\/wp-content\/uploads\/2022\/07\/bienaldelchaco-1.jpg?w=1024&amp;ssl=1 1024w, https:\/\/i0.wp.com\/elplanetaurbano.com\/wp-content\/uploads\/2022\/07\/bienaldelchaco-1.jpg?resize=300%2C200&amp;ssl=1 300w, https:\/\/i0.wp.com\/elplanetaurbano.com\/wp-content\/uploads\/2022\/07\/bienaldelchaco-1.jpg?resize=890%2C593&amp;ssl=1 890w\" alt=\"bienaldelchaco-1\" width=\"640\" height=\"426\" data-recalc-dims=\"1\" \/><\/figure>\n<h2><\/h2>\n<h2>Visitantes internacionales<\/h2>\n<p>Por otro lado, considera que la participaci\u00f3n de turismo internacional pudo haberse duplicado. Para la edici\u00f3n anterior esta estaba en un 5%, y un 15 % correspond\u00eda a la de otras provincias. Tambi\u00e9n, seg\u00fan la medici\u00f3n previa el 80% de las personas visitaban a la Bienal como su objetivo principal.<\/p>\n<p>Ante la complejidad de un evento de estas caracter\u00edsticas, el organizador plantea que al encontrarse &#8220;envuelto en una mega manifestaci\u00f3n art\u00edstica cultural y popular, donde est\u00e1 representada toda la realidad social de la provincia, desde el peque\u00f1o emprendedor o aquellos que que est\u00e1n afuera de la econom\u00eda, el ejercicio es volver al origen, que claramente est\u00e1 en el certamen internacional de escultura&#8221;.<\/p>\n<p>La presencia en Resistencia de algunos de los 10 mejores escultores contempor\u00e1neos del m\u00e1rmol es el gran plus de este encuentro, &#8220;el diferencial, es el concepto, la esencia&#8221;, dice Eidman.<\/p>\n<p>&#8220;Esto es lo que hace que nosotros seamos esta Bienal y no otra, o un festival. Es la cuesti\u00f3n identitaria de poder decir &#8216;somos un certamen internacional \u00fanico en el mundo por la calidad de la organizaci\u00f3n, pero fundamentalmente, porque la gente se ha apropiado y es un actor protag\u00f3nico&#8217;, porque la obra que se produce va a parar al espacio p\u00fablico. Eso hoy nos define como un modelo&#8221;, afirma.<\/p>\n<p>Otro dato llamativo es que habla de las implicaciones de la Bienal sobre la sociedad es la matr\u00edcula de inscriptos a las carreras de la Facultad de Arte super\u00f3 la de las carreras tradicionales, en 2016&#8243;, seg\u00fan aporta Eidman.[\/vc_column_text][\/vc_column][\/vc_row][vc_row css_animation=&#8221;&#8221; row_type=&#8221;row&#8221; use_row_as_full_screen_section=&#8221;no&#8221; type=&#8221;full_width&#8221; angled_section=&#8221;no&#8221; text_align=&#8221;left&#8221; background_image_as_pattern=&#8221;without_pattern&#8221;][vc_column][vc_empty_space][vc_column_text]Fuente:\u00a0 <a href=\"https:\/\/elplanetaurbano.com\/2022\/07\/con-record-de-asistencia-y-gran-proyeccion-asi-fue-la-bienal-de-esculturas-de-chaco\/\" target=\"_blank\" rel=\"noopener\">https:\/\/elplanetaurbano.com\/2022\/07\/con-record-de-asistencia-y-gran-proyeccion-asi-fue-la-bienal-de-esculturas-de-chaco\/<\/a>[\/vc_column_text][vc_empty_space][\/vc_column][\/vc_row][vc_row css_animation=&#8221;&#8221; row_type=&#8221;row&#8221; use_row_as_full_screen_section=&#8221;no&#8221; type=&#8221;full_width&#8221; angled_section=&#8221;no&#8221; text_align=&#8221;left&#8221; background_image_as_pattern=&#8221;without_pattern&#8221;][vc_column][vc_column_text]\n[\/vc_column_text][\/vc_column][\/vc_row]\n","protected":false},"excerpt":{"rendered":"<p>Seg\u00fan estimaciones, la Bienal fue visitada por 800.000 personas. Un evento que se consolida como un hito decisivo que potencia las industrias culturales y tur\u00edsticas de la regi\u00f3n.<\/p>\n","protected":false},"author":3,"featured_media":10301,"comment_status":"closed","ping_status":"closed","sticky":false,"template":"","format":"standard","meta":{"footnotes":""},"categories":[6],"tags":[],"_links":{"self":[{"href":"https:\/\/www.bienaldelchaco.org\/2022\/wp-json\/wp\/v2\/posts\/10300"}],"collection":[{"href":"https:\/\/www.bienaldelchaco.org\/2022\/wp-json\/wp\/v2\/posts"}],"about":[{"href":"https:\/\/www.bienaldelchaco.org\/2022\/wp-json\/wp\/v2\/types\/post"}],"author":[{"embeddable":true,"href":"https:\/\/www.bienaldelchaco.org\/2022\/wp-json\/wp\/v2\/users\/3"}],"replies":[{"embeddable":true,"href":"https:\/\/www.bienaldelchaco.org\/2022\/wp-json\/wp\/v2\/comments?post=10300"}],"version-history":[{"count":1,"href":"https:\/\/www.bienaldelchaco.org\/2022\/wp-json\/wp\/v2\/posts\/10300\/revisions"}],"predecessor-version":[{"id":10302,"href":"https:\/\/www.bienaldelchaco.org\/2022\/wp-json\/wp\/v2\/posts\/10300\/revisions\/10302"}],"wp:featuredmedia":[{"embeddable":true,"href":"https:\/\/www.bienaldelchaco.org\/2022\/wp-json\/wp\/v2\/media\/10301"}],"wp:attachment":[{"href":"https:\/\/www.bienaldelchaco.org\/2022\/wp-json\/wp\/v2\/media?parent=10300"}],"wp:term":[{"taxonomy":"category","embeddable":true,"href":"https:\/\/www.bienaldelchaco.org\/2022\/wp-json\/wp\/v2\/categories?post=10300"},{"taxonomy":"post_tag","embeddable":true,"href":"https:\/\/www.bienaldelchaco.org\/2022\/wp-json\/wp\/v2\/tags?post=10300"}],"curies":[{"name":"wp","href":"https:\/\/api.w.org\/{rel}","templated":true}]}}