{"id":10349,"date":"2022-07-27T12:35:30","date_gmt":"2022-07-27T15:35:30","guid":{"rendered":"https:\/\/www.bienaldelchaco.org\/2022\/?p=10349"},"modified":"2022-07-29T12:39:31","modified_gmt":"2022-07-29T15:39:31","slug":"destacada-participacion-de-la-escuela-gaspar-di-gennaro-en-el-certamen-desafios","status":"publish","type":"post","link":"https:\/\/www.bienaldelchaco.org\/2022\/destacada-participacion-de-la-escuela-gaspar-di-gennaro-en-el-certamen-desafios\/","title":{"rendered":"Destacada participaci\u00f3n de la Escuela \u201cGaspar di Gennaro\u201d en el certamen \u201cDesaf\u00edos\u201d"},"content":{"rendered":"<div class=\"wrapper-header\">\n<div class=\"container-xl\">\n<div class=\"row\">\n<div class=\"col-12\">\n<div class=\"head-content mb-4\">\n<p>Luego de dos d\u00edas de descanso, tras el largo viaje para participar en la Bienal Internacional de Arte del Chaco, los alumnos de la Escuela de Arte N\u00b01 \u201cGaspar di Gennaro\u201d, se reincorporaron a clases y fueron recibidos con mucho orgullo por la comunidad educativa, pues los adolescentes midieron su destreza y creatividad con estudiantes avanzados de niveles terciarios y universitarios, logrando distinciones especiales por su excelente desempe\u00f1o.<\/p>\n<\/div>\n<\/div>\n<\/div>\n<\/div>\n<\/div>\n<div class=\"col-md-12 col-xs-12\">\n<div class=\"bajada\">\n<div class=\"byline\"><\/div>\n<\/div>\n<\/div>\n<p><!--more-->[vc_row css_animation=&#8221;&#8221; row_type=&#8221;row&#8221; use_row_as_full_screen_section=&#8221;no&#8221; type=&#8221;full_width&#8221; angled_section=&#8221;no&#8221; text_align=&#8221;left&#8221; background_image_as_pattern=&#8221;without_pattern&#8221;][vc_column][vc_column_text]De hecho, Agustina Denis Torres y Nicol\u00e1s Sosa Rodr\u00edguez, de 17 a\u00f1os, y Valentina Marilungo, de 13, fueron los participantes m\u00e1s j\u00f3venes del certamen \u201cDesaf\u00edo\u201d, enmarcado en la edici\u00f3n 2022 del encuentro realizado la semana pasada en la ciudad de Resistencia, a la que viajaron acompa\u00f1ados por las docentes Sonia Recalde y Mariana Avecilla.<\/p>\n<p>Los chicos debieron realizar, en un lapso de 48 horas, una escultura conforme a la memoria descriptiva presentada en la inscripci\u00f3n, que para el caso se trat\u00f3 de un trabajo en Urunday, \u201cuna madera muy diferente a las que hemos usado con anterioridad, pero con la que pudimos adaptarnos de inmediato y hacer la obra\u201d, explicaron los alumnos.<\/p>\n<p>Para concretar el proyecto, bautizado \u201cAre R\u00fcngi\u201d (\u201cLanza caliente\u201d, en ranquel), Agustina, Nicol\u00e1s y Valentina utilizaron una motosierra y otras herramientas de carpinter\u00eda, convirtiendo un tronco sin ning\u00fan tratamiento previo, en un mangrullo albergando un grupo de lanzas labradas, con sus puntas elevadas al cielo. Se trata de una alegor\u00eda a las ra\u00edces de Villa Mercedes, desde las culturas originarias de la zona al fort\u00edn que dar\u00eda origen a la ciudad.<\/p>\n<p>\u201cTuvimos miedo al principio\u2013reconocieron los chicos-, porque los dem\u00e1s artistas eran mayores y con m\u00e1s experiencia, pero el clima de trabajo fue hermoso y disfrutamos mucho de esta experiencia\u201d. De lo vivido, la \u201cGaspar di Gennaro\u201d desarrollar\u00e1 una serie de trabajos pedag\u00f3gicos, incluido un audiovisual con detalles de su intervenci\u00f3n en la prestigiosa muestra art\u00edstica.<\/p>\n<div id=\"arve-youtube-qrhn7kyc4jw62e3fe22c6284891325853\" class=\"arve\" data-mode=\"normal\" data-oembed=\"1\" data-provider=\"youtube\"><\/div>\n[\/vc_column_text][\/vc_column][\/vc_row][vc_row css_animation=&#8221;&#8221; row_type=&#8221;row&#8221; use_row_as_full_screen_section=&#8221;no&#8221; type=&#8221;full_width&#8221; angled_section=&#8221;no&#8221; text_align=&#8221;left&#8221; background_image_as_pattern=&#8221;without_pattern&#8221;][vc_column][vc_empty_space][vc_gallery interval=&#8221;3&#8243; images=&#8221;10353,10352,10351,10350&#8243; img_size=&#8221;full&#8221;][vc_empty_space][vc_video link=&#8221;https:\/\/www.youtube.com\/embed\/qrHn7kYc4jw&#8221;][vc_empty_space][vc_column_text]Fuente:\u00a0 <a href=\"https:\/\/agenciasanluis.com\/notas\/2022\/07\/27\/destacada-participacion-de-la-escuela-gaspar-di-gennaro-en-el-certamen-desafios\/\" target=\"_blank\" rel=\"noopener\">https:\/\/agenciasanluis.com\/notas\/2022\/07\/27\/destacada-participacion-de-la-escuela-gaspar-di-gennaro-en-el-certamen-desafios\/<\/a>[\/vc_column_text][vc_empty_space][\/vc_column][\/vc_row]\n","protected":false},"excerpt":{"rendered":"<p>Luego de dos d\u00edas de descanso, tras el largo viaje para participar en la Bienal Internacional de Arte del Chaco, los alumnos de la Escuela de Arte N\u00b01 \u201cGaspar di Gennaro\u201d, se reincorporaron a clases y fueron recibidos con mucho orgullo por la comunidad educativa,&#8230;<\/p>\n","protected":false},"author":3,"featured_media":10353,"comment_status":"closed","ping_status":"closed","sticky":false,"template":"","format":"standard","meta":{"footnotes":""},"categories":[6],"tags":[],"_links":{"self":[{"href":"https:\/\/www.bienaldelchaco.org\/2022\/wp-json\/wp\/v2\/posts\/10349"}],"collection":[{"href":"https:\/\/www.bienaldelchaco.org\/2022\/wp-json\/wp\/v2\/posts"}],"about":[{"href":"https:\/\/www.bienaldelchaco.org\/2022\/wp-json\/wp\/v2\/types\/post"}],"author":[{"embeddable":true,"href":"https:\/\/www.bienaldelchaco.org\/2022\/wp-json\/wp\/v2\/users\/3"}],"replies":[{"embeddable":true,"href":"https:\/\/www.bienaldelchaco.org\/2022\/wp-json\/wp\/v2\/comments?post=10349"}],"version-history":[{"count":1,"href":"https:\/\/www.bienaldelchaco.org\/2022\/wp-json\/wp\/v2\/posts\/10349\/revisions"}],"predecessor-version":[{"id":10354,"href":"https:\/\/www.bienaldelchaco.org\/2022\/wp-json\/wp\/v2\/posts\/10349\/revisions\/10354"}],"wp:featuredmedia":[{"embeddable":true,"href":"https:\/\/www.bienaldelchaco.org\/2022\/wp-json\/wp\/v2\/media\/10353"}],"wp:attachment":[{"href":"https:\/\/www.bienaldelchaco.org\/2022\/wp-json\/wp\/v2\/media?parent=10349"}],"wp:term":[{"taxonomy":"category","embeddable":true,"href":"https:\/\/www.bienaldelchaco.org\/2022\/wp-json\/wp\/v2\/categories?post=10349"},{"taxonomy":"post_tag","embeddable":true,"href":"https:\/\/www.bienaldelchaco.org\/2022\/wp-json\/wp\/v2\/tags?post=10349"}],"curies":[{"name":"wp","href":"https:\/\/api.w.org\/{rel}","templated":true}]}}