{"id":10355,"date":"2022-07-26T12:56:51","date_gmt":"2022-07-26T15:56:51","guid":{"rendered":"https:\/\/www.bienaldelchaco.org\/2022\/?p=10355"},"modified":"2022-07-29T13:03:40","modified_gmt":"2022-07-29T16:03:40","slug":"comenzo-el-encuentro-internacional-de-escultores-en-el-impenetrable","status":"publish","type":"post","link":"https:\/\/www.bienaldelchaco.org\/2022\/comenzo-el-encuentro-internacional-de-escultores-en-el-impenetrable\/","title":{"rendered":"Comenz\u00f3 el Encuentro Internacional de Escultores en El Impenetrable"},"content":{"rendered":"<p>La vicegobernadora, Anal\u00eda Rach Quiroga, encabez\u00f3 el acto de apertura en Juan Jos\u00e9 Castelli. Los escultores de la Bienal se trasladaron hasta all\u00ed.<\/p>\n<div class=\"col-md-12 col-xs-12\">\n<div class=\"bajada\">\n<div class=\"byline\"><\/div>\n<\/div>\n<\/div>\n<p><!--more-->[vc_row css_animation=&#8221;&#8221; row_type=&#8221;row&#8221; use_row_as_full_screen_section=&#8221;no&#8221; type=&#8221;full_width&#8221; angled_section=&#8221;no&#8221; text_align=&#8221;left&#8221; background_image_as_pattern=&#8221;without_pattern&#8221;][vc_column][vc_column_text]La vicegobernadora Anal\u00eda Rach Quiroga particip\u00f3 este martes del acto inaugural de la octava edici\u00f3n del Encuentro Internacional de Escultores en El Impenetrable, el cual lleva como lema \u201cEternidad\u201d. El evento es organizado por la Fundaci\u00f3n Amigos del Arte y Turismo y recibir\u00e1 a artistas de Asia, Europa y Am\u00e9rica Latina, del 26 al 31 de julio en su plaza central.<\/p>\n<p>\u201cEste encuentro nos llena de alegr\u00eda, porque sabemos que al igual que en Resistencia ser\u00e1 una experiencia para compartir, para ver el trabajo de los escultores a cielo abierto. Esperamos una semana con distintas expresiones art\u00edsticas y talleres para todos los gustos, por lo que seguramente va a ser una semana a puro arte y a pura cultura\u201d, expres\u00f3 Rach Quiroga.<\/p>\n<p>De esta manera,\u00a0<strong>los diez reconocidos escultores que participaron en la\u00a0<a href=\"https:\/\/datachaco.com\/contenido\/141996\/mas-de-800-mil-personas-asistieron-a-la-bienal-2022\">Bienal de Escultura en Resistencia<\/a>\u00a0participar\u00e1n de este encuentro nuevamente en suelo chaque\u00f1o<\/strong>. Ellos son Genti Tavanxhiu (Albania), Verena Mayer Tasch (Alemania), Juan Pablo Marturano (Argentina), David Bucio (M\u00e9xico), Sodong Choe (Corea del Sur), Arijel Strukelj (Eslovenia), Jhon Gogaberishvili (Georgia), Ebru Akinci (Turqu\u00eda), Ihor Tkachivskyi (Ucrania) y Petre Virgiliu Mogosanu (Rumania), ganador del primer premio de la Bienal de Esculturas.<\/p>\n<p><img loading=\"lazy\" decoding=\"async\" class=\"size-full wp-image-10357 alignnone\" src=\"https:\/\/www.bienaldelchaco.org\/2022\/wp-content\/uploads\/2022\/07\/multimedia.normal.8592525fe5486468.37376633633536623938643066643461366635353834623439646361373465355f6e6f726d616c2e77656270.png\" alt=\"\" width=\"1024\" height=\"685\" srcset=\"https:\/\/www.bienaldelchaco.org\/2022\/wp-content\/uploads\/2022\/07\/multimedia.normal.8592525fe5486468.37376633633536623938643066643461366635353834623439646361373465355f6e6f726d616c2e77656270.png 1024w, https:\/\/www.bienaldelchaco.org\/2022\/wp-content\/uploads\/2022\/07\/multimedia.normal.8592525fe5486468.37376633633536623938643066643461366635353834623439646361373465355f6e6f726d616c2e77656270-300x201.png 300w, https:\/\/www.bienaldelchaco.org\/2022\/wp-content\/uploads\/2022\/07\/multimedia.normal.8592525fe5486468.37376633633536623938643066643461366635353834623439646361373465355f6e6f726d616c2e77656270-768x514.png 768w, https:\/\/www.bienaldelchaco.org\/2022\/wp-content\/uploads\/2022\/07\/multimedia.normal.8592525fe5486468.37376633633536623938643066643461366635353834623439646361373465355f6e6f726d616c2e77656270-700x468.png 700w\" sizes=\"(max-width: 1024px) 100vw, 1024px\" \/><\/p>\n<p><strong>Castelli recibir\u00e1 adem\u00e1s a los escultores y a los artistas argentinos invitados, M\u00f3nica Souza y Alejandro Arce, junto a dos artesanos representantes del Chaco Impenetrable, Pablo Ajnal y Gerardo Aranda.\u00a0<\/strong>\u201cNuestros escultores invitados regionales de Miraflores y Bermejito van a estar trabajando en madera\u201d, cont\u00f3 la vicegobernadora.<\/p>\n<p>La vicegobernadora destac\u00f3 la importancia del evento para la regi\u00f3n:\u00a0<strong>\u201cNos esperan d\u00edas muy fruct\u00edferos, porque este tipo de eventos generan un movimiento positivo desde la reserva y la ocupaci\u00f3n de la capacidad hotelera, hasta el consumo y el ingreso que genera esto en la localidad\u201d, explic\u00f3.<\/strong>[\/vc_column_text][\/vc_column][\/vc_row][vc_row css_animation=&#8221;&#8221; row_type=&#8221;row&#8221; use_row_as_full_screen_section=&#8221;no&#8221; type=&#8221;full_width&#8221; angled_section=&#8221;no&#8221; text_align=&#8221;left&#8221; background_image_as_pattern=&#8221;without_pattern&#8221;][vc_column][vc_empty_space][vc_column_text]Fuente:\u00a0 <a href=\"https:\/\/datachaco.com\/contenido\/142114\/comenzo-el-encuentro-internacional-de-escultores-en-el-impenetrable\" target=\"_blank\" rel=\"noopener\">https:\/\/datachaco.com\/contenido\/142114\/comenzo-el-encuentro-internacional-de-escultores-en-el-impenetrable<\/a>[\/vc_column_text][vc_empty_space][\/vc_column][\/vc_row]\n","protected":false},"excerpt":{"rendered":"<p>La vicegobernadora, Anal\u00eda Rach Quiroga, encabez\u00f3 el acto de apertura en Juan Jos\u00e9 Castelli. Los escultores de la Bienal se trasladaron hasta all\u00ed.<\/p>\n","protected":false},"author":3,"featured_media":10356,"comment_status":"closed","ping_status":"closed","sticky":false,"template":"","format":"standard","meta":{"footnotes":""},"categories":[6],"tags":[],"_links":{"self":[{"href":"https:\/\/www.bienaldelchaco.org\/2022\/wp-json\/wp\/v2\/posts\/10355"}],"collection":[{"href":"https:\/\/www.bienaldelchaco.org\/2022\/wp-json\/wp\/v2\/posts"}],"about":[{"href":"https:\/\/www.bienaldelchaco.org\/2022\/wp-json\/wp\/v2\/types\/post"}],"author":[{"embeddable":true,"href":"https:\/\/www.bienaldelchaco.org\/2022\/wp-json\/wp\/v2\/users\/3"}],"replies":[{"embeddable":true,"href":"https:\/\/www.bienaldelchaco.org\/2022\/wp-json\/wp\/v2\/comments?post=10355"}],"version-history":[{"count":1,"href":"https:\/\/www.bienaldelchaco.org\/2022\/wp-json\/wp\/v2\/posts\/10355\/revisions"}],"predecessor-version":[{"id":10358,"href":"https:\/\/www.bienaldelchaco.org\/2022\/wp-json\/wp\/v2\/posts\/10355\/revisions\/10358"}],"wp:featuredmedia":[{"embeddable":true,"href":"https:\/\/www.bienaldelchaco.org\/2022\/wp-json\/wp\/v2\/media\/10356"}],"wp:attachment":[{"href":"https:\/\/www.bienaldelchaco.org\/2022\/wp-json\/wp\/v2\/media?parent=10355"}],"wp:term":[{"taxonomy":"category","embeddable":true,"href":"https:\/\/www.bienaldelchaco.org\/2022\/wp-json\/wp\/v2\/categories?post=10355"},{"taxonomy":"post_tag","embeddable":true,"href":"https:\/\/www.bienaldelchaco.org\/2022\/wp-json\/wp\/v2\/tags?post=10355"}],"curies":[{"name":"wp","href":"https:\/\/api.w.org\/{rel}","templated":true}]}}