{"id":10406,"date":"2022-07-27T16:57:52","date_gmt":"2022-07-27T19:57:52","guid":{"rendered":"https:\/\/www.bienaldelchaco.org\/2022\/?p=10406"},"modified":"2022-07-29T17:02:52","modified_gmt":"2022-07-29T20:02:52","slug":"bienal-2022-aguardan-resultados-del-impacto-ambiental-para-trabajar-en-su-mitigacion","status":"publish","type":"post","link":"https:\/\/www.bienaldelchaco.org\/2022\/bienal-2022-aguardan-resultados-del-impacto-ambiental-para-trabajar-en-su-mitigacion\/","title":{"rendered":"Bienal 2022: aguardan resultados del impacto ambiental para trabajar en su mitigaci\u00f3n"},"content":{"rendered":"<div class=\"wrapper-header\">\n<div class=\"container-xl\">\n<div class=\"row\">\n<div class=\"col-12\">\n<div class=\"head-content mb-4\">\n<p class=\"principal\">El Ministerio de Ambiente y Desarrollo Territorial Sostenible, junto a Fundaci\u00f3n Urunday, Chaco Bureau, la Facultad de Artes de la Unne y la empresa Aero Sustentable, midieron la huella de carbono generada por el evento y desarrollan el c\u00e1lculo para conocer sus dimensiones y accionar en pos de la mitigaci\u00f3n del impacto ambiental.<\/p>\n<\/div>\n<\/div>\n<\/div>\n<\/div>\n<\/div>\n<div class=\"col-md-12 col-xs-12\">\n<div class=\"bajada\">\n<div class=\"byline\"><\/div>\n<\/div>\n<\/div>\n<p><!--more-->[vc_row css_animation=&#8221;&#8221; row_type=&#8221;row&#8221; use_row_as_full_screen_section=&#8221;no&#8221; type=&#8221;full_width&#8221; angled_section=&#8221;no&#8221; text_align=&#8221;left&#8221; background_image_as_pattern=&#8221;without_pattern&#8221;][vc_column][vc_column_text]Desde la cartera ambiental se promocion\u00f3 adem\u00e1s durante la realizaci\u00f3n del evento el uso sostenible de los recursos con el fin de minimizar los efectos nocivos hacia el ambiente, desde la incentivaci\u00f3n en la comunidad del uso compartido de medios de movilidad, la utilizaci\u00f3n de eco-bolsas y eco-vasos para evitar los pl\u00e1sticos de un solo uso y hasta la instalaci\u00f3n de una torre de energ\u00eda solar ubicada en el stand de Ambiente, donde los visitantes pudieron recargar su celular y calentar agua mediante el uso de energ\u00eda renovable.<\/p>\n<p>En cuanto a la medici\u00f3n de la huella de carbono, durante el encuentro estudiantes de la FADYCC (Facultad de Artes, Dise\u00f1o y Ciencias de la Cultura de la Universidad Nacional del Nordeste) realizaron encuestas para calcular la huella de la poblaci\u00f3n asistente, lo que luego se suma a los datos t\u00e9cnicos referidos al consumo energ\u00e9tico que se dio en el predio y la informaci\u00f3n de escultores y artistas que participaron.<\/p>\n<p>La empresa Aero Sustentable es la que se encuentra ahora analizando todas estas referencias para brindar con precisi\u00f3n el resultado de la huella emitida; el Ministerio de Ambiente y Desarrollo Territorial Sostenible ser\u00e1 luego el que a trav\u00e9s de acciones ambientales logr\u00e9 mitigar los efectos nocivos que se hayan generado en el ambiente, planteando algo nunca antes hecho en la Provincia.<\/p>\n<p>\u201cDesde el Ministerio de Ambiente estamos muy contentos porque fue un \u00e9xito esta primera experiencia de medici\u00f3n de la huella de carbono de un mega evento como es la Bienal Internacional y estamos muy conformes por la participaci\u00f3n de los turistas y visitantes en la respuesta a las encuestas, que es una de las formas de medici\u00f3n tomadas por el estudio\u201d, expres\u00f3 al respecto la subsecretaria de Ambiente y Biodiversidad, Paula Soneira.<\/p>\n<p>\u201cAhora estamos a la espera de los resultados y a partir de eso podremos tambi\u00e9n planificar otros eventos de la provincia con esta misma tecnolog\u00eda\u201d, explic\u00f3 y agreg\u00f3 que estos trabajos contribuyen a entender que el movimiento de la gente genera impacto ambiental y por ende hay que generar una reducci\u00f3n de ese impacto, que se puede planificar y organizar.<\/p>\n<p>Apoyo a los emprendedores locales<\/p>\n<p>En este marco, el departamento de Gesti\u00f3n Integral de Residuos S\u00f3lidos Urbanos (GIRSU) visit\u00f3 en la Bienal el stand de la empresa chaque\u00f1a InPl\u00e1stico, con el fin de dialogar y pactar acciones a futuro de forma mancomunada.<\/p>\n<p>Se trata de un equipo de emprendedores de una pyme chaque\u00f1a con una larga trayectoria en el reciclado de pl\u00e1stico. \u201cHablamos con ellos para encarar proyectos en conjunto a futuro con organizaciones y recuperadores y recuperadoras urbanas del Gran Resistencia, de manera que podamos desde el Estado acompa\u00f1ar este tipo de iniciativas que tienen un triple impacto\u201d, detall\u00f3 al respecto el coordinador del \u00e1rea Andr\u00e9s Reina.<\/p>\n<p>Emprendimientos como estos promueven el empleo genuino; compran material reciclado a recuperadores urbanos, generando tambi\u00e9n empleo indirecto y producen rentabilidad con un impacto econ\u00f3mico y ambiental, evitando que alrededor de 100 toneladas de pl\u00e1stico por mes lleguen a los vertederos y basurales.<\/p>\n<p>\u201cDesde el Ministerio reivindicamos la actividad de estos actores del sector privado y le proponemos a la ciudadan\u00eda que apoyen este tipo de iniciativas que son muy necesarias en nuestra \u00e9poca, dada la cantidad de pl\u00e1stico que se genera debido al consumo humano\u201d, destac\u00f3 Reina.<\/p>\n<p>InPl\u00e1stico es una empresa chaque\u00f1a de triple impacto ubicada en Alvear 3470, en la ciudad de Fontana. Se dedican al reciclado de polietileno y a la fabricaci\u00f3n de bolsas con materia prima 100% reciclable.[\/vc_column_text][\/vc_column][\/vc_row][vc_row css_animation=&#8221;&#8221; row_type=&#8221;row&#8221; use_row_as_full_screen_section=&#8221;no&#8221; type=&#8221;full_width&#8221; angled_section=&#8221;no&#8221; text_align=&#8221;left&#8221; background_image_as_pattern=&#8221;without_pattern&#8221;][vc_column][vc_empty_space][vc_gallery interval=&#8221;3&#8243; images=&#8221;10407,10408,10409,10410&#8243; img_size=&#8221;full&#8221;][vc_empty_space][vc_column_text]Fuente:\u00a0 <a href=\"https:\/\/comunicacion.chaco.gov.ar\/noticia\/69233\/bienal-2022-aguardan-resultados-de-impacto-ambiental-para-trabajar-en-su-mitigacion\" target=\"_blank\" rel=\"noopener\">https:\/\/comunicacion.chaco.gov.ar\/noticia\/69233\/bienal-2022-aguardan-resultados-de-impacto-ambiental-para-trabajar-en-su-mitigacion<\/a>[\/vc_column_text][vc_empty_space][\/vc_column][\/vc_row]\n","protected":false},"excerpt":{"rendered":"<p>El Ministerio de Ambiente y Desarrollo Territorial Sostenible, junto a Fundaci\u00f3n Urunday, Chaco Bureau, la Facultad de Artes de la Unne y la empresa Aero Sustentable, midieron la huella de carbono generada por el evento y desarrollan el c\u00e1lculo para conocer sus dimensiones y accionar&#8230;<\/p>\n","protected":false},"author":3,"featured_media":10407,"comment_status":"closed","ping_status":"closed","sticky":false,"template":"","format":"standard","meta":{"footnotes":""},"categories":[6],"tags":[],"_links":{"self":[{"href":"https:\/\/www.bienaldelchaco.org\/2022\/wp-json\/wp\/v2\/posts\/10406"}],"collection":[{"href":"https:\/\/www.bienaldelchaco.org\/2022\/wp-json\/wp\/v2\/posts"}],"about":[{"href":"https:\/\/www.bienaldelchaco.org\/2022\/wp-json\/wp\/v2\/types\/post"}],"author":[{"embeddable":true,"href":"https:\/\/www.bienaldelchaco.org\/2022\/wp-json\/wp\/v2\/users\/3"}],"replies":[{"embeddable":true,"href":"https:\/\/www.bienaldelchaco.org\/2022\/wp-json\/wp\/v2\/comments?post=10406"}],"version-history":[{"count":1,"href":"https:\/\/www.bienaldelchaco.org\/2022\/wp-json\/wp\/v2\/posts\/10406\/revisions"}],"predecessor-version":[{"id":10411,"href":"https:\/\/www.bienaldelchaco.org\/2022\/wp-json\/wp\/v2\/posts\/10406\/revisions\/10411"}],"wp:featuredmedia":[{"embeddable":true,"href":"https:\/\/www.bienaldelchaco.org\/2022\/wp-json\/wp\/v2\/media\/10407"}],"wp:attachment":[{"href":"https:\/\/www.bienaldelchaco.org\/2022\/wp-json\/wp\/v2\/media?parent=10406"}],"wp:term":[{"taxonomy":"category","embeddable":true,"href":"https:\/\/www.bienaldelchaco.org\/2022\/wp-json\/wp\/v2\/categories?post=10406"},{"taxonomy":"post_tag","embeddable":true,"href":"https:\/\/www.bienaldelchaco.org\/2022\/wp-json\/wp\/v2\/tags?post=10406"}],"curies":[{"name":"wp","href":"https:\/\/api.w.org\/{rel}","templated":true}]}}