{"id":10534,"date":"2022-08-17T09:43:21","date_gmt":"2022-08-17T12:43:21","guid":{"rendered":"https:\/\/www.bienaldelchaco.org\/2022\/?p=10534"},"modified":"2022-08-23T13:41:40","modified_gmt":"2022-08-23T16:41:40","slug":"martinez-destaco-la-restauracion-del-monumento-ubicado-en-el-aeropuerto-y-exalto-los-valores-de-san-martin","status":"publish","type":"post","link":"https:\/\/www.bienaldelchaco.org\/2022\/martinez-destaco-la-restauracion-del-monumento-ubicado-en-el-aeropuerto-y-exalto-los-valores-de-san-martin\/","title":{"rendered":"Mart\u00ednez destac\u00f3 la restauraci\u00f3n del monumento ubicado en el aeropuerto y exalt\u00f3 los valores de San Mart\u00edn"},"content":{"rendered":"<p>Con actividades encabezadas por el intendente de Resistencia, Gustavo Mart\u00ednez, y con la presencia de los regimientos hist\u00f3ricos de la Patria, Resistencia rindi\u00f3 homenaje al 172\u00b0 aniversario del fallecimiento del General Jos\u00e9 de San Mart\u00edn destacando la importancia de recuperar los valores del Padre de la Patria para plasmarlos en la actualidad y hacia las nuevas generaciones.<\/p>\n<div class=\"byline\"><\/div>\n<div><\/div>\n<p><!--more-->[vc_row css_animation=&#8221;&#8221; row_type=&#8221;row&#8221; use_row_as_full_screen_section=&#8221;no&#8221; type=&#8221;full_width&#8221; angled_section=&#8221;no&#8221; text_align=&#8221;left&#8221; background_image_as_pattern=&#8221;without_pattern&#8221;][vc_column][vc_column_text]El Jefe comunal llev\u00f3 a cabo el izamiento de banderas en el M\u00e1stil Mayor y luego, junto a autoridades municipales, provinciales, de las distintas fuerzas armadas y de seguridad presentes, remarc\u00f3 la trascendencia de la recuperaci\u00f3n integral del monumento en homenaje a San Mart\u00edn ubicado en el ingreso al Aeropuerto Internacional Resistencia, donde adem\u00e1s el Municipio coloc\u00f3 las \u201cm\u00e1ximas sanmartinianas\u201d.<\/p>\n<p>Durante los homenajes, Gustavo resalt\u00f3 que \u201crecuperar los valores y los s\u00edmbolos patrios en todas estas acciones permiten la construcci\u00f3n de la identidad que queremos para la ciudad de Resistencia y para la tan necesaria reconstrucci\u00f3n del tejido social. Por eso tenemos que seguir revalorizando a aquellos hombres de la Patria que han tenido actitud destacada en la historia de la Argentina\u201d. As\u00ed, reflexion\u00f3 que \u201clos problemas de cada d\u00eda no tienen que provocar que dejemos de lado los principios y valores que hicieron grande a nuestro pa\u00eds\u201d.<\/p>\n<p>En ese marco, reiter\u00f3 el objetivo de la presente gesti\u00f3n comunal de recuperar los valores mediante cada acto patrio y sobre ello indic\u00f3 que cada celebraci\u00f3n coordinada por el Municipio dejaron el mensaje de \u201cvolver a acercarnos a nuestros regimientos hist\u00f3ricos de la Patria, que es reconocer que lo que hoy vivimos, disfrutamos y a veces nos alteramos por no tener todas las condiciones de confort no ha sido gratis. Ha sido producto de la lucha y el esfuerzo de integrantes de nuestro pueblo y de hombres de valores como el general San Mart\u00edn\u201d.<\/p>\n<p>Bajo esos conceptos, el Intendente se dirigi\u00f3 hacia los alumnos de escuelas primarias y secundarias presentes en el Aeropuerto y les pidi\u00f3 imitar la humildad de los pr\u00f3ceres para evitar involucrarse en luchas de intereses particulares y mezquinos. \u201cHoy necesitamos nuevamente inculcar a nuestros j\u00f3venes los valores patrios. Recuperar esa visi\u00f3n de que la construcci\u00f3n social se da por principios, no por metas econ\u00f3micas o lucha de acumular bienes personales sin ning\u00fan tipo de m\u00e9rito. Por eso es clave recordar que en este suelo existieron personas como el General San Mart\u00edn, que entregaron su propia vida por la soberan\u00eda y la independencia\u201d, refiri\u00f3.<\/p>\n<p>&nbsp;<\/p>\n<p><strong>RECUPERACI\u00d3N DEL PATRIMONIO<\/strong><\/p>\n<p>Por otra parte, el Jefe comunal subray\u00f3 el trabajo realizado por el Departamento Municipal de Restauraci\u00f3n y Mantenimiento de esculturas junto a la Fundaci\u00f3n Urunday para recuperar el monumento existente en el acceso al Aeropuerto, lo que calific\u00f3 como una acci\u00f3n para \u201crecuperar nuestra propia historia\u201d.<\/p>\n<p>Al respecto, la secretaria de Desarrollo Humano, Laura Balbis, destac\u00f3 la labor para recuperar lo que es un patrimonio escult\u00f3rico de la capital chaque\u00f1a y afirm\u00f3 la satisfacci\u00f3n de poder concretar dicho homenaje. Mientras que el subsecretario de Transporte, Luis Cabrera, record\u00f3 que ese espacio p\u00fablico lindero a la ruta nacional 11 era un habitual punto de encuentro en d\u00e9cadas anteriores y que el mencionado monumento estaba deteriorado, situaci\u00f3n a la que el Municipio afront\u00f3 y solucion\u00f3.<\/p>\n<p>Adem\u00e1s de los funcionarios mencionados, participaron de las actividades el concejal Carlos Salom; la Banda Municipal \u201cLuis Omobono Gusberti\u201d; la presidente de la Comisi\u00f3n Oficial de Fiestas Patrias, Carmen Ram\u00edrez; la referente de la Asociaci\u00f3n Cultural Sanmartiniana, Isabel Barros de Dellamea; representantes del Ministerio de Educaci\u00f3n; e integrantes del Consulado de Italia en Rosario.<\/p>\n<p>Dijeron presentes referentes de la III Brigada de Monte; de la Base A\u00e9rea Militar Resistencia de la Fuerza A\u00e9rea Argentina; del Regimiento de Granaderos a Caballo; de la Agrupaci\u00f3n 18\u00aa Resistencia y del Escuadr\u00f3n N\u00b0 51 de Gendarmer\u00eda Nacional; de Prefectura Naval Argentina; de la Polic\u00eda Federal; de la Prisi\u00f3n Regional del Norte U7; y del Servicio Penitenciario Provincial.<\/p>\n<p>Tambi\u00e9n participaron las comunidades educativas de las escuelas de educaci\u00f3n primaria N\u00b0 274, N\u00b0 383, N\u00b0 518, N\u00b0 695, N\u00b0 698, N\u00b0 737 y N\u00b0 1030. Adem\u00e1s, asistieron las escuelas de educaci\u00f3n secundaria N\u00b0 32, UEGP N\u00b0 172 Bachillerato Libre de Adultos \u201cGeneral San Mart\u00edn\u201d y el Instituto Superior \u201cDeolindo Felipe Bittel\u201d, al igual que representantes de la Fundaci\u00f3n Conin.[\/vc_column_text][\/vc_column][\/vc_row][vc_row css_animation=&#8221;&#8221; row_type=&#8221;row&#8221; use_row_as_full_screen_section=&#8221;no&#8221; type=&#8221;full_width&#8221; angled_section=&#8221;no&#8221; text_align=&#8221;left&#8221; background_image_as_pattern=&#8221;without_pattern&#8221;][vc_column][vc_empty_space][vc_column_text]Fuente:\u00a0 <a href=\"https:\/\/www.chacodiapordia.com\/2022\/08\/17\/martinez-destaco-la-restauracion-de-historico-monumento-ubicado-en-el-aeropuerto-y-exalto-los-valores-del-san-martin\/\" target=\"_blank\" rel=\"noopener\">https:\/\/www.chacodiapordia.com\/2022\/08\/17\/martinez-destaco-la-restauracion-de-historico-monumento-ubicado-en-el-aeropuerto-y-exalto-los-valores-del-san-martin\/<\/a><\/p>\n<p><a href=\"https:\/\/www.diarionorte.com\/221180-el-intendente-inauguro-el-restaurado-monumento-al-padre-de-la-patria\" target=\"_blank\" rel=\"noopener\">https:\/\/www.diarionorte.com\/221180-el-intendente-inauguro-el-restaurado-monumento-al-padre-de-la-patria<\/a>[\/vc_column_text][vc_empty_space][\/vc_column][\/vc_row]\n","protected":false},"excerpt":{"rendered":"<p>Con actividades encabezadas por el intendente de Resistencia, Gustavo Mart\u00ednez, y con la presencia de los regimientos hist\u00f3ricos de la Patria, Resistencia rindi\u00f3 homenaje al 172\u00b0 aniversario del fallecimiento del General Jos\u00e9 de San Mart\u00edn destacando la importancia de recuperar los valores del Padre de&#8230;<\/p>\n","protected":false},"author":3,"featured_media":10535,"comment_status":"closed","ping_status":"closed","sticky":false,"template":"","format":"standard","meta":{"footnotes":""},"categories":[6],"tags":[],"_links":{"self":[{"href":"https:\/\/www.bienaldelchaco.org\/2022\/wp-json\/wp\/v2\/posts\/10534"}],"collection":[{"href":"https:\/\/www.bienaldelchaco.org\/2022\/wp-json\/wp\/v2\/posts"}],"about":[{"href":"https:\/\/www.bienaldelchaco.org\/2022\/wp-json\/wp\/v2\/types\/post"}],"author":[{"embeddable":true,"href":"https:\/\/www.bienaldelchaco.org\/2022\/wp-json\/wp\/v2\/users\/3"}],"replies":[{"embeddable":true,"href":"https:\/\/www.bienaldelchaco.org\/2022\/wp-json\/wp\/v2\/comments?post=10534"}],"version-history":[{"count":3,"href":"https:\/\/www.bienaldelchaco.org\/2022\/wp-json\/wp\/v2\/posts\/10534\/revisions"}],"predecessor-version":[{"id":10543,"href":"https:\/\/www.bienaldelchaco.org\/2022\/wp-json\/wp\/v2\/posts\/10534\/revisions\/10543"}],"wp:featuredmedia":[{"embeddable":true,"href":"https:\/\/www.bienaldelchaco.org\/2022\/wp-json\/wp\/v2\/media\/10535"}],"wp:attachment":[{"href":"https:\/\/www.bienaldelchaco.org\/2022\/wp-json\/wp\/v2\/media?parent=10534"}],"wp:term":[{"taxonomy":"category","embeddable":true,"href":"https:\/\/www.bienaldelchaco.org\/2022\/wp-json\/wp\/v2\/categories?post=10534"},{"taxonomy":"post_tag","embeddable":true,"href":"https:\/\/www.bienaldelchaco.org\/2022\/wp-json\/wp\/v2\/tags?post=10534"}],"curies":[{"name":"wp","href":"https:\/\/api.w.org\/{rel}","templated":true}]}}