{"id":10694,"date":"2022-12-13T14:59:22","date_gmt":"2022-12-13T17:59:22","guid":{"rendered":"https:\/\/www.bienaldelchaco.org\/2022\/?p=10694"},"modified":"2022-12-14T15:01:45","modified_gmt":"2022-12-14T18:01:45","slug":"el-bagaje-artistico-de-la-plaza-revivido","status":"publish","type":"post","link":"https:\/\/www.bienaldelchaco.org\/2022\/el-bagaje-artistico-de-la-plaza-revivido\/","title":{"rendered":"El bagaje art\u00edstico de la plaza, revivido"},"content":{"rendered":"<p>La plaza 25 de mayo es rosa cardinal, es piedra basal de la planimetr\u00eda de la ciudad. Es parque bot\u00e1nico, es territorio de tr\u00e1nsito y paseo. Su funci\u00f3n social ha sido siempre protag\u00f3nica: tribuna de oradores, jura de gobernadores, conciertos de la banda municipal, sala de cine al aire libre, acampe ind\u00edgena, marchas sociales, festejos patrios, asiento de los concursos de escultura.<\/p>\n<p><!--more-->[vc_row css_animation=&#8221;&#8221; row_type=&#8221;row&#8221; use_row_as_full_screen_section=&#8221;no&#8221; type=&#8221;full_width&#8221; angled_section=&#8221;no&#8221; text_align=&#8221;left&#8221; background_image_as_pattern=&#8221;without_pattern&#8221;][vc_column][vc_column_text]Tambi\u00e9n es la plaza un museo al aire libre (dentro del gran museo al aire libre que es la ciudad toda) y con emblem\u00e1ticos monumentos, esculturas, murales que tienen el apego de ir contando, marcando, la historia de la ciudad. Definitivamente, la plaza y la historia de Resistencia son indisolubles.<br \/>\nLa actual remodelaci\u00f3n ha dado luz verde para la puesta en valor del bagaje art\u00edstico que est\u00e1 siendo llevado adelante por el Departamento de Conservaci\u00f3n y Restauraci\u00f3n de las Esculturas.<\/p>\n<p>A la plaza 25 de mayo, hoy s\u00f3lo se la bordea. Est\u00e1 tapiada. Las profusas y verdes cabezas de \u00e1rboles emergen del corset de 800 metros de pared provisoria.<br \/>\nEl parque vallado retrotrae al cuento infantil de aquel gigante que hace una alta cerca a su jard\u00edn majestuoso para que no entren a jugar los ni\u00f1os. No es el caso. Con la compa\u00f1\u00eda de Ceferino Ferreyra, responsable del DMRE de la Fundaci\u00f3n Urunday, se abre el port\u00f3n sobre la avenida 25 de mayo para que la mirada comience a \u201cjugar\u201d con la inusitada visual: la plaza de 4 manzanas en plena din\u00e1mica de remodelaci\u00f3n, cruzada y entrecruzada por camiones, carretillas, obreros, operarios que van y vienen, suben y bajan; remueven tierra aqu\u00ed, trasladan materiales all\u00e1, perimetran con cinta m\u00e1s all\u00e1. Se afianzan mobiliarios urbanos, la luminaria se consolida al suelo, se abren nuevos senderos, aparecen glorietas\u2026 Hay algo m\u00e1s que el ojo comienza a percibir: una fuerte y como nueva presencia del arte que ampara esta plaza, sensaci\u00f3n que se hace patente cuando se llega al frente de la estatua de San Mart\u00edn que luce un \u201cnuevo color\u201d.<br \/>\nExplica Ceferino que el hierro cuando se oxida se va comiendo a s\u00ed mismo; sin embargo el bronce se cubre de una p\u00e1tina natural para protegerse que modifica su coloratura original. El San Mart\u00edn volvi\u00f3 a vestir su verde cardenillo.<br \/>\n\u201cYa lo hab\u00edamos intervenido en 2005 en la ocasi\u00f3n de la llegada a Resistencia de la ex presidenta Cristina Kirchner para el Tedeum del 25 de mayo; intervenimos sobre el San Mart\u00edn y el monumento a la Loba\u201d, recuerda.<br \/>\nObservando con detenimiento la figura ecuestre del pr\u00f3cer a 10 metros de altura, se dimensiona el tama\u00f1o soberbio con un peso de 400 kilos y se va adivinando lo amplitud y puntillismo del trabajo -en la cola, las espuelas, el sable-, habida cuenta que \u201cestaba pintada con laca poliuretana y hubo que quitarla primeramente y no sin much\u00edsimo esfuerzo y detalle. Fueron 8 personas comprometidas con la obra durante 45 d\u00edas. Finalmente qued\u00f3 en todo su esplendor. Y vieras a la hora de la tarde, cuando el sol pega en el rostro de San Mart\u00edn\u2026\u201d declara conforme el restaurador.<br \/>\nSin dudas, un trabajo de alta performance. \u201cSon m\u00e1s de 17 obras que en mes y medio y trabajando 14 horas por d\u00eda hemos ido poniendo en valor, la verdad, hoy lucen como nuevas. Todo el equipo est\u00e1 preparado para enfrentar estos desaf\u00edos, formado y capacitado con los mejores maestros en restauraci\u00f3n de Argentina\u201d.<\/p>\n<p>&nbsp;<\/p>\n<p><strong>CAMINATA<\/strong><br \/>\nEl recorrido por las obras intervenidas inicia con este potente San Mart\u00edn, calco del original del franc\u00e9s Joseph Louis Doumas, plantado en 1945; contin\u00faa con una opulenta cabeza de \u201cCacique joven\u201d, un quebracho colorado de Carlos Schenone (pegado al cual, hay un hermoso ejemplar de quebracho colorado); el Monumento a la loba romana inaugurado en 1922, fruto de una colecta de las familias italianas fundadoras; el busto de Irigoyen, el busto de G\u00fcemes, la dorada estatua de Eva Per\u00f3n de Alfredo Secreto; el busto de Paula Albarrac\u00edn de Sarmiento que lleva la firma del gran Perlotti, la cabeza en bronce de F. de Arranz hecha por Vicente Puig, la tambi\u00e9n ic\u00f3nica obra \u201cSin t\u00edtulo\u201d: tronco de urunday encastrado en un banco de plaza por el escultor Peralta, participante en uno de los concursos de la plaza; la cabeza en bronce de Alberdi, la estatua del general D\u00f3novan \u2013al igual que la loba- subvencionada por colecta p\u00fablica y donde a sus pies juraron los gobernadores del Territorio hasta 1925\u2026 El sobrerrelieve de travertino de Ernestina Azlor. Y tambi\u00e9n el Monumento al Maestro de Mimo Eidman y Fabriciano, que tuvo una importante intervenci\u00f3n sobre el panel central y la reconstrucci\u00f3n de la pierna y pie de la figura de la maestra.<\/p>\n<p>&nbsp;<\/p>\n<p><strong>EL VERDE BONOME<\/strong><br \/>\nHay otro monumento que pasaba inadvertido, camuflado en el paisaje, que ha sido negligentemente abandonado y hoy sucede su reparaci\u00f3n hist\u00f3rica.<br \/>\nSe trata de un mural que a la vez es una fuente. Una obra -se dir\u00eda- de construcci\u00f3n colectiva: el boceto de Rodrigo Bonome, la realizaci\u00f3n de Fernando Arranz, la ejecuci\u00f3n de piezas cer\u00e1micas, de la Escuela Nacional de Cer\u00e1mica de Buenos Aires y la direcci\u00f3n de obra en Resistencia, del arquitecto Mascheroni. Data del a\u00f1o, 1970.<br \/>\nDos palabras sobre los autores primarios: Bonome, un gran pintor, asiduo al paisajismo y escritor, profesor e intelectual argentino; Arranz, ceramista y profesor espa\u00f1ol nacionalizado argentino, la cer\u00e1mica argentina se remite necesariamente a su presencia y a su obra.<br \/>\nMariana Giordano escribe que Bonome fue uno de los mayores colaboradores en el plan de embellecimiento que plante\u00f3 el Fog\u00f3n de los Arrieros quien le ofrece en 1969 la ejecuci\u00f3n de un mural en la plaza central a trav\u00e9s del aporte de la provincia y el municipio.<br \/>\nY all\u00ed est\u00e1 ese paisaje nocturno del monte que lo \u201cva dome\u00f1ando\u201d la especialista en Conservaci\u00f3n y Restauraci\u00f3n de Bienes Culturales (UMSA), Andrea Ypa .<br \/>\nMuy entusiasmada con el trabajo, habla de la b\u00fasqueda permanente del paisajista Bonome por ese verde argentino, y de esta obra en especial que refracta \u201cel verde chaque\u00f1o de Bonome en una escena nocturna del monte chaque\u00f1o con su fauna y flora aut\u00f3ctona, con el yaguaret\u00e9, la serpiente enroscada, la intromisi\u00f3n humana \u2013cazador, hacheros-\u201c, explica y va se\u00f1alando las figuras en el mural que tras espec\u00edficas limpiezas y tratamientos de las piezas de ladrillo refractario esmaltado recobra la vida, la luz, el color. El mural \u201cChaco\u201d comienza a deslumbrar.<br \/>\nYpa muestra la luna, los p\u00e1jaros, enumera los \u00e1rboles chaque\u00f1os encarnados en la cer\u00e1mica. Tambi\u00e9n se entusiasma y celebra la recuperaci\u00f3n de la fuente ovalada que es parte de la obra y que estaba \u00a1rellenada de tierra! Ahora en franca recuperaci\u00f3n.<\/p>\n<p>&nbsp;<\/p>\n<p><strong>CL\u00c1SICA Y ROM\u00c1NTICA<\/strong><br \/>\nQueda un trecho m\u00e1s de itinerario para ver otras dos esculturas muy especiales por ser ejemplos singulares de la belleza cl\u00e1sica, por ser las dos estatuas m\u00e1s antiguas de la plaza que junto a unos grandes jarrones, sobreviven, con mucho encanto, como los acervos pret\u00e9ritos.<br \/>\nEst\u00e1n all\u00ed desde 1915. Permanecen. Siguen dialogando en la contemporaneidad. Una de ellas, Venus, conocida en el imaginario colectivo como La ba\u00f1ista; construida en marmolina, exigi\u00f3 una limpieza en profundidad por la gruesa p\u00e1tina que le dio el tiempo en la piel porosa; y la otra: El cazador, en hierro fundido que amerit\u00f3 una cera para recobrar su color amarronado cobrizo. Tambi\u00e9n en ambas obras se trabaj\u00f3 sobre los pedestales cubiertos \u201ccon infinitas capas de pintura a la cal que fueron extra\u00eddas hasta rescatar el ornato original de la base\u201d, explica Ceferino.<\/p>\n<p>&nbsp;<\/p>\n<p><strong>UNA PLAZA<\/strong><br \/>\nLa plaza 25 de Mayo, visualizada en la agrimensura de Selstrang, especificada en 1884 en el plano de Carlos Tassier, vive hoy, una de las transformaciones de \u00e9poca.<br \/>\nHojeando lecturas de Pompert de Valenzuela y Garc\u00eda Pulido se extraen curiosidades y amenidades.<br \/>\nLa plaza fue originalmente cuatro manzanas bald\u00edas que funcionaban como campo de alfalfa para los caballos de los colonos que ven\u00edan al centro en busca de v\u00edveres. Alambrada luego con 16 molinetes para el paso de personas y no de animales perdur\u00f3 con esa impronta hasta mediados de la d\u00e9cada del 20. En 1887 se le dio luz con faroles alimentados a carb\u00f3n. En 1909 funcion\u00f3 el cine al aire libre y desde la primera d\u00e9cada de 1900 tuvo una rotonda dedicada especialmente a conciertos de la banda municipal de m\u00fasica.<br \/>\nEl cuidado de la plaza estuvo a cargo de la gobernaci\u00f3n del territorio y desde 1889 cuidada por la municipalidad que abri\u00f3 diagonales, calles internas.<br \/>\nDe la \u00e9poca del territorio emergieron 3 monumentos: La estatua del gobernador D\u00f3novan (1919) en cuyos pies hasta 1925 juraban los gobernadores el cargo, la loba romana (1922) proyecto y construcci\u00f3n iniciada en 1920 por Pedro Fiacadori y la colectividad italiana y cuya inauguraci\u00f3n tuvo el plus de una carrera de caballos, y el monumento dedicado a San Mart\u00edn (1945) aunque la piedra fundamental se hubiera colocado ya en 1929.<br \/>\nEn su orondo m\u00e1s de siglo de vida, fue sede de actividades c\u00edvicas, patri\u00f3ticas, religiosas, ben\u00e9ficas, art\u00edsticas, \u00e1gora para reclamos de gremios y grupos sociales, festejos pol\u00edticos. Y fue cuna de los concursos de esculturas devenida Bienal Internacional de Escultura.<br \/>\nCabe destacar que la plaza ha sumado la memoria de Malvinas y de Margarita Bel\u00e9n en su solar.<\/p>\n<p>&nbsp;<\/p>\n<p><strong>CENTRALIDAD DEL DMRE<\/strong><br \/>\n\u201cEl Departamento de Mantenimiento y Restauraci\u00f3n de Esculturas est\u00e1 integrado por un equipo capacitado, todos diplomados universitarios en conservaci\u00f3n y restauraci\u00f3n de bienes art\u00edsticos. Reciben permanentemente capacitaciones a trav\u00e9s de una red de asesores especialistas en diferentes campos y adem\u00e1s, cuando un proyecto de restauraci\u00f3n o intervenci\u00f3n lo amerita, los perfiles que sean necesarios son incorporados como en el caso de Andrea Ypa para la restauraci\u00f3n de la fuente mural Chaco\u201d, coment\u00f3 el presidente de la FU, Josese Eidman.<br \/>\nSon casi 700 esculturas en el espacio de la ciudad. \u201cDe gran importancia entonces \u2013apunta Eidman- la presencia y la acci\u00f3n del DMRE que tiene una tarea principal y continua (por caso, en este \u00faltimo tiempo, la restauraci\u00f3n del gigante San Mart\u00edn de m\u00e1rmol en el acceso al aeropuerto, la obra Crisol de razas de Ricardo Jara en la pared frontal del CEF, la estatua de bronce \u201cMediod\u00eda\u201d de Nicol\u00e1s de San Luis y estas casi 20 obras art\u00edsticas -varias de gran envergadura-, que habitan la plaza central\u201d<br \/>\nDem\u00e1s decir que tras las tapias provisorias, los \u00e1rboles siguen de pie.<br \/>\nDem\u00e1s ratificar que las esculturas y murales de la plaza, vuelven a adquirir su brillo pr\u00edstino.[\/vc_column_text][\/vc_column][\/vc_row][vc_row css_animation=&#8221;&#8221; row_type=&#8221;row&#8221; use_row_as_full_screen_section=&#8221;no&#8221; type=&#8221;full_width&#8221; angled_section=&#8221;no&#8221; text_align=&#8221;left&#8221; background_image_as_pattern=&#8221;without_pattern&#8221;][vc_column][vc_empty_space][vc_gallery interval=&#8221;3&#8243; images=&#8221;10695,10696,10697,10698,10699,10700,10701,10702,10703,10704,10705,10706,10707,10708&#8243; img_size=&#8221;full&#8221; onclick=&#8221;&#8221;][vc_empty_space][vc_column_text]Fuente: <a href=\"https:\/\/www.chacodiapordia.com\/2022\/12\/14\/el-bagaje-artistico-de-la-plaza-25-de-mayo-comienza-a-ser-revivido-y-nuevamente-recuperado\/\" target=\"_blank\" rel=\"noopener\">https:\/\/www.chacodiapordia.com\/2022\/12\/14\/el-bagaje-artistico-de-la-plaza-25-de-mayo-comienza-a-ser-revivido-y-nuevamente-recuperado\/<\/a><\/p>\n<p><a href=\"https:\/\/libertaddigital.com.ar\/Notas\/Nota\/2018342842-el-bagaje-artistico-de-la-plaza-25-de-mayo-revivido\" target=\"_blank\" rel=\"noopener\">https:\/\/libertaddigital.com.ar\/Notas\/Nota\/2018342842-el-bagaje-artistico-de-la-plaza-25-de-mayo-revivido<\/a>[\/vc_column_text][vc_empty_space][\/vc_column][\/vc_row]\n","protected":false},"excerpt":{"rendered":"<p>La plaza 25 de mayo es rosa cardinal, es piedra basal de la planimetr\u00eda de la ciudad. Es parque bot\u00e1nico, es territorio de tr\u00e1nsito y paseo. Su funci\u00f3n social ha sido siempre protag\u00f3nica: tribuna de oradores, jura de gobernadores, conciertos de la banda municipal, sala&#8230;<\/p>\n","protected":false},"author":3,"featured_media":10695,"comment_status":"closed","ping_status":"closed","sticky":false,"template":"","format":"standard","meta":{"footnotes":""},"categories":[6],"tags":[],"_links":{"self":[{"href":"https:\/\/www.bienaldelchaco.org\/2022\/wp-json\/wp\/v2\/posts\/10694"}],"collection":[{"href":"https:\/\/www.bienaldelchaco.org\/2022\/wp-json\/wp\/v2\/posts"}],"about":[{"href":"https:\/\/www.bienaldelchaco.org\/2022\/wp-json\/wp\/v2\/types\/post"}],"author":[{"embeddable":true,"href":"https:\/\/www.bienaldelchaco.org\/2022\/wp-json\/wp\/v2\/users\/3"}],"replies":[{"embeddable":true,"href":"https:\/\/www.bienaldelchaco.org\/2022\/wp-json\/wp\/v2\/comments?post=10694"}],"version-history":[{"count":4,"href":"https:\/\/www.bienaldelchaco.org\/2022\/wp-json\/wp\/v2\/posts\/10694\/revisions"}],"predecessor-version":[{"id":10732,"href":"https:\/\/www.bienaldelchaco.org\/2022\/wp-json\/wp\/v2\/posts\/10694\/revisions\/10732"}],"wp:featuredmedia":[{"embeddable":true,"href":"https:\/\/www.bienaldelchaco.org\/2022\/wp-json\/wp\/v2\/media\/10695"}],"wp:attachment":[{"href":"https:\/\/www.bienaldelchaco.org\/2022\/wp-json\/wp\/v2\/media?parent=10694"}],"wp:term":[{"taxonomy":"category","embeddable":true,"href":"https:\/\/www.bienaldelchaco.org\/2022\/wp-json\/wp\/v2\/categories?post=10694"},{"taxonomy":"post_tag","embeddable":true,"href":"https:\/\/www.bienaldelchaco.org\/2022\/wp-json\/wp\/v2\/tags?post=10694"}],"curies":[{"name":"wp","href":"https:\/\/api.w.org\/{rel}","templated":true}]}}