{"id":1253,"date":"2014-06-11T15:52:07","date_gmt":"2014-06-11T15:52:07","guid":{"rendered":"http:\/\/www.bienaldelchaco.com\/prueba\/?p=1253"},"modified":"2014-06-17T13:25:09","modified_gmt":"2014-06-17T13:25:09","slug":"frente-a-la-utn-resistencia-inauguro-su-escultura-numero-594","status":"publish","type":"post","link":"https:\/\/www.bienaldelchaco.org\/2022\/frente-a-la-utn-resistencia-inauguro-su-escultura-numero-594\/","title":{"rendered":"Frente a la UTN, Resistencia inaugur\u00f3 su escultura n\u00famero 594"},"content":{"rendered":"<p>El pasado viernes 6 de Junio, se realiz\u00f3 la inauguraci\u00f3n de la escultura n\u00famero 594 de Resistencia. La misma fue donada a la ciudad por la Fundaci\u00f3n Urunday y se emplazar\u00e1 frente a Radio Universidad, que pertenece a la Universidad Tecnol\u00f3gica Nacional, ubicada en French 410.<!--more--><\/p>\n<p>&nbsp;<\/p>\n<p><img decoding=\"async\" class=\"img-frame aligncenter\" alt=\"\" src=\"http:\/\/www.bienaldelchaco.com\/wp-content\/uploads\/2014\/06\/escultura-594.jpg\" \/><\/p>\n<p>&nbsp;<\/p>\n<p>El pasado viernes 6 de Junio, se realiz\u00f3 la inauguraci\u00f3n de la escultura n\u00famero 594 de Resistencia. La misma fue donada a la ciudad por la Fundaci\u00f3n Urunday y se emplazar\u00e1 frente a Radio Universidad, que pertenece a la Universidad Tecnol\u00f3gica Nacional, ubicada en French 410.<\/p>\n<p>&nbsp;<\/p>\n<p>La obra que forma parte del patrimonio cultural de la capital del Chaco fue confeccionada en madera y lleva como nombre \u201cNacimiento\u201d. Su autor es el artista Mauro Musante. Nacido en 1974 en la localidad bonaerense de Villa Ramallo, Musante estudi\u00f3 Dise\u00f1o Gr\u00e1fico y Publicitario en el Instituto Superior CEPEC y Bellas Artes en la Facultad de Humanidades y Artes de Rosario.<br \/>\nEn el a\u00f1o 2000 gan\u00f3 la Beca Ex Intercampus realizando el intercambio en la Universidad Polit\u00e9cnica de Valencia. En 2001 result\u00f3 ganador del concurso Arte y Memoria. Elaboraci\u00f3n de una obra escult\u00f3rica para un espacio p\u00fablico. Al a\u00f1o siguiente, fue primer premio en el Sal\u00f3n Nacional \u201cDiario la Capital\u201d, en Rosario. Ya en 2010, gan\u00f3 el concurso Monumento a los Inmigrantes, escultura emplazada en la plaza J. Manuel Bustos, en su localidad natal.<br \/>\nTambi\u00e9n realiz\u00f3 numerosas exposiciones en el pa\u00eds y el extranjero. Entre otras, se pueden destacar las realizadas entre 2005 y 2007,\u00a0 tiempo en el que particip\u00f3 de la muestra itinerante \u201cAfectos Robados en el Tiempo\u201d, en Salvador Bah\u00eda, Macei\u00f3, Recife y San Pablo, en Brasil.<br \/>\nEn 2006 y 2008 fue parte de la Bienal Internacional de Resistencia. En 2008 tambi\u00e9n particip\u00f3 del encuentro de Escultores Internacionales FEDEMA, en Formosa. Desde 1996 se desempe\u00f1a como docente y actualmente ejerce en la Escuela de Bellas Artes Facultad de Humanidades y Artes UNR, en la Escuela Provincial de Artes Visuales y en el Instituto Superior de Educaci\u00f3n T\u00e9cnica N\u00ba 18 de Rosario.<\/p>\n","protected":false},"excerpt":{"rendered":"<p>El pasado viernes 6 de Junio, se realiz\u00f3 la inauguraci\u00f3n de la escultura n\u00famero 594 de Resistencia. La misma fue donada a la ciudad por la Fundaci\u00f3n Urunday y se emplazar\u00e1 frente a Radio Universidad, que pertenece a la Universidad Tecnol\u00f3gica Nacional, ubicada en French&#8230;<\/p>\n","protected":false},"author":3,"featured_media":0,"comment_status":"closed","ping_status":"open","sticky":false,"template":"","format":"standard","meta":{"footnotes":""},"categories":[1],"tags":[],"_links":{"self":[{"href":"https:\/\/www.bienaldelchaco.org\/2022\/wp-json\/wp\/v2\/posts\/1253"}],"collection":[{"href":"https:\/\/www.bienaldelchaco.org\/2022\/wp-json\/wp\/v2\/posts"}],"about":[{"href":"https:\/\/www.bienaldelchaco.org\/2022\/wp-json\/wp\/v2\/types\/post"}],"author":[{"embeddable":true,"href":"https:\/\/www.bienaldelchaco.org\/2022\/wp-json\/wp\/v2\/users\/3"}],"replies":[{"embeddable":true,"href":"https:\/\/www.bienaldelchaco.org\/2022\/wp-json\/wp\/v2\/comments?post=1253"}],"version-history":[{"count":4,"href":"https:\/\/www.bienaldelchaco.org\/2022\/wp-json\/wp\/v2\/posts\/1253\/revisions"}],"predecessor-version":[{"id":1438,"href":"https:\/\/www.bienaldelchaco.org\/2022\/wp-json\/wp\/v2\/posts\/1253\/revisions\/1438"}],"wp:attachment":[{"href":"https:\/\/www.bienaldelchaco.org\/2022\/wp-json\/wp\/v2\/media?parent=1253"}],"wp:term":[{"taxonomy":"category","embeddable":true,"href":"https:\/\/www.bienaldelchaco.org\/2022\/wp-json\/wp\/v2\/categories?post=1253"},{"taxonomy":"post_tag","embeddable":true,"href":"https:\/\/www.bienaldelchaco.org\/2022\/wp-json\/wp\/v2\/tags?post=1253"}],"curies":[{"name":"wp","href":"https:\/\/api.w.org\/{rel}","templated":true}]}}