{"id":1962,"date":"2014-11-17T15:14:17","date_gmt":"2014-11-17T15:14:17","guid":{"rendered":"http:\/\/www.bienaldelchaco.com\/?p=1962"},"modified":"2015-01-09T10:49:37","modified_gmt":"2015-01-09T10:49:37","slug":"una-vereda-para-respirar-el-arte-escultorico","status":"publish","type":"post","link":"https:\/\/www.bienaldelchaco.org\/2022\/una-vereda-para-respirar-el-arte-escultorico\/","title":{"rendered":"Una vereda para respirar el arte escult\u00f3rico"},"content":{"rendered":"<p>Hay un camino para hacerlo a pie, que exige cierta disposici\u00f3n del caminante: control de la ansiedad, pulmones oxigenados, mirada perspicaz y ganas de disfrute.<\/p>\n<p>El resultado es\u00a0 una caminata que no es s\u00f3lo desandar, sino una dosis bien generosa de recreaci\u00f3n luminosa con el arte a trav\u00e9s de esculturas\u00a0 que como moj\u00f3n acompasado va trascendiendo al ejercicio mismo.<!--more--><\/p>\n<p>Estamos haciendo referencia a la Rambla de las Esculturas, antesala al Museum, obra del consagrado paisajista argentino Pradial Guti\u00e9rrez que elabor\u00f3 esta parquizaci\u00f3n art\u00edstica y natural por invitaci\u00f3n de la Fundaci\u00f3n Urunday, con quien encara amplios proyectos.<\/p>\n<p>La noticia que alimenta esta nota\u00a0 es la presente remodelaci\u00f3n y puesta a punto de la rambla a partir de un proyecto presentado por la Fundaci\u00f3n Urunday y materializado por el gobierno de la provincia del chaco\u00a0 direcci\u00f3n de estudios y proyectos campus UNNE resistencia<\/p>\n<p>Entre las cualidades del emprendimiento cabe destacar que la\u00a0 vereda\u00a0 incluir\u00e1 un itinerario peatonal para ser utilizado por las personas con discapacidad visual que incluir\u00e1 se\u00f1al\u00e9tica horizontal de prevenci\u00f3n colocada antes de cualquier obst\u00e1culo que se presente en el itinerario; adem\u00e1s, se intensific\u00f3 el parquizado y se realiz\u00f3 un especial trabajo de iluminaci\u00f3n de cada una de las 28 esculturas ubicadas a lo largo de la rambla con criterios luminot\u00e9cnicos de avanzada.<\/p>\n<p>&nbsp;<\/p>\n<p><strong>UN LUGAR QUE INSPIRA<\/strong><\/p>\n<p>En el sector norte de la ciudad, la vereda oeste que corre a lo largo de la avenida de los Inmigrantes tiene sus particularidades: no est\u00e1 cortada por calles sino que sigue a manera de cinta infinita a lo largo de 650 metros; no hay edificaci\u00f3n tras la l\u00ednea de construcci\u00f3n, ni casas ni comercios sino un ralo e intenso verde que ofrecen las canchas de atletismo.<\/p>\n<p>La rambla nace en la avenida Lavalle enfilando hacia el r\u00edo Negro y es uno de los frutos del proyecto sostenido que encara la Fundaci\u00f3n Urunday: la territorializaci\u00f3n escult\u00f3rica de la ciudad. La senda deviene promenade del Museum, el complejo que aloja el predio de los concursos internacionales, la sede de la Fundaci\u00f3n Urunday y su departamento de Restauraci\u00f3n y Mantenimiento de Esculturas, una galer\u00eda cerrada de arte y el Museum propiamente dicho, parque donde se exhiben obras ganadoras de Las Bienales de Escultura.<\/p>\n<p>&nbsp;<\/p>\n<p><strong>RECONSTRUCCI\u00d3N DE LA RAMBLA<\/strong><\/p>\n<p>La noticia\u00a0 de estos d\u00edas es la reconstrucci\u00f3n de la vereda de la Rambla de las Esculturas \u201cPradial Guti\u00e9rrez\u201d y en ese marco el arquitecto Miguel\u00a0 Monfardini dio detalles de los trabajos realizados que incluye: Rampas, Estacionamiento Accesible, Itinerario Peatonal, Plataforma para ascenso y descenso de pasajeros, Iluminaci\u00f3n, Ducto Desag\u00fce Pluvial.<\/p>\n<p>\u201cLos trabajos se encuentran en su \u00faltima etapa de construcci\u00f3n y\u00a0 en los pr\u00f3ximos d\u00edas si las condiciones clim\u00e1ticas lo permiten, concluir\u00edan con el proyecto\u201d, asever\u00f3.<\/p>\n<p>\u201cLa rambla es parte del Plan Maestro para el emplazamiento de esculturas en la Ciudad de Resistencia y sus \u00e1reas de influencia, representando la primera etapa del Circuito Norte de las Esculturas\u201d. Indico el arquitecto quien adem\u00e1s no quiso olvidar la colaboraci\u00f3n en todo el proyecto de\u00a0 Ing. A. M.\u00a0 Guinea, Arq. C. Gomila, Ing. A. Leonhardt, Ing. Romero, Ing. R. Barrios D\u00b4Ambra, Ing elec. J. Russo, Ing. Eduardo Padin.<\/p>\n<p>\u201cLa reconstrucci\u00f3n de la vereda era imprescindible ya que presentaba levantamientos de baldosas y\/o rotura de alisado de cemento; las rampas y los desniveles no pose\u00edan el acceso reglamentario para personas con discapacidad; nuestro\u00a0 objetivo fue aplicar est\u00e1ndares constructivos que garanticen la accesibilidad universal en el espacio p\u00fablico y dotar a la v\u00eda urbana de los implementos necesarios para el tr\u00e1nsito peatonal seguro y sin exclusiones\u201d, finaliz\u00f3.<\/p>\n<p>&nbsp;<\/p>\n<p><strong>ENTORNO VEGETAL<\/strong><\/p>\n<p>En la rambla se han plantado palmeras Pind\u00f3, Areca, Yata\u00ed, Palmera Mejicana Abanico y otras, diferentes especies arb\u00f3reas como Lapacho, Jacarand\u00e1, Guayaba, Timb\u00f3 Blanco y Colorado, arbustivas y herb\u00e1ceas, tal la Agave americana, Rosa china, Aralia Disciplinada, Azarero, etc\u00e9tera,\u00a0 construyendo d\u00e1rsenas concebidas como expansiones hacia el albard\u00f3n del Parque 2 de Febrero.\u00a0 En el futuro, las herb\u00e1ceas trepar\u00e1n por el alambrado existente que marca el l\u00edmite del campo deportivo, constituyendo, hacia el lado de la Rambla de las Esculturas un tel\u00f3n vegetal continuo verde que homogeneizar\u00e1 y favorecer\u00e1 la visualizaci\u00f3n de las piezas escult\u00f3ricas.<\/p>\n<p>Es menester se\u00f1alar que las plantaciones no alteran el parquizado existente.<\/p>\n<p>&nbsp;<\/p>\n<p><strong>UNA CIUDAD PARA LA BELLEZA<\/strong><\/p>\n<p>El aporte est\u00e9tico que la Fundaci\u00f3n Urunday hace a la Ciudad de Resistencia est\u00e1 orientado al descubrimiento de un nuevo sentido de experiencias perceptivas en los diversos recorridos que generan los emplazamientos de las esculturas, y eso se siente fuertemente en la rambla con el marcado sesgo de museo al aire libre que detenta, ofreciendo acompasadamente, 28 obras de arte enmarcadas en un logrado entorno paisaj\u00edstico.<\/p>\n<p>Respecto al trabajo presente, sintetizaron los responsables de la Fundaci\u00f3n Urunday: \u201cEstas obras, tienen como objetivo \u201cgarantizar la accesibilidad correcta y eficiente para cualquier ciudadano, cualquiera sea su condici\u00f3n f\u00edsica\u201d al Museum de la Fundaci\u00f3n Urunday y al Domo del Centenario, como parte del Plan Maestro para el emplazamiento de esculturas en la Ciudad de Resistencia y sus \u00e1reas de influencia, representando la primera etapa del Circuito Norte de las Esculturas\u201d, explicaron.<\/p>\n<p>&#8220;La Rambla de las Esculturas es de alguna manera la bienvenida que les damos a los visitantes chaque\u00f1os y a los turistas con esculturas provenientes de diferentes concursos, que contar\u00e1 de noche con una iluminaci\u00f3n bell\u00edsima, espectacular&#8221;, dijo Fabriciano. Y engarz\u00f3:<\/p>\n<p>\u201cEstamos orgullosos de esta Rambla de las Esculturas que adem\u00e1s cumple los protocolos de las Normas ISO. Esta obra del querido Pradial, es un privilegio, un enjoyamiento m\u00e1s de la ciudad\u201d.<\/p>\n<p>&nbsp;<\/p>\n<p><strong>OBRAS<\/strong><\/p>\n<p>Esculturas en m\u00e1rmol, madera, cemento y metal configuran el paseo escult\u00f3rico. A continuaci\u00f3n el detalle de las obras y autores:<\/p>\n<p>\u00c1ngel M\u00edo de Mitko Dinev, Metal. Sol de Solidaridad de Marco Antonio, Rocha, Madera y metal. Coya, Toba, Mapuche de Hector, Viodoza,\u00a0 M\u00e1rmol Travertino. Bolsa de Leche de Prabhudesai Mahadev,\u00a0 M\u00e1rmol Travertino. Intitulada de Jos\u00e9 Luis De Leo, Madera. Comunicador de Emociones III de Ted Carrasco,\u00a0 M\u00e1rmol Travertino. No Matar\u00e1s de C\u00edcero D\u2019 Avila, Madera. City, de Liviu Russu,\u00a0 M\u00e1rmol Travertino. Progreso Global de Levon Tokmajyan,\u00a0 M\u00e1rmol Travertino. Memorando de un Investigador Interestelar de Young Im Ho, M\u00e1rmol Travertino. \u00cddolo Femenino de Ana Mar\u00eda De la Fuente, Madera. Pareja Astral de M\u00f3nica Chames, Cemento. Svela de El\u00edas Naman,\u00a0 M\u00e1rmol Travertino. Natura de Jes\u00fas Cobo,\u00a0 Madera. T\u00edtulo Desconocido de Carlos D\u00edaz Navarro, Madera. \u2026 Aquel que Ama y Respeta mis Mandamientos\u2026 de Pawel Chlebek,\u00a0 Madera. Interior de Mario Lopes, M\u00e1rmol Travertino. \u00daltima de Julia Farjat, Madera y metal<\/p>\n<p>Chacohachasol de Hector Johnson, Metal y M\u00e1rmol Travertino. Alas de Libertad de Rosa Bustos Cabral, Madera. Utop\u00eda de Fernanda Zacar\u00eda, Gramaglia, Enrique Sebasti\u00e1n y Cantarutti,\u00a0 Madera. Universo de Jorge Luiz Schr\u00f6der, Madera. \u00c1rbol y Tormenta de Enrique Villalobos Sandoval, Madera. Semilla del Desierto de Chalo Tulian,\u00a0 Madera. El Bosque en Paz de Baku Inoue,\u00a0 M\u00e1rmol Travertino. Identidad de Dar\u00edo Klehr, Cemento. El \u00daltimo Baktum de Nestor Alejandro Vildoza. El Vuelo de Diego Rena; Pablo Javier Ram\u00edrez, y Pablo Javier Garc\u00eda, Madera. El D\u00eda que la Tierra Pierda su Color de Fabriciano, Granito rojo. Adelante de Alessio Ranaldi,\u00a0 M\u00e1rmol Travertino. Song of the Wind: Crescendo de Michael Lyons, Metal y Sexto Sol de Carlos Monge, M\u00e1rmol Travertino<\/p>\n<p>&nbsp;<\/p>\n<p><img decoding=\"async\" class=\"img-frame \" alt=\"\" src=\"http:\/\/www.bienaldelchaco.com\/wp-content\/uploads\/2014\/11\/news_16112014_foto1-21.jpg\" \/><\/p>\n<p>&nbsp;<\/p>\n<p><img decoding=\"async\" class=\"img-frame \" alt=\"\" src=\"http:\/\/www.bienaldelchaco.com\/wp-content\/uploads\/2014\/11\/news_16112014_foto1-31.jpg\" \/><\/p>\n","protected":false},"excerpt":{"rendered":"<p>Hay un camino para hacerlo a pie, que exige cierta disposici\u00f3n del caminante: control de la ansiedad, pulmones oxigenados, mirada perspicaz y ganas de disfrute. El resultado es\u00a0 una caminata que no es s\u00f3lo desandar, sino una dosis bien generosa de recreaci\u00f3n luminosa con el&#8230;<\/p>\n","protected":false},"author":3,"featured_media":1963,"comment_status":"closed","ping_status":"closed","sticky":false,"template":"","format":"standard","meta":{"footnotes":""},"categories":[6],"tags":[],"_links":{"self":[{"href":"https:\/\/www.bienaldelchaco.org\/2022\/wp-json\/wp\/v2\/posts\/1962"}],"collection":[{"href":"https:\/\/www.bienaldelchaco.org\/2022\/wp-json\/wp\/v2\/posts"}],"about":[{"href":"https:\/\/www.bienaldelchaco.org\/2022\/wp-json\/wp\/v2\/types\/post"}],"author":[{"embeddable":true,"href":"https:\/\/www.bienaldelchaco.org\/2022\/wp-json\/wp\/v2\/users\/3"}],"replies":[{"embeddable":true,"href":"https:\/\/www.bienaldelchaco.org\/2022\/wp-json\/wp\/v2\/comments?post=1962"}],"version-history":[{"count":6,"href":"https:\/\/www.bienaldelchaco.org\/2022\/wp-json\/wp\/v2\/posts\/1962\/revisions"}],"predecessor-version":[{"id":1986,"href":"https:\/\/www.bienaldelchaco.org\/2022\/wp-json\/wp\/v2\/posts\/1962\/revisions\/1986"}],"wp:featuredmedia":[{"embeddable":true,"href":"https:\/\/www.bienaldelchaco.org\/2022\/wp-json\/wp\/v2\/media\/1963"}],"wp:attachment":[{"href":"https:\/\/www.bienaldelchaco.org\/2022\/wp-json\/wp\/v2\/media?parent=1962"}],"wp:term":[{"taxonomy":"category","embeddable":true,"href":"https:\/\/www.bienaldelchaco.org\/2022\/wp-json\/wp\/v2\/categories?post=1962"},{"taxonomy":"post_tag","embeddable":true,"href":"https:\/\/www.bienaldelchaco.org\/2022\/wp-json\/wp\/v2\/tags?post=1962"}],"curies":[{"name":"wp","href":"https:\/\/api.w.org\/{rel}","templated":true}]}}