{"id":2274,"date":"2015-06-16T03:02:11","date_gmt":"2015-06-16T03:02:11","guid":{"rendered":"http:\/\/www.bienaldelchaco.com\/?p=2274"},"modified":"2015-06-16T13:58:03","modified_gmt":"2015-06-16T13:58:03","slug":"el-presidente-de-tarjeta-naranja-mecenas-de-la-bienal-visito-el-museum","status":"publish","type":"post","link":"https:\/\/www.bienaldelchaco.org\/2022\/el-presidente-de-tarjeta-naranja-mecenas-de-la-bienal-visito-el-museum\/","title":{"rendered":"El presidente de Tarjeta Naranja,  Mecenas de la Bienal,  visit\u00f3 el MusEUM"},"content":{"rendered":"<p>El presidente de Tarjeta Naranja y mecenas de la Bienal Internacional de Escultura, visit\u00f3 el MusEUM, en su paso por la provincia del Chaco.<\/p>\n<p><!--more--><\/p>\n<p>&nbsp;<\/p>\n<p>Acompa\u00f1ado por P\u00eda L\u00f3pez, Lic. en relaciones institucionales, David Ruda presidente de Tarjeta Naranja visit\u00f3 la Fundaci\u00f3n Urunday, para conocer personalmente el MusEUM y las tarea que all\u00ed se desarrollan.<\/p>\n<p>&nbsp;<\/p>\n<p>Fue recibido por Fabriciano y otros integrantes de la Fundaci\u00f3n Urunday \u00a0quienes compartieron una recorrida por el predio y en la reuni\u00f3n posterior le explicaron al mecenas (que era la primera vez que los visitaba), como se trabaja para y durante la fiesta escult\u00f3rica m\u00e1s importante de la provincia, la Bienal Internacional de Escultura.<\/p>\n<p>&nbsp;<\/p>\n<p>Fabriciano, agradeci\u00f3 a David Ruda (presidente de Tarjeta Naranja) por la confianza y el apoyo al proyecto que hace posible la realizaci\u00f3n de la Bienal. \u201cUsted firmo un papel en blanco comprometiendo un porcentaje de sus impuestos a la cultura\u201d, se\u00f1al\u00f3 el presidente de la Fundaci\u00f3n Urunday.<\/p>\n<p>&nbsp;<\/p>\n<p>Al ser consultado sobre la Bienal, Ruda manifest\u00f3: \u201cIngres\u00e9 pensando que iba a encontrar. Se me nubla la voz. Tengo la piel de gallina, es una maravilla todo lo que est\u00e1n haciendo, ojala lo pudieran hacer en todo el pa\u00eds, en una maravilla\u201d, repiti\u00f3 para finalizar.<\/p>\n<p>&nbsp;<\/p>\n<p>Para finalizar el encuentro, los integrantes de la comisi\u00f3n directiva de la Fundaci\u00f3n Urunday, le entregaron a Ruda, una r\u00e9plica de la obra \u201cCuando Cantaba el Novik\u00e9\u201d \u00a0de la artista Mimo Eidman.<\/p>\n<p>&nbsp;<\/p>\n<p>&nbsp;<\/p>\n<p>Ley de Mecenazgo en Chaco<\/p>\n<p>&nbsp;<\/p>\n<p>Ley N\u00b05459 de Fomento de la Actividad Privada en Actividades Culturales que fuera reglamentada a finales de 2007 a trav\u00e9s del Decreto N\u00b02053. La finalidad de esta ley es la de promover, desde el Estado, la participaci\u00f3n de las empresas y los particulares en el sostenimiento de proyectos culturales.<\/p>\n<p>&nbsp;<\/p>\n<p>De acuerdo al texto de la ley, el Mecenazgo consiste \u201cen el acto de patrocinio, est\u00edmulo, sustento y promoci\u00f3n de actividades culturales realizado por personas f\u00edsicas o jur\u00eddicas, particulares, comerciantes, empresarios que consiste en un aporte dinerario o de otros recursos, con o sin reciprocidad para la generaci\u00f3n, conservaci\u00f3n, enriquecimiento y difusi\u00f3n de bienes y servicios culturales\u201d.<br \/>\nPueden ser mecenas todo contribuyente que se constituya en donante o patrocinante en el momento de abonar el impuesto a los Ingresos Brutos por a\u00f1o calendario, pudiendo deducir hasta el 10% del mismo, la ATP emitir\u00e1 una Resoluci\u00f3n Interna autorizando al contribuyente (donante o patrocinante) a realizar dicho aporte, el cual ser\u00e1 acreditado en el Fondo Solidario Provincial para el Fomento de la Cultura.<\/p>\n<p>&nbsp;<\/p>\n<p><a href=\"http:\/\/www.bienaldelchaco.com\/wp-content\/uploads\/2015\/06\/naranja2.jpg\"><img loading=\"lazy\" decoding=\"async\" class=\"aligncenter size-large wp-image-2276\" src=\"http:\/\/www.bienaldelchaco.com\/wp-content\/uploads\/2015\/06\/naranja2-1024x677.jpg\" alt=\"naranja2\" width=\"1024\" height=\"677\" srcset=\"https:\/\/www.bienaldelchaco.org\/2022\/wp-content\/uploads\/2015\/06\/naranja2-1024x677.jpg 1024w, https:\/\/www.bienaldelchaco.org\/2022\/wp-content\/uploads\/2015\/06\/naranja2-300x198.jpg 300w, https:\/\/www.bienaldelchaco.org\/2022\/wp-content\/uploads\/2015\/06\/naranja2.jpg 1100w\" sizes=\"(max-width: 1024px) 100vw, 1024px\" \/><\/a><\/p>\n","protected":false},"excerpt":{"rendered":"<p>El presidente de Tarjeta Naranja y mecenas de la Bienal Internacional de Escultura, visit\u00f3 el MusEUM, en su paso por la provincia del Chaco.<\/p>\n","protected":false},"author":3,"featured_media":2275,"comment_status":"closed","ping_status":"closed","sticky":false,"template":"","format":"standard","meta":{"footnotes":""},"categories":[6],"tags":[],"_links":{"self":[{"href":"https:\/\/www.bienaldelchaco.org\/2022\/wp-json\/wp\/v2\/posts\/2274"}],"collection":[{"href":"https:\/\/www.bienaldelchaco.org\/2022\/wp-json\/wp\/v2\/posts"}],"about":[{"href":"https:\/\/www.bienaldelchaco.org\/2022\/wp-json\/wp\/v2\/types\/post"}],"author":[{"embeddable":true,"href":"https:\/\/www.bienaldelchaco.org\/2022\/wp-json\/wp\/v2\/users\/3"}],"replies":[{"embeddable":true,"href":"https:\/\/www.bienaldelchaco.org\/2022\/wp-json\/wp\/v2\/comments?post=2274"}],"version-history":[{"count":8,"href":"https:\/\/www.bienaldelchaco.org\/2022\/wp-json\/wp\/v2\/posts\/2274\/revisions"}],"predecessor-version":[{"id":2286,"href":"https:\/\/www.bienaldelchaco.org\/2022\/wp-json\/wp\/v2\/posts\/2274\/revisions\/2286"}],"wp:featuredmedia":[{"embeddable":true,"href":"https:\/\/www.bienaldelchaco.org\/2022\/wp-json\/wp\/v2\/media\/2275"}],"wp:attachment":[{"href":"https:\/\/www.bienaldelchaco.org\/2022\/wp-json\/wp\/v2\/media?parent=2274"}],"wp:term":[{"taxonomy":"category","embeddable":true,"href":"https:\/\/www.bienaldelchaco.org\/2022\/wp-json\/wp\/v2\/categories?post=2274"},{"taxonomy":"post_tag","embeddable":true,"href":"https:\/\/www.bienaldelchaco.org\/2022\/wp-json\/wp\/v2\/tags?post=2274"}],"curies":[{"name":"wp","href":"https:\/\/api.w.org\/{rel}","templated":true}]}}