{"id":2488,"date":"2016-01-08T14:56:57","date_gmt":"2016-01-08T14:56:57","guid":{"rendered":"http:\/\/www.bienaldelchaco.com\/?p=2488"},"modified":"2016-01-08T15:00:46","modified_gmt":"2016-01-08T15:00:46","slug":"la-fundacion-urunday-hizo-un-positivo-balance-de-los-logros-obtenidos-en-el-quinquenio-20102015","status":"publish","type":"post","link":"https:\/\/www.bienaldelchaco.org\/2022\/la-fundacion-urunday-hizo-un-positivo-balance-de-los-logros-obtenidos-en-el-quinquenio-20102015\/","title":{"rendered":"La Fundaci\u00f3n Urunday hizo un positivo balance de los logros obtenidos en el quinquenio 2010\/2015"},"content":{"rendered":"<p>El responsable del Departamento de Relaciones Institucionales de la Fundaci\u00f3n Urunday, Gaspar Gracia Daponte, junto con el presidente de la Fundaci\u00f3n, Fabriciano, realizaron la presentaci\u00f3n del balance anual de gesti\u00f3n de la instituci\u00f3n. Destacaron que se alcanzaron los objetivos previstos para el quinquenio 2010\/2015, que apuntaban a profesionalizar el funcionamiento y la estructura de la entidad y anticiparon que el per\u00edodo que viene (2015\/2020) ser\u00e1 el de la \u201corganizaci\u00f3n transformadora\u201d.<\/p>\n<p><!--more--><\/p>\n<p>&nbsp;<\/p>\n<blockquote><p>\u201cTodos los a\u00f1os consideramos que tenemos la obligaci\u00f3n de hacer un balance de lo que hemos hecho pero en este caso adem\u00e1s hemos presentado el balance de la mitad de nuestro plan estrat\u00e9gico 2010\/2020 que est\u00e1 separado en dos tramos y el primer tramo se ejecut\u00f3 en el tramo 2010\/2015 y ah\u00ed es donde hemos puesto el foco\u201d, coment\u00f3 Gracia Daponte.<\/p><\/blockquote>\n<p>Daponte explic\u00f3 que el plan que se propuso la Fundaci\u00f3n ten\u00eda dos grandes ejes: en el de 2010\/2015 se iba a trabajar sobre el concepto de \u201corganizaci\u00f3n sustentable\u201d para que despu\u00e9s en el 2016\/2020 trabajar en la \u201corganizaci\u00f3n transformadora\u201d.<\/p>\n<p>&nbsp;<\/p>\n<blockquote><p>\u201cEse eje de la sustentabilidad ten\u00eda como desaf\u00edo profesionalizar la gesti\u00f3n en general: la comunicaci\u00f3n, la gesti\u00f3n con los mecenas y el posicionamiento de la instituci\u00f3n en sus proyectos. Y en ese plano de la profesionalizaci\u00f3n hemos logrado objetivos muy importantes: desde la certificaci\u00f3n de Normas ISO 9001 para toda la estructura y funcionamiento de la Bienal, hasta reconocidos premios de alcance nacional que est\u00e1n vinculados con el posicionamiento del proyecto como los premios Mercurio o el Konex. As\u00ed que esta etapa 2010\/2015 ha sido muy positiva\u201d, destac\u00f3 Daponte.<\/p><\/blockquote>\n<p>&nbsp;<\/p>\n<blockquote><p>\u201cTenemos que tener objetivos claros y la fundaci\u00f3n los tiene\u201d, afirm\u00f3 por su parte Fabriciano. El artista reconoci\u00f3 en este sentido que \u201chay toda una sociedad que nos apoya y un periodismo que cree en este proyecto\u201d. \u201cHacer esto es importante para que todo llegue a un buen puerto. Treinta a\u00f1os atr\u00e1s no se hubiera pensado. Ahora estamos hablando de proyectos que van hasta el 2020. Esto da tranquilidad y seguridad a los proyectos con una base s\u00f3lida\u201d, afirm\u00f3.<\/p><\/blockquote>\n<p>&nbsp;<\/p>\n<p>\u00bfQu\u00e9 es lo que se viene en el per\u00edodo 2015\/2020? De acuerdo al balance presentado, la fundaci\u00f3n ya est\u00e1 trabajando en el proyecto \u201cParque de las Artes\u201d que permitir\u00e1 pasar de cuatro a 12 las hect\u00e1reas de superficie gestionada en la sede de la instituci\u00f3n y en la que convivir\u00e1n todas las expresiones art\u00edsticas y culturales de la provincia.<\/p>\n<p>En el predio se emplazar\u00e1 nada m\u00e1s ni nada menos que la escultura m\u00e1s grande del mundo: tendr\u00e1 m\u00e1s de 100 metros de altura con un ascensor y un mirador incorporado el cual se convertir\u00e1 en un \u00edcono cultural y tur\u00edstico para el Chaco y la regi\u00f3n.<\/p>\n<p>&nbsp;<\/p>\n<blockquote><p>\u201cEl 2016 nos encontrar\u00e1 con las energ\u00edas renovadas\u00a0 y con el desaf\u00edo que siempre enfrentamos: hacer la mejor Bienal Internacional de Escultura de la Historia\u201d, se\u00f1alaron desde la fundaci\u00f3n.<\/p><\/blockquote>\n<p>&nbsp;<\/p>\n<p><strong>Balance 2015 de la Fundaci\u00f3n Urunday<\/strong><\/p>\n<p><iframe loading=\"lazy\" width=\"1060\" height=\"596\" src=\"https:\/\/www.youtube.com\/embed\/Jx32rW5cSmI?feature=oembed\" frameborder=\"0\" allow=\"accelerometer; autoplay; encrypted-media; gyroscope; picture-in-picture\" allowfullscreen><\/iframe><\/p>\n<p>&nbsp;<\/p>\n<p><strong>Balance de Gestu\u00f3n de la Fundaci\u00f3n Urunday 2015 (completo)<\/strong><\/p>\n<p><iframe loading=\"lazy\" width=\"1060\" height=\"596\" src=\"https:\/\/www.youtube.com\/embed\/hOytDkE0v00?feature=oembed\" frameborder=\"0\" allow=\"accelerometer; autoplay; encrypted-media; gyroscope; picture-in-picture\" allowfullscreen><\/iframe><\/p>\n","protected":false},"excerpt":{"rendered":"<p>El responsable del Departamento de Relaciones Institucionales de la Fundaci\u00f3n Urunday, Gaspar Gracia Daponte, junto con el presidente de la Fundaci\u00f3n, Fabriciano, realizaron la presentaci\u00f3n del balance anual de gesti\u00f3n de la instituci\u00f3n. Destacaron que se alcanzaron los objetivos previstos para el quinquenio 2010\/2015, que&#8230;<\/p>\n","protected":false},"author":3,"featured_media":2489,"comment_status":"closed","ping_status":"closed","sticky":false,"template":"","format":"standard","meta":{"footnotes":""},"categories":[6],"tags":[],"_links":{"self":[{"href":"https:\/\/www.bienaldelchaco.org\/2022\/wp-json\/wp\/v2\/posts\/2488"}],"collection":[{"href":"https:\/\/www.bienaldelchaco.org\/2022\/wp-json\/wp\/v2\/posts"}],"about":[{"href":"https:\/\/www.bienaldelchaco.org\/2022\/wp-json\/wp\/v2\/types\/post"}],"author":[{"embeddable":true,"href":"https:\/\/www.bienaldelchaco.org\/2022\/wp-json\/wp\/v2\/users\/3"}],"replies":[{"embeddable":true,"href":"https:\/\/www.bienaldelchaco.org\/2022\/wp-json\/wp\/v2\/comments?post=2488"}],"version-history":[{"count":4,"href":"https:\/\/www.bienaldelchaco.org\/2022\/wp-json\/wp\/v2\/posts\/2488\/revisions"}],"predecessor-version":[{"id":2493,"href":"https:\/\/www.bienaldelchaco.org\/2022\/wp-json\/wp\/v2\/posts\/2488\/revisions\/2493"}],"wp:featuredmedia":[{"embeddable":true,"href":"https:\/\/www.bienaldelchaco.org\/2022\/wp-json\/wp\/v2\/media\/2489"}],"wp:attachment":[{"href":"https:\/\/www.bienaldelchaco.org\/2022\/wp-json\/wp\/v2\/media?parent=2488"}],"wp:term":[{"taxonomy":"category","embeddable":true,"href":"https:\/\/www.bienaldelchaco.org\/2022\/wp-json\/wp\/v2\/categories?post=2488"},{"taxonomy":"post_tag","embeddable":true,"href":"https:\/\/www.bienaldelchaco.org\/2022\/wp-json\/wp\/v2\/tags?post=2488"}],"curies":[{"name":"wp","href":"https:\/\/api.w.org\/{rel}","templated":true}]}}