{"id":2500,"date":"2016-01-08T15:15:24","date_gmt":"2016-01-08T15:15:24","guid":{"rendered":"http:\/\/www.bienaldelchaco.com\/?p=2500"},"modified":"2016-02-19T10:26:26","modified_gmt":"2016-02-19T10:26:26","slug":"escultura-no-614-en-resistencia-pareja-de-pedro-alcaina","status":"publish","type":"post","link":"https:\/\/www.bienaldelchaco.org\/2022\/escultura-no-614-en-resistencia-pareja-de-pedro-alcaina\/","title":{"rendered":"Escultura N\u00ba 614 en Resistencia: \u201cPareja\u201d, de Pedro Alcaina"},"content":{"rendered":"<p>La Fundaci\u00f3n Urunday emplaz\u00f3 la obra 614 de la ciudad de Resistencia. Se trata de una escultura constru\u00edda de alabastro por el artista Pedro Alcaina, titulada \u201cPareja\u201d, la misma fue inaugurada en la calle Concepci\u00f3n del Bermejo 355.<\/p>\n<p><!--more--><\/p>\n<p>&nbsp;<\/p>\n<p>El intendente Jorge Capitanich particip\u00f3 esta noche del emplazamiento de la escultura n\u00famero 614 de Resistencia. Junto al jefe comunal, participaron del acto que consolida a la capital del Chaco como un museo a cielo abierto, los integrantes de la Fundaci\u00f3n Urunday, liderada por Fabriciano; el titular de La Radio, Julio Wajcman; la secretaria General Patricia Petray, el concejal Jos\u00e9 Barbetti y el director de Limpieza Dar\u00edo Aguirre.<\/p>\n<p>&nbsp;<\/p>\n<blockquote><p>Tras la bendici\u00f3n propiciada por el padre Rafael Del Blanco, el intendente agradeci\u00f3 al autor de la obra, a Fabriciano G\u00f3mez, a La Radio y a los vecinos por contribuir al crecimiento de la capital nacional\u00a0 de las esculturas. &#8220;Es un orgullo poder observar el nivel de participaci\u00f3n comunitaria en el cuidado de las esculturas. Lo mismo queremos hacer con el ambiente, para proteger la casa de todos&#8221;, asegur\u00f3.<\/p><\/blockquote>\n<p>&nbsp;<\/p>\n<blockquote><p>Por su parte, Fabriciano manifest\u00f3 que es una noche especial porque se inaugura una escultura, agregando: &#8220;tenemos un proyecto de 168 a\u00f1os, porque son 168 los barrios de Resistencia para poner una escultura en cada uno de ellos&#8221;. Por \u00faltimo agreg\u00f3 que &#8220;estamos proyectando un trabajo para m\u00e1s de 100 a\u00f1os, con el objetivo de modelar a los habitantes de esta ciudad&#8221;.<\/p><\/blockquote>\n<p>&nbsp;<\/p>\n<p>&nbsp;<\/p>\n<p><strong>La obra, \u201cPareja\u201d, de Pedro Alcaina<\/strong><\/p>\n<p>&nbsp;<\/p>\n<blockquote><p>&#8220;Una obra de arte surge de un campo intuitivo o bien se forma en la meticulosa reelaboraci\u00f3n de una idea. Sus fuerzas motrices son la inventiva y la fantas\u00eda&#8221;, destac\u00f3 Pedro Alcaina al hablar de su trabajo. As\u00ed concluy\u00f3 el artista: &#8220;Un artista lleva en s\u00ed esta cualidad inconmensurable y de dif\u00edcil definici\u00f3n; se tiene o no se tiene, no se puede adquirir&#8221;.<\/p><\/blockquote>\n","protected":false},"excerpt":{"rendered":"<p>La Fundaci\u00f3n Urunday emplaz\u00f3 la obra 614 de la ciudad de Resistencia. Se trata de una escultura constru\u00edda de alabastro por el artista Pedro Alcaina, titulada \u201cPareja\u201d, la misma fue inaugurada en la calle Concepci\u00f3n del Bermejo 355.<\/p>\n","protected":false},"author":3,"featured_media":2501,"comment_status":"closed","ping_status":"closed","sticky":false,"template":"","format":"standard","meta":{"footnotes":""},"categories":[6],"tags":[],"_links":{"self":[{"href":"https:\/\/www.bienaldelchaco.org\/2022\/wp-json\/wp\/v2\/posts\/2500"}],"collection":[{"href":"https:\/\/www.bienaldelchaco.org\/2022\/wp-json\/wp\/v2\/posts"}],"about":[{"href":"https:\/\/www.bienaldelchaco.org\/2022\/wp-json\/wp\/v2\/types\/post"}],"author":[{"embeddable":true,"href":"https:\/\/www.bienaldelchaco.org\/2022\/wp-json\/wp\/v2\/users\/3"}],"replies":[{"embeddable":true,"href":"https:\/\/www.bienaldelchaco.org\/2022\/wp-json\/wp\/v2\/comments?post=2500"}],"version-history":[{"count":3,"href":"https:\/\/www.bienaldelchaco.org\/2022\/wp-json\/wp\/v2\/posts\/2500\/revisions"}],"predecessor-version":[{"id":2507,"href":"https:\/\/www.bienaldelchaco.org\/2022\/wp-json\/wp\/v2\/posts\/2500\/revisions\/2507"}],"wp:featuredmedia":[{"embeddable":true,"href":"https:\/\/www.bienaldelchaco.org\/2022\/wp-json\/wp\/v2\/media\/2501"}],"wp:attachment":[{"href":"https:\/\/www.bienaldelchaco.org\/2022\/wp-json\/wp\/v2\/media?parent=2500"}],"wp:term":[{"taxonomy":"category","embeddable":true,"href":"https:\/\/www.bienaldelchaco.org\/2022\/wp-json\/wp\/v2\/categories?post=2500"},{"taxonomy":"post_tag","embeddable":true,"href":"https:\/\/www.bienaldelchaco.org\/2022\/wp-json\/wp\/v2\/tags?post=2500"}],"curies":[{"name":"wp","href":"https:\/\/api.w.org\/{rel}","templated":true}]}}