{"id":2533,"date":"2016-03-02T12:15:07","date_gmt":"2016-03-02T15:15:07","guid":{"rendered":"http:\/\/www.bienaldelchaco.com\/?p=2533"},"modified":"2016-03-02T12:15:07","modified_gmt":"2016-03-02T15:15:07","slug":"pesar-de-la-fundacion-urunday-por-la-muerte-del-escultor-sanjuanino-chalo-tulian","status":"publish","type":"post","link":"https:\/\/www.bienaldelchaco.org\/2022\/pesar-de-la-fundacion-urunday-por-la-muerte-del-escultor-sanjuanino-chalo-tulian\/","title":{"rendered":"Pesar de la Fundaci\u00f3n Urunday  por la muerte del escultor sanjuanino, Chalo Tuli\u00e1n"},"content":{"rendered":"<p>La Fundaci\u00f3n Urunday mostr\u00f3 su profundo pesar por la muerte del talentoso artista pl\u00e1stico y escultor sanjuanino, Chalo Tuli\u00e1n, quien falleci\u00f3 en Mendoza a los 68 a\u00f1os.<\/p>\n<p>Tuli\u00e1n muri\u00f3\u00a0el 25 de febrero pasado tras sufrir una larga enfermedad. Su obra, sus recuerdos y sus ense\u00f1anzas perduran en la Mendoza que adopt\u00f3 como su tierra, a pesar de haber nacido en San Juan.<\/p>\n<p><!--more--><\/p>\n<p>&nbsp;<\/p>\n<p>Chalo fue profesor de la Universidad Nacional de Cuyo. Durante la \u00faltima dictadura fue perseguido por su rol de pensador y educador y debi\u00f3 abandonar la casa de estudios. En 1987 regres\u00f3 a la UNCuyo como docente en la Facul\u00adtad de Artes y se jubil\u00f3 en julio de 2014.<\/p>\n<p>En su carrera recibi\u00f3 reconocimientos como el Gran Premio de Honor del Sal\u00f3n Nacional (1997), el Pre\u00admio Manuel Belgrano del Museo S\u00edvori (2002) y el primer premio en la\u00a0Bienal Internacional de Escultura del Chaco (2004).\u00a0En tierras chaque\u00f1as, el artista gan\u00f3 con su obra \u201cQ.E.P.D. Am\u00e9rica\u201d, en el marco de un concurso que tuvo masiva aceptaci\u00f3n por parte del p\u00fablico.<\/p>\n<p>&nbsp;<\/p>\n<p><img loading=\"lazy\" decoding=\"async\" class=\"aligncenter size-full wp-image-2536\" src=\"http:\/\/www.bienaldelchaco.com\/wp-content\/uploads\/2016\/03\/foto-chano-1.jpg\" alt=\"foto chano 1\" width=\"800\" height=\"800\" srcset=\"https:\/\/www.bienaldelchaco.org\/2022\/wp-content\/uploads\/2016\/03\/foto-chano-1.jpg 800w, https:\/\/www.bienaldelchaco.org\/2022\/wp-content\/uploads\/2016\/03\/foto-chano-1-150x150.jpg 150w, https:\/\/www.bienaldelchaco.org\/2022\/wp-content\/uploads\/2016\/03\/foto-chano-1-300x300.jpg 300w, https:\/\/www.bienaldelchaco.org\/2022\/wp-content\/uploads\/2016\/03\/foto-chano-1-768x768.jpg 768w\" sizes=\"(max-width: 800px) 100vw, 800px\" \/><\/p>\n<p>&nbsp;<\/p>\n","protected":false},"excerpt":{"rendered":"<p>La Fundaci\u00f3n Urunday mostr\u00f3 su profundo pesar por la muerte del talentoso artista pl\u00e1stico y escultor sanjuanino, Chalo Tuli\u00e1n, quien falleci\u00f3 en Mendoza a los 68 a\u00f1os. Tuli\u00e1n muri\u00f3\u00a0el 25 de febrero pasado tras sufrir una larga enfermedad. Su obra, sus recuerdos y sus ense\u00f1anzas&#8230;<\/p>\n","protected":false},"author":3,"featured_media":2534,"comment_status":"closed","ping_status":"closed","sticky":false,"template":"","format":"standard","meta":{"footnotes":""},"categories":[6],"tags":[],"_links":{"self":[{"href":"https:\/\/www.bienaldelchaco.org\/2022\/wp-json\/wp\/v2\/posts\/2533"}],"collection":[{"href":"https:\/\/www.bienaldelchaco.org\/2022\/wp-json\/wp\/v2\/posts"}],"about":[{"href":"https:\/\/www.bienaldelchaco.org\/2022\/wp-json\/wp\/v2\/types\/post"}],"author":[{"embeddable":true,"href":"https:\/\/www.bienaldelchaco.org\/2022\/wp-json\/wp\/v2\/users\/3"}],"replies":[{"embeddable":true,"href":"https:\/\/www.bienaldelchaco.org\/2022\/wp-json\/wp\/v2\/comments?post=2533"}],"version-history":[{"count":1,"href":"https:\/\/www.bienaldelchaco.org\/2022\/wp-json\/wp\/v2\/posts\/2533\/revisions"}],"predecessor-version":[{"id":2537,"href":"https:\/\/www.bienaldelchaco.org\/2022\/wp-json\/wp\/v2\/posts\/2533\/revisions\/2537"}],"wp:featuredmedia":[{"embeddable":true,"href":"https:\/\/www.bienaldelchaco.org\/2022\/wp-json\/wp\/v2\/media\/2534"}],"wp:attachment":[{"href":"https:\/\/www.bienaldelchaco.org\/2022\/wp-json\/wp\/v2\/media?parent=2533"}],"wp:term":[{"taxonomy":"category","embeddable":true,"href":"https:\/\/www.bienaldelchaco.org\/2022\/wp-json\/wp\/v2\/categories?post=2533"},{"taxonomy":"post_tag","embeddable":true,"href":"https:\/\/www.bienaldelchaco.org\/2022\/wp-json\/wp\/v2\/tags?post=2533"}],"curies":[{"name":"wp","href":"https:\/\/api.w.org\/{rel}","templated":true}]}}