{"id":2538,"date":"2016-03-02T12:19:13","date_gmt":"2016-03-02T15:19:13","guid":{"rendered":"http:\/\/www.bienaldelchaco.com\/?p=2538"},"modified":"2016-03-02T12:19:24","modified_gmt":"2016-03-02T15:19:24","slug":"desde-la-fundacion-urunday-impulsan-la-recuperacion-del-parque-avalos","status":"publish","type":"post","link":"https:\/\/www.bienaldelchaco.org\/2022\/desde-la-fundacion-urunday-impulsan-la-recuperacion-del-parque-avalos\/","title":{"rendered":"Desde la Fundaci\u00f3n Urunday impulsan la recuperaci\u00f3n del Parque \u00c1valos"},"content":{"rendered":"<p>El presidente de la Fundaci\u00f3n Urunday, Fabriciano, mantuvo una reuni\u00f3n de trabajo en el Parque \u00c1valos junto al decano de la Facultad de Ingenier\u00eda, Jos\u00e9 Basterra; el secretario de extensi\u00f3n de dicha casa de altos estudios, Jos\u00e9 Corace y el arquitecto, Miguel Monfardini. Fue en el marco del proyecto para recuperar y actualizar las condiciones \u00fatiles de este pulm\u00f3n verde de Resistencia.<\/p>\n<p><!--more--><\/p>\n<p>&nbsp;<\/p>\n<p>Cabe destacar que la Direcci\u00f3n T\u00e9cnica del proyecto est\u00e1 a cargo\u00a0 del arquitecto paisajista, Pradial Guti\u00e9rrez y de su colega, Melina Zampar, quien posee posgrado de arquitectura del\u00a0 paisaje en el Instituto Torcuato Di Tella.<\/p>\n<p>La intervenci\u00f3n de la arquitectura e ingenier\u00eda del Parque \u00c1valos reafirma el proyecto colectivo iniciado con la Municipalidad de Resistencia, al cual se sumar\u00e1 tambi\u00e9n la Universidad Tecnol\u00f3gica Nacional.<\/p>\n<p>&nbsp;<\/p>\n","protected":false},"excerpt":{"rendered":"<p>El presidente de la Fundaci\u00f3n Urunday, Fabriciano, mantuvo una reuni\u00f3n de trabajo en el Parque \u00c1valos junto al decano de la Facultad de Ingenier\u00eda, Jos\u00e9 Basterra; el secretario de extensi\u00f3n de dicha casa de altos estudios, Jos\u00e9 Corace y el arquitecto, Miguel Monfardini. Fue en&#8230;<\/p>\n","protected":false},"author":3,"featured_media":2539,"comment_status":"closed","ping_status":"closed","sticky":false,"template":"","format":"standard","meta":{"footnotes":""},"categories":[6],"tags":[],"_links":{"self":[{"href":"https:\/\/www.bienaldelchaco.org\/2022\/wp-json\/wp\/v2\/posts\/2538"}],"collection":[{"href":"https:\/\/www.bienaldelchaco.org\/2022\/wp-json\/wp\/v2\/posts"}],"about":[{"href":"https:\/\/www.bienaldelchaco.org\/2022\/wp-json\/wp\/v2\/types\/post"}],"author":[{"embeddable":true,"href":"https:\/\/www.bienaldelchaco.org\/2022\/wp-json\/wp\/v2\/users\/3"}],"replies":[{"embeddable":true,"href":"https:\/\/www.bienaldelchaco.org\/2022\/wp-json\/wp\/v2\/comments?post=2538"}],"version-history":[{"count":1,"href":"https:\/\/www.bienaldelchaco.org\/2022\/wp-json\/wp\/v2\/posts\/2538\/revisions"}],"predecessor-version":[{"id":2540,"href":"https:\/\/www.bienaldelchaco.org\/2022\/wp-json\/wp\/v2\/posts\/2538\/revisions\/2540"}],"wp:featuredmedia":[{"embeddable":true,"href":"https:\/\/www.bienaldelchaco.org\/2022\/wp-json\/wp\/v2\/media\/2539"}],"wp:attachment":[{"href":"https:\/\/www.bienaldelchaco.org\/2022\/wp-json\/wp\/v2\/media?parent=2538"}],"wp:term":[{"taxonomy":"category","embeddable":true,"href":"https:\/\/www.bienaldelchaco.org\/2022\/wp-json\/wp\/v2\/categories?post=2538"},{"taxonomy":"post_tag","embeddable":true,"href":"https:\/\/www.bienaldelchaco.org\/2022\/wp-json\/wp\/v2\/tags?post=2538"}],"curies":[{"name":"wp","href":"https:\/\/api.w.org\/{rel}","templated":true}]}}