{"id":2929,"date":"2016-05-11T11:15:36","date_gmt":"2016-05-11T14:15:36","guid":{"rendered":"http:\/\/www.bienaldelchaco.org\/?p=2929"},"modified":"2016-05-12T11:16:02","modified_gmt":"2016-05-12T14:16:02","slug":"una-nueva-edicion-de-la-bienal-internacional-de-escultura-se-desplegara-en-julio-en-resistencia","status":"publish","type":"post","link":"https:\/\/www.bienaldelchaco.org\/2022\/una-nueva-edicion-de-la-bienal-internacional-de-escultura-se-desplegara-en-julio-en-resistencia\/","title":{"rendered":"Una nueva edici\u00f3n de la Bienal Internacional de Escultura se desplegar\u00e1 en julio en Resistencia"},"content":{"rendered":"<p>Bajo el lema &#8220;Equilibrium&#8221;, del pr\u00f3ximo 16 al 23 de julio se desarrollar\u00e1 la Bienal Internacional de Escultura de Chaco en Resistencia, un evento abierto a todo p\u00fablico que contar\u00e1 con la presencia de artistas de todo el mundo en el que no faltar\u00e1n encuentros, talleres y espect\u00e1culos de otras disciplinas.<!--more--><\/p>\n<p>En la capital chaque\u00f1a, m\u00e1s de 600 obras escult\u00f3ricas emplazadas en el espacio p\u00fablico marcan la t\u00f3nica de una urbe que se vali\u00f3 del nombre de la &#8220;Ciudad de las Esculturas&#8221;: es que por sus calles conviven Luis Perlotti, Emilio Pettoruti y Noem\u00ed Gerstein, entre otros artistas que desde 1988 fueron dando lugar a un museo al aire libre con sus obras.<\/p>\n<p>Incluso hay quienes dicen que Resistencia es la \u00fanica ciudad de este tipo, pues no hay lugar en el mundo que repita esa experiencia al aire libre y sin rejas, dado que su custodia la asumieron los mismos chaque\u00f1os.<\/p>\n<p>Y su presencia no es casual, sino fruto de un concurso que desde fines de la d\u00e9cada del 80 organiza la Fundaci\u00f3n Uranday, encabezada por el escultor local Fabriciano G\u00f3mez y con la colaboraci\u00f3n del gobierno chaque\u00f1o.<\/p>\n<p>&#8220;Resistencia como ciudad de las esculturas es m\u00e9rito de todo un pueblo que ha tomado consciencia de que a trav\u00e9s del arte transcienden los pueblos&#8221;, expres\u00f3 G\u00f3mez a T\u00e9lam, luego de anunciar la pr\u00f3xima edici\u00f3n en conferencia de prensa en el Centro Cultural Konex.<\/p>\n<p>Con esta reconocida trayectoria, la Bienal tomar\u00e1 en julio pr\u00f3ximo la capital de Chaco para alimentar ese gran patrimonio. Y lo har\u00e1 con el desembarco de 11 escultores de la Argentina, Alemania, Canad\u00e1, Bielorrusia, China, Ecuador, Ir\u00e1n, Israel, Rumania, Jap\u00f3n y Taiwan, elegidos entre 168 artistas de los cinco continentes.<\/p>\n<p>Una vez aterrizados en Resistencia, el jurado seleccionar\u00e1 los ganadores, quienes competir\u00e1n con sus obras. En este proceso, el p\u00fablico ser\u00e1 un testigo privilegiado porque podr\u00e1 acceder a la cocina de la creaci\u00f3n escult\u00f3rica, ya que los trabajos deber\u00e1n realizarse durante la semana de la bienal. Luego, las esculturas se acoplar\u00e1n al espacio p\u00fablico de la capital chaque\u00f1a.<\/p>\n<p>En simult\u00e1neo al concurso internacional, cuyos artistas construir\u00e1n obras inspiradas en el equilibrio, adem\u00e1s se realizar\u00e1 un encuentro de escultores con representantes de la Argentina y Am\u00e9rica Latina; otro pero de artesanos provenientes de diversas tradiciones; y talleres y cursos que van desde producci\u00f3n fotogr\u00e1fica hasta Taich\u00ed o espacios de arte inclusivo para ciegos.<\/p>\n<p>Tambi\u00e9n habr\u00e1 conferencias en torno al arte, exposiciones y espect\u00e1culos, como el de la Orquesta Sinf\u00f3nica Nacional o el de Ballet Folkl\u00f3rico. Asimismo, en materia de artes esc\u00e9nicas desembarcar\u00e1 el cl\u00e1sico teatral &#8220;El loro calabr\u00e9s&#8221;, dirigida y protagonizada por Pepe Soriano.<\/p>\n<p>&#8220;La bienal muestra lo que somos los argentinos, lo que es una provincia del norte como Chaco a trav\u00e9s de la expresi\u00f3n escult\u00f3rica, pero lo que se vive es mucho m\u00e1s amplio. Es una magia lo que va a pasar all\u00e1&#8221;, asegur\u00f3 el gobernador de la provincia, Domingo Peppo, durante la presentaci\u00f3n en el Konex, donde asistieron embajadores y funcionarios nacionales, provinciales y municipales.<\/p>\n<p>En este sentido, el gobernador destac\u00f3 que el evento se expande m\u00e1s all\u00e1 de las fronteras de Resistencia y se repite en el interior del pa\u00eds. &#8220;De hecho -agreg\u00f3- cada vez que inauguramos un barrio lo acompa\u00f1amos con una escultura de un artista local como una forma de difundir lo que es el emblema de Chaco&#8221;.<\/p>\n<p>Ocurre, como sostuvo G\u00f3mez, que &#8220;el arte se convierte en un agente transformador, en una herramienta para el bien com\u00fan, para elevar la calidad de vida, donde se ensancha la experiencia espiritual y se amplia el mundo cotidiano&#8221;, al tiempo que indic\u00f3 que el pueblo chaque\u00f1o a trav\u00e9s de &#8220;su sensibilidad posibilita profundizar en el camino de la identidad y del ideario de hacer del arte un bien de todos&#8221;.<\/p>\n<p>&#8220;La gente de Chaco no lo va a decir pero la Bienal es uno de los eventos m\u00e1s importantes del mundo, su organizaci\u00f3n es excelente y la comunidad es muy agradable&#8221;, opin\u00f3 en di\u00e1logo con T\u00e9lam el escultor Alejandro Arce, quien participa del evento desde hace m\u00e1s de tres ediciones con una propuesta de arte ef\u00edmero realizado con arena. Este a\u00f1o desarrollar\u00e1 enormes esculturas de dinosaurios, anticipa.<\/p>\n<p>Arce, nacido en Bariloche aunque radicado en Buenos Aires, coment\u00f3 que &#8220;uno como artista trata de rodearse de todo lo que tenga que ver con el mundo del arte, ir a una ciudad que est\u00e1 llena de esculturas es lo m\u00e1ximo&#8221;; y celebr\u00f3 el &#8220;intercambio con artistas de todo el mundo pero tambi\u00e9n con argentinos. Es muy bueno cruzar experiencias y entablar di\u00e1logos porque te das cuenta que compartimos el mismo lenguaje: el del arte&#8221;.<\/p>\n<p>Con el lenguaje del arte y la escultura, la Bienal Internacional de Escultura de Chaco se llevar\u00e1 adelante con entrada libre y gratuita del 13 al 26 de julio en la ciudad de Resistencia y lo har\u00e1 en seis sedes diferentes, adem\u00e1s de los espacios p\u00fablicos que, al igual que todo el a\u00f1o, exhibir\u00e1n trabajos en ese gran museo al aire libre que es la capital chaque\u00f1a.<\/p>\n<p>&nbsp;<\/p>\n\n\t\t<style type=\"text\/css\">\n\t\t\t#gallery-1 {\n\t\t\t\tmargin: auto;\n\t\t\t}\n\t\t\t#gallery-1 .gallery-item {\n\t\t\t\tfloat: left;\n\t\t\t\tmargin-top: 10px;\n\t\t\t\ttext-align: center;\n\t\t\t\twidth: 33%;\n\t\t\t}\n\t\t\t#gallery-1 img {\n\t\t\t\tborder: 2px solid #cfcfcf;\n\t\t\t}\n\t\t\t#gallery-1 .gallery-caption {\n\t\t\t\tmargin-left: 0;\n\t\t\t}\n\t\t\t\/* see gallery_shortcode() in wp-includes\/media.php *\/\n\t\t<\/style>\n\t\t<div id='gallery-1' class='gallery galleryid-2929 gallery-columns-3 gallery-size-thumbnail'><dl class='gallery-item'>\n\t\t\t<dt class='gallery-icon landscape'>\n\t\t\t\t<a href='https:\/\/www.bienaldelchaco.org\/2022\/una-nueva-edicion-de-la-bienal-internacional-de-escultura-se-desplegara-en-julio-en-resistencia\/1-2\/'><img loading=\"lazy\" decoding=\"async\" width=\"150\" height=\"150\" src=\"https:\/\/www.bienaldelchaco.org\/2022\/wp-content\/uploads\/2016\/05\/1-1-150x150.jpg\" class=\"attachment-thumbnail size-thumbnail\" alt=\"\" \/><\/a>\n\t\t\t<\/dt><\/dl><dl class='gallery-item'>\n\t\t\t<dt class='gallery-icon landscape'>\n\t\t\t\t<a href='https:\/\/www.bienaldelchaco.org\/2022\/una-nueva-edicion-de-la-bienal-internacional-de-escultura-se-desplegara-en-julio-en-resistencia\/attachment\/2\/'><img loading=\"lazy\" decoding=\"async\" width=\"150\" height=\"150\" src=\"https:\/\/www.bienaldelchaco.org\/2022\/wp-content\/uploads\/2016\/05\/2-150x150.jpg\" class=\"attachment-thumbnail size-thumbnail\" alt=\"\" \/><\/a>\n\t\t\t<\/dt><\/dl><dl class='gallery-item'>\n\t\t\t<dt class='gallery-icon landscape'>\n\t\t\t\t<a href='https:\/\/www.bienaldelchaco.org\/2022\/una-nueva-edicion-de-la-bienal-internacional-de-escultura-se-desplegara-en-julio-en-resistencia\/attachment\/3\/'><img loading=\"lazy\" decoding=\"async\" width=\"150\" height=\"150\" src=\"https:\/\/www.bienaldelchaco.org\/2022\/wp-content\/uploads\/2016\/05\/3-150x150.jpg\" class=\"attachment-thumbnail size-thumbnail\" alt=\"\" \/><\/a>\n\t\t\t<\/dt><\/dl><br style=\"clear: both\" \/><dl class='gallery-item'>\n\t\t\t<dt class='gallery-icon landscape'>\n\t\t\t\t<a href='https:\/\/www.bienaldelchaco.org\/2022\/una-nueva-edicion-de-la-bienal-internacional-de-escultura-se-desplegara-en-julio-en-resistencia\/attachment\/4\/'><img loading=\"lazy\" decoding=\"async\" width=\"150\" height=\"150\" src=\"https:\/\/www.bienaldelchaco.org\/2022\/wp-content\/uploads\/2016\/05\/4-150x150.jpg\" class=\"attachment-thumbnail size-thumbnail\" alt=\"\" \/><\/a>\n\t\t\t<\/dt><\/dl><dl class='gallery-item'>\n\t\t\t<dt class='gallery-icon landscape'>\n\t\t\t\t<a href='https:\/\/www.bienaldelchaco.org\/2022\/una-nueva-edicion-de-la-bienal-internacional-de-escultura-se-desplegara-en-julio-en-resistencia\/attachment\/5\/'><img loading=\"lazy\" decoding=\"async\" width=\"150\" height=\"150\" src=\"https:\/\/www.bienaldelchaco.org\/2022\/wp-content\/uploads\/2016\/05\/5-150x150.jpg\" class=\"attachment-thumbnail size-thumbnail\" alt=\"\" \/><\/a>\n\t\t\t<\/dt><\/dl><dl class='gallery-item'>\n\t\t\t<dt class='gallery-icon landscape'>\n\t\t\t\t<a href='https:\/\/www.bienaldelchaco.org\/2022\/una-nueva-edicion-de-la-bienal-internacional-de-escultura-se-desplegara-en-julio-en-resistencia\/attachment\/6\/'><img loading=\"lazy\" decoding=\"async\" width=\"150\" height=\"150\" src=\"https:\/\/www.bienaldelchaco.org\/2022\/wp-content\/uploads\/2016\/05\/6-150x150.jpg\" class=\"attachment-thumbnail size-thumbnail\" alt=\"\" \/><\/a>\n\t\t\t<\/dt><\/dl><br style=\"clear: both\" \/><dl class='gallery-item'>\n\t\t\t<dt class='gallery-icon landscape'>\n\t\t\t\t<a href='https:\/\/www.bienaldelchaco.org\/2022\/una-nueva-edicion-de-la-bienal-internacional-de-escultura-se-desplegara-en-julio-en-resistencia\/attachment\/7\/'><img loading=\"lazy\" decoding=\"async\" width=\"150\" height=\"150\" src=\"https:\/\/www.bienaldelchaco.org\/2022\/wp-content\/uploads\/2016\/05\/7-150x150.jpg\" class=\"attachment-thumbnail size-thumbnail\" alt=\"\" \/><\/a>\n\t\t\t<\/dt><\/dl><dl class='gallery-item'>\n\t\t\t<dt class='gallery-icon landscape'>\n\t\t\t\t<a href='https:\/\/www.bienaldelchaco.org\/2022\/una-nueva-edicion-de-la-bienal-internacional-de-escultura-se-desplegara-en-julio-en-resistencia\/attachment\/8\/'><img loading=\"lazy\" decoding=\"async\" width=\"150\" height=\"150\" src=\"https:\/\/www.bienaldelchaco.org\/2022\/wp-content\/uploads\/2016\/05\/8-150x150.jpg\" class=\"attachment-thumbnail size-thumbnail\" alt=\"\" \/><\/a>\n\t\t\t<\/dt><\/dl><dl class='gallery-item'>\n\t\t\t<dt class='gallery-icon landscape'>\n\t\t\t\t<a href='https:\/\/www.bienaldelchaco.org\/2022\/una-nueva-edicion-de-la-bienal-internacional-de-escultura-se-desplegara-en-julio-en-resistencia\/attachment\/9\/'><img loading=\"lazy\" decoding=\"async\" width=\"150\" height=\"150\" src=\"https:\/\/www.bienaldelchaco.org\/2022\/wp-content\/uploads\/2016\/05\/9-150x150.jpg\" class=\"attachment-thumbnail size-thumbnail\" alt=\"\" \/><\/a>\n\t\t\t<\/dt><\/dl><br style=\"clear: both\" \/>\n\t\t<\/div>\n\n[pexyoutube pex_attr_src=&#8221;https:\/\/www.youtube.com\/watch?v=BjuoKGAVi5I&#8221; pex_attr_width=&#8221;1024&#8243;][\/pexyoutube]\n<p>Fuente: <a href=\"http:\/\/www.telam.com.ar\/notas\/201605\/146813-bienal-arte-escultura-chaco-resistencia-artistas-obras.html\" target=\"_blank\">www.telam.com.ar<\/a><\/p>\n","protected":false},"excerpt":{"rendered":"<p>Bajo el lema &#8220;Equilibrium&#8221;, del pr\u00f3ximo 16 al 23 de julio se desarrollar\u00e1 la Bienal Internacional de Escultura de Chaco en Resistencia, un evento abierto a todo p\u00fablico que contar\u00e1 con la presencia de artistas de todo el mundo en el que no faltar\u00e1n encuentros,&#8230;<\/p>\n","protected":false},"author":3,"featured_media":2931,"comment_status":"closed","ping_status":"closed","sticky":false,"template":"","format":"standard","meta":{"footnotes":""},"categories":[6],"tags":[],"_links":{"self":[{"href":"https:\/\/www.bienaldelchaco.org\/2022\/wp-json\/wp\/v2\/posts\/2929"}],"collection":[{"href":"https:\/\/www.bienaldelchaco.org\/2022\/wp-json\/wp\/v2\/posts"}],"about":[{"href":"https:\/\/www.bienaldelchaco.org\/2022\/wp-json\/wp\/v2\/types\/post"}],"author":[{"embeddable":true,"href":"https:\/\/www.bienaldelchaco.org\/2022\/wp-json\/wp\/v2\/users\/3"}],"replies":[{"embeddable":true,"href":"https:\/\/www.bienaldelchaco.org\/2022\/wp-json\/wp\/v2\/comments?post=2929"}],"version-history":[{"count":8,"href":"https:\/\/www.bienaldelchaco.org\/2022\/wp-json\/wp\/v2\/posts\/2929\/revisions"}],"predecessor-version":[{"id":2948,"href":"https:\/\/www.bienaldelchaco.org\/2022\/wp-json\/wp\/v2\/posts\/2929\/revisions\/2948"}],"wp:featuredmedia":[{"embeddable":true,"href":"https:\/\/www.bienaldelchaco.org\/2022\/wp-json\/wp\/v2\/media\/2931"}],"wp:attachment":[{"href":"https:\/\/www.bienaldelchaco.org\/2022\/wp-json\/wp\/v2\/media?parent=2929"}],"wp:term":[{"taxonomy":"category","embeddable":true,"href":"https:\/\/www.bienaldelchaco.org\/2022\/wp-json\/wp\/v2\/categories?post=2929"},{"taxonomy":"post_tag","embeddable":true,"href":"https:\/\/www.bienaldelchaco.org\/2022\/wp-json\/wp\/v2\/tags?post=2929"}],"curies":[{"name":"wp","href":"https:\/\/api.w.org\/{rel}","templated":true}]}}