{"id":2962,"date":"2016-05-16T06:56:40","date_gmt":"2016-05-16T09:56:40","guid":{"rendered":"http:\/\/www.bienaldelchaco.org\/?p=2962"},"modified":"2016-05-16T06:56:40","modified_gmt":"2016-05-16T09:56:40","slug":"la-resistencia-del-arte","status":"publish","type":"post","link":"https:\/\/www.bienaldelchaco.org\/2022\/la-resistencia-del-arte\/","title":{"rendered":"La Resistencia del arte"},"content":{"rendered":"<p>Con personalidades, artistas e invitados, se anunci\u00f3 en el Konex la realizaci\u00f3n de uno de los acontecimientos escult\u00f3ricos m\u00e1s importante del pa\u00eds. Ser\u00e1 en julio en la ciudad de Resistencia, con la presencia de once escultores internacionales, y presentaciones del Ballet Folkl\u00f3rico Nacional y la Orquesta Sinf\u00f3nica Nacional.<!--more--><\/p>\n<p>Desde su creaci\u00f3n, hace casi tres d\u00e9cadas, la Bienal de Esculturas del Chaco se transform\u00f3 en un punto de encuentro para los amantes del arte y el p\u00fablico en general. Tiene, adem\u00e1s, la particularidad de convocar a escultores de todas partes del mundo que, previa rigurosa selecci\u00f3n, se instalan durante siete d\u00edas en la ciudad de Resistencia a trabajar en sus obras ante la vista del p\u00fablico. Y es el p\u00fablico, justamente, uno de los jurados silenciosos que eval\u00faan el trabajo y desempe\u00f1o de los artistas, devenidos en verdaderas estrellas de rock en esos d\u00edas, con quienes conviven, charlan (cada escultor tiene un traductor en caso de no hablar espa\u00f1ol), comparten un mate y generan un v\u00ednculo que rompe con aquel prejuicio de que el arte es solo para un sector privilegiado. La relaci\u00f3n de Resistencia con el arte no es casual, en sus calles y parques conviven m\u00e1s de seiscientas obras, las cuales hacen que la ciudad sea considerada la capital nacional de las esculturas.<\/p>\n<p>Esta edici\u00f3n de la Bienal del Chaco se realizar\u00e1 del 16 al 23 de julio bajo el lema de \u201cEquilibrium\u201d. De esto habla Fabriciano G\u00f3mez, el escultor chaque\u00f1o m\u00e1s referencial de todos los tiempos y el alma mater de esta gran fiesta bianual: \u201cEl equilibrio es la gran palabra donde convive la armon\u00eda; es esa secuencia de puntos que al ir caminando, si lo hacemos en armon\u00eda, se va a convertir en una l\u00ednea\u201d.<\/p>\n<p>Fabriciano asegura: \u201cSer la capital nacional de las esculturas es un m\u00e9rito que fuimos logrando en 28 a\u00f1os de trabajo. No solo nuestro, que somos los organizadores, sino de todo un pueblo que ha tomado conciencia de que a trav\u00e9s del arte trascienden los pueblos\u201d. Y agrega: \u201cNo se trata solo de emplazar esculturas en las calles, sino de tomar conciencia del patrimonio que tenemos\u201d.<\/p>\n<p>En representaci\u00f3n del Ministerio de Cultura de la Naci\u00f3n, la directora nacional de Acci\u00f3n Federal, Mar\u00eda P\u00eda Moreyra, se expres\u00f3 sobre la bienal: \u201cEs uno de los acontecimientos art\u00edsticos m\u00e1s importantes y un gran modelo de gesti\u00f3n. Desde el Ministerio de Cultura, apoyamos estos hechos art\u00edsticos de excelencia que le hacen tan bien al pa\u00eds\u201d.<\/p>\n<p>El gobernador del Chaco, Domingo Peppo, se centr\u00f3 en la m\u00edstica de esta fiesta escult\u00f3rica: \u201cLa bienal tiene magia y, en esos d\u00edas, se incrementa; muestra en alguna medida lo que somos los argentinos y, en este caso, los que habitamos una provincia del norte como el Chaco. La escultura es la gran protagonista, pero lo que se vivencia en esos d\u00edas es mucho m\u00e1s grande. Por eso los invitamos a visitarnos y a descubrirlo\u201d.<\/p>\n<p>Todas las actividades<\/p>\n<p>Once escultores consagrados competir\u00e1n bajo el cielo chaque\u00f1o y a la vista del p\u00fablico. Durante siete d\u00edas deber\u00e1n realizar una escultura en m\u00e1rmol, original e in\u00e9dita, inspir\u00e1ndose en el \u201cEquilibrio\u201d. Sus nombres surgieron de 168 inscripciones recibidas de 48 pa\u00edses. La trayectoria de los artistas y la calidad de sus proyectos fueron los criterios utilizados para la selecci\u00f3n.<\/p>\n<p>Entre los artistas: Nils Hansen, de Alemania; N\u00e9stor Vildoza, de Argentina; Viktar Kopach, de Bielorrusia; Pascale Archambault, de Canad\u00e1; Qian Sihua, de China; Milton Estrella, de Ecuador; Behnman Akharbin Moghanlou, de Ir\u00e1n; Tanya Preminger, de Israel; Hiroyuki Asakawa, de Jap\u00f3n; Mincu Nicolar Razvan, de Rumania y Wu Ming- Sheng, de Taiwan, quienes fueron seleccionados por el jurado, integrado por Le\u00f3n Saavedra Geuer, de Bolivia; Aquiles Jim\u00e9nez de Costa Rica y Diego Santurio de Uruguay.<\/p>\n<p>En paralelo a la competencia internacional, habr\u00e1 todo tipo de actividades culturales y art\u00edsticas, entre ellas: el Encuentro de Escultores Argentinos y Latinoamericanos, el Encuentro de Artesanos Originarios, el Premio Desaf\u00edo &#8220;Hierros L\u00edder&#8221; (un concurso que convoca a equipos de tres estudiantes avanzados de carreras de arte de todas las provincias argentinas que, en un lapso de 48 horas continuas, deben realizar una obra), el Congreso Internacional de Artes &#8220;L\u00edmites y fronteras en la escena art\u00edstica contempor\u00e1nea&#8221;, y un ciclo de conferencias magistrales.<\/p>\n<p>Tambi\u00e9n estar\u00e1 presente el Ballet Folkl\u00f3rico Nacional, bajo la direcci\u00f3n del profesor Omar Fiordelmondo; la Orquesta Sinf\u00f3nica Nacional, dirigida por Pedro Ignacio Calder\u00f3n; la Orquesta Sinf\u00f3nica del Chaco; el Ballet Contempor\u00e1neo del Chaco y el Coro Qom Chelaalap\u00ed.<\/p>\n<p>&nbsp;<\/p>\n<p>Fuente: <a href=\"http:\/\/www.cultura.gob.ar\/noticias\/la-resistencia-del-arte\/\">www.cultura.gob.ar<\/a><\/p>\n","protected":false},"excerpt":{"rendered":"<p>Con personalidades, artistas e invitados, se anunci\u00f3 en el Konex la realizaci\u00f3n de uno de los acontecimientos escult\u00f3ricos m\u00e1s importante del pa\u00eds. Ser\u00e1 en julio en la ciudad de Resistencia, con la presencia de once escultores internacionales, y presentaciones del Ballet Folkl\u00f3rico Nacional y la&#8230;<\/p>\n","protected":false},"author":3,"featured_media":2963,"comment_status":"closed","ping_status":"closed","sticky":false,"template":"","format":"standard","meta":{"footnotes":""},"categories":[6],"tags":[],"_links":{"self":[{"href":"https:\/\/www.bienaldelchaco.org\/2022\/wp-json\/wp\/v2\/posts\/2962"}],"collection":[{"href":"https:\/\/www.bienaldelchaco.org\/2022\/wp-json\/wp\/v2\/posts"}],"about":[{"href":"https:\/\/www.bienaldelchaco.org\/2022\/wp-json\/wp\/v2\/types\/post"}],"author":[{"embeddable":true,"href":"https:\/\/www.bienaldelchaco.org\/2022\/wp-json\/wp\/v2\/users\/3"}],"replies":[{"embeddable":true,"href":"https:\/\/www.bienaldelchaco.org\/2022\/wp-json\/wp\/v2\/comments?post=2962"}],"version-history":[{"count":1,"href":"https:\/\/www.bienaldelchaco.org\/2022\/wp-json\/wp\/v2\/posts\/2962\/revisions"}],"predecessor-version":[{"id":2964,"href":"https:\/\/www.bienaldelchaco.org\/2022\/wp-json\/wp\/v2\/posts\/2962\/revisions\/2964"}],"wp:featuredmedia":[{"embeddable":true,"href":"https:\/\/www.bienaldelchaco.org\/2022\/wp-json\/wp\/v2\/media\/2963"}],"wp:attachment":[{"href":"https:\/\/www.bienaldelchaco.org\/2022\/wp-json\/wp\/v2\/media?parent=2962"}],"wp:term":[{"taxonomy":"category","embeddable":true,"href":"https:\/\/www.bienaldelchaco.org\/2022\/wp-json\/wp\/v2\/categories?post=2962"},{"taxonomy":"post_tag","embeddable":true,"href":"https:\/\/www.bienaldelchaco.org\/2022\/wp-json\/wp\/v2\/tags?post=2962"}],"curies":[{"name":"wp","href":"https:\/\/api.w.org\/{rel}","templated":true}]}}