{"id":3138,"date":"2016-07-11T07:17:47","date_gmt":"2016-07-11T10:17:47","guid":{"rendered":"http:\/\/www.bienaldelchaco.org\/?p=3138"},"modified":"2016-07-11T07:17:47","modified_gmt":"2016-07-11T10:17:47","slug":"chaco-y-corrientes-presentaron-su-oferta-turistica-para-este-invierno","status":"publish","type":"post","link":"https:\/\/www.bienaldelchaco.org\/2022\/chaco-y-corrientes-presentaron-su-oferta-turistica-para-este-invierno\/","title":{"rendered":"Chaco y Corrientes presentaron su oferta tur\u00edstica para este invierno"},"content":{"rendered":"<p>Este jueves en el Ministerio de Turismo de la provincia de Corrientes se realiz\u00f3 la presentaci\u00f3n de la oferta de la temporada tur\u00edstica de invierno de ambas provincias. En la ocasi\u00f3n las m\u00e1ximas autoridades de dicha cartera presentaron las experiencias que se podr\u00e1n disfrutar, donde destacaron la Bienal Internacional de Escultura.<!--more--><\/p>\n<p>En el evento estuvieron presentes la presidente del Instituto de Turismo del Chaco, Lic. Mora Dicembrino, la ministra de Turismo de Corrientes, Arq. In\u00e9s Presman, el tesorero de Fundaci\u00f3n Urunday, Eugenio Silvio Milani; el presidente de la C\u00e1mara de Turismo del Chaco, Daniel Gaona; el subsecretario de ??Cultura, Turismo y grandes eventos del municipio correntino, Miguel Cabrera; la coordinadora del \u00e1rea de ?Letras del Instituto de Cultura de Corrientes, Maia Eirin y la directora General de Turismo y ?Recreaci\u00f3n del municipio correntino, Viviana Centuri\u00f3n.<\/p>\n<p>A su turno, Dicembrino present\u00f3 las experiencias que podr\u00e1n vivirse en la provincia en estas vacaciones de invierno que ya se avecinan y a las cuales denominaron \u201cVacaciones del Bicentenario\u201d. En esta l\u00ednea, destac\u00f3 el trabajo conjunto entre Chaco y Corrientes que beneficia a todos los chaque\u00f1os y correntinos y contin\u00faa fortaleciendo y posicionando a la regi\u00f3n Litoral.<\/p>\n<p>Luego celebr\u00f3 la iniciativa, \u201cYa que es la primera vez que se realiza la presentaci\u00f3n de la Bienal Internacional de Escultura en la ciudad hermana, aunque que por supuesto Resistencia abre sus puertas todo el a\u00f1o y brinda arte a cielo abierto con 617 obras emplazadas en las calles y no deja de ser un paseo para todos los correntinos que la visitan y quieren vivir el arte. Del mismo modo, Corrientes tiene entre su oferta un mont\u00f3n de aspectos singulares hist\u00f3ricos y tradicionales que tambi\u00e9n complementan la oferta que ofrece Chaco y los chaque\u00f1os pueden disfrutar.&#8221;<\/p>\n<p>&#8220;Los esperamos en la Bienal del 16 al 23 de julio, con un abanico enorme de actividades culturales, que no s\u00f3lo se viven en el MusEUM, sino que a trav\u00e9s del impulso que cada d\u00eda m\u00e1s le da Fabriciano, va abriendo sus puertas y extendiendo sus fronteras a toda una ciudad que vive la Bienal a trav\u00e9s de su gastronom\u00eda, su arte, su danza, su m\u00fasica. Adem\u00e1s este a\u00f1o, una vez finalizada, se trasladar\u00e1 a Juan Jos\u00e9 Castelli, para vivir el Encuentro Internacional Escultores en El Impenetrable, con el lema `Sonidos del Monte\u00b4&#8221;.<\/p>\n<p>En representaci\u00f3n de la Fundaci\u00f3n Urunday, Milani cont\u00f3 la historia de la Bienal y remarc\u00f3 que siempre contaron con el apoyo del Gobierno local, resaltando que este a\u00f1o no es la excepci\u00f3n. De la misma manera agradeci\u00f3 a Corrientes por el apoyo a lo largo de los a\u00f1os y por la iniciativa de invitar a presentar el evento en su ciudad.<\/p>\n<p>La ministra de Turismo de Corrientes, In\u00e9s Presman valor\u00f3 el trabajo conjunto realizado por ambas provincias y a la vez implementado por el sector privado. Asimismo agradeci\u00f3 la presencia de Chaco y remarc\u00f3 la importancia de continuar trabajando para desarrollar una oferta conjunta que atraiga cada vez a m\u00e1s turistas y que tambi\u00e9n pueda ser disfrutada por chaque\u00f1os y correntinos.<\/p>\n<h2 class=\"page-heading\">VACACIONES EN CHACO<\/h2>\n<p>Como parte de la oferta tur\u00edstica de la provincia existen numerosas experiencias: Presidencia Roque S\u00e1enz Pe\u00f1a posee el Complejo Termal como referente de turismo de bienestar y relax. Tambi\u00e9n el Complejo Ecol\u00f3gico Municipal que brinda una alternativa interesante para compartir con los ni\u00f1os y conocer el trabajo de preservaci\u00f3n de la fauna y de especies protegidas que se realiza.<\/p>\n<p>Por otra parte, hay numerosos establecimientos de turismo rural, distribuidos en varias localidades, donde pueden disfrutarse comidas t\u00edpicas, caminatas por el monte, cabalgatas y la posibilidad de compartir los habituales quehaceres de la vida en el campo.<\/p>\n<p>Adem\u00e1s, el Parque Nacional Chaco ofrece sus atractivos como todo el a\u00f1o, a pocos kil\u00f3metros de Capit\u00e1n Solari. Donde visitantes y turistas pueden mantener contacto con la naturaleza en una arm\u00f3nica convivencia que hace de esta, una experiencia aut\u00e9ntica y memorable.<\/p>\n<h2 class=\"page-heading\">M\u00c1S EVENTOS<\/h2>\n<p>Sum\u00e1ndose a la oferta chaque\u00f1a, tambi\u00e9n en Puerto Tirol desde el 29 de julio hasta el 6 de agosto se realizar\u00e1 el IV Encuentro Latinoamericano de Muralismo y Arte P\u00fablico, donde artistas de diferentes pa\u00edses llegar\u00e1n hasta esta localidad para dejar su impronta en las paredes.<\/p>\n<p>Sin dudas en este invierno no habr\u00e1 lugar para el aburrimiento en Chaco, donde el arte tomar\u00e1 las calles y los atractivos mostrar\u00e1n su esplendor.<\/p>\n<p>Quienes deseen obtener m\u00e1s informaci\u00f3n deben ingresar a la p\u00e1gina oficial del Instituto de Turismo del Chaco www.chaco.travel o darle \u201cMe Gusta\u201d a la p\u00e1gina de Facebook \u201cChaco el secreto de Argentina\u201d.<\/p>\n<p>Fuente: <a href=\"http:\/\/www.diariochaco.com\/noticia\/chaco-y-corrientes-presentaron-su-oferta-turistica-para-este-invierno\">www.diariochaco.com<\/a><\/p>\n","protected":false},"excerpt":{"rendered":"<p>Este jueves en el Ministerio de Turismo de la provincia de Corrientes se realiz\u00f3 la presentaci\u00f3n de la oferta de la temporada tur\u00edstica de invierno de ambas provincias. En la ocasi\u00f3n las m\u00e1ximas autoridades de dicha cartera presentaron las experiencias que se podr\u00e1n disfrutar, donde&#8230;<\/p>\n","protected":false},"author":3,"featured_media":3139,"comment_status":"closed","ping_status":"closed","sticky":false,"template":"","format":"standard","meta":{"footnotes":""},"categories":[6],"tags":[],"_links":{"self":[{"href":"https:\/\/www.bienaldelchaco.org\/2022\/wp-json\/wp\/v2\/posts\/3138"}],"collection":[{"href":"https:\/\/www.bienaldelchaco.org\/2022\/wp-json\/wp\/v2\/posts"}],"about":[{"href":"https:\/\/www.bienaldelchaco.org\/2022\/wp-json\/wp\/v2\/types\/post"}],"author":[{"embeddable":true,"href":"https:\/\/www.bienaldelchaco.org\/2022\/wp-json\/wp\/v2\/users\/3"}],"replies":[{"embeddable":true,"href":"https:\/\/www.bienaldelchaco.org\/2022\/wp-json\/wp\/v2\/comments?post=3138"}],"version-history":[{"count":1,"href":"https:\/\/www.bienaldelchaco.org\/2022\/wp-json\/wp\/v2\/posts\/3138\/revisions"}],"predecessor-version":[{"id":3140,"href":"https:\/\/www.bienaldelchaco.org\/2022\/wp-json\/wp\/v2\/posts\/3138\/revisions\/3140"}],"wp:featuredmedia":[{"embeddable":true,"href":"https:\/\/www.bienaldelchaco.org\/2022\/wp-json\/wp\/v2\/media\/3139"}],"wp:attachment":[{"href":"https:\/\/www.bienaldelchaco.org\/2022\/wp-json\/wp\/v2\/media?parent=3138"}],"wp:term":[{"taxonomy":"category","embeddable":true,"href":"https:\/\/www.bienaldelchaco.org\/2022\/wp-json\/wp\/v2\/categories?post=3138"},{"taxonomy":"post_tag","embeddable":true,"href":"https:\/\/www.bienaldelchaco.org\/2022\/wp-json\/wp\/v2\/tags?post=3138"}],"curies":[{"name":"wp","href":"https:\/\/api.w.org\/{rel}","templated":true}]}}