{"id":3149,"date":"2016-07-11T12:30:04","date_gmt":"2016-07-11T15:30:04","guid":{"rendered":"http:\/\/www.bienaldelchaco.org\/?p=3149"},"modified":"2016-07-11T12:36:56","modified_gmt":"2016-07-11T15:36:56","slug":"se-viene-la-bienal-2016-maestros-artesanos-tendran-su-espacio","status":"publish","type":"post","link":"https:\/\/www.bienaldelchaco.org\/2022\/se-viene-la-bienal-2016-maestros-artesanos-tendran-su-espacio\/","title":{"rendered":"Se viene la Bienal 2016: maestros artesanos tendr\u00e1n su espacio"},"content":{"rendered":"<p>En el marco de la Bienal Internacional de Escultura 2016, se llevar\u00e1 a cabo el III Encuentro de Maestros Artesanos Argentinos. El evento se realizar\u00e1 del 16 al 23 de julio, en el MusEUM, de 8.30 a 19. Se podr\u00e1n adquirir todo tipo de artesan\u00edas, desde productos en cuero hasta elementos en acero, adem\u00e1s de poder charlar cara a cara con los maestros artesanos y ver el proceso de producci\u00f3n de cada obra.<!--more--><\/p>\n<p>\u201cSe seleccionaron a los maestros artesanos m\u00e1s importantes de nuestro pa\u00eds, en distintos rubros, como plater\u00eda, alfarer\u00eda, cer\u00e1mica, talabarter\u00eda, cuero y vidrio\u201d, cont\u00f3 Gonzalo Su\u00e1rez L\u00f3pez, a cargo del \u00e1rea Artesan\u00edas y Arte Popular del Instituto de Cultura y coordinador para la Fundaci\u00f3n Urunday del tercer Encuentro de Maestros Artesanos Argentinos. \u201cVamos a tener una propuesta especial y de muy buena calidad porque son maestros artesanos premiados en todos el pa\u00eds y en ferias internacionales tambi\u00e9n\u201d, a\u00f1adi\u00f3.<\/p>\n<p>En esta edici\u00f3n participar\u00e1n 42 maestros artesanos de excelencia provenientes de todo el pa\u00eds en los m\u00e1s diversos rubros, representando a las tradiciones y cultura de su regi\u00f3n. Entre otros, estar\u00e1 Carlos Moreyra, el ganador de la rueca de oro en la edici\u00f3n 2014 de la Fiesta Nacional de la Artesan\u00eda en Col\u00f3n, Entre R\u00edos. Lo acompa\u00f1ar\u00e1n Aldo Bonino, de Santa Fe, ganador de la rueca de plata 2014 y el premio &#8220;Maestro Artesano&#8221; del Encuentro de Maestros Artesanos Argentinos de la Bienal 2014; la ceramista Ofelia Tarchini y Hernan Lira con juguetes, ambos ganadores de la rueca de Plata en Col\u00f3n en distintos a\u00f1os.<\/p>\n<p>Adem\u00e1s, participar\u00e1n siete maestros artesanos ind\u00edgenas del Chaco, auspiciados por la Direcci\u00f3n de Artesan\u00edas y Arte Popular del Instituto de Cultura. Tambi\u00e9n ser\u00e1n de la partida alrededor de 50 artesanos calificados de distintas ferias del pa\u00eds. Un jurado de notables entregar\u00e1 distinciones en las dos categor\u00edas: Premio al Maestro Artesano y al Artesano Calificado.<\/p>\n<p>En una presentaci\u00f3n que ser\u00e1 hist\u00f3rica, por su despliegue musical y art\u00edstico, el viernes 15 de julio a partir de las 18.30 horas se realizar\u00e1 el acto de bienvenida para todos los escultores que participar\u00e1n de la Bienal Internacional de Escultura 2016. Ser\u00e1 en el Complejo Cultural Guido Miranda, Colon 164, con entrada libre y gratuita. Con m\u00fasica y gran despliegue, realizar\u00e1n el acto de bienvenida a los artistas de la Bienal 2016.<\/p>\n<p>Fuente: <a href=\"http:\/\/www.datachaco.com\/noticias\/view\/72356\" target=\"_blank\">www.datachaco.com<\/a><\/p>\n","protected":false},"excerpt":{"rendered":"<p>En el marco de la Bienal Internacional de Escultura 2016, se llevar\u00e1 a cabo el III Encuentro de Maestros Artesanos Argentinos. El evento se realizar\u00e1 del 16 al 23 de julio, en el MusEUM, de 8.30 a 19. Se podr\u00e1n adquirir todo tipo de artesan\u00edas,&#8230;<\/p>\n","protected":false},"author":3,"featured_media":3150,"comment_status":"closed","ping_status":"closed","sticky":false,"template":"","format":"standard","meta":{"footnotes":""},"categories":[6],"tags":[],"_links":{"self":[{"href":"https:\/\/www.bienaldelchaco.org\/2022\/wp-json\/wp\/v2\/posts\/3149"}],"collection":[{"href":"https:\/\/www.bienaldelchaco.org\/2022\/wp-json\/wp\/v2\/posts"}],"about":[{"href":"https:\/\/www.bienaldelchaco.org\/2022\/wp-json\/wp\/v2\/types\/post"}],"author":[{"embeddable":true,"href":"https:\/\/www.bienaldelchaco.org\/2022\/wp-json\/wp\/v2\/users\/3"}],"replies":[{"embeddable":true,"href":"https:\/\/www.bienaldelchaco.org\/2022\/wp-json\/wp\/v2\/comments?post=3149"}],"version-history":[{"count":2,"href":"https:\/\/www.bienaldelchaco.org\/2022\/wp-json\/wp\/v2\/posts\/3149\/revisions"}],"predecessor-version":[{"id":3152,"href":"https:\/\/www.bienaldelchaco.org\/2022\/wp-json\/wp\/v2\/posts\/3149\/revisions\/3152"}],"wp:featuredmedia":[{"embeddable":true,"href":"https:\/\/www.bienaldelchaco.org\/2022\/wp-json\/wp\/v2\/media\/3150"}],"wp:attachment":[{"href":"https:\/\/www.bienaldelchaco.org\/2022\/wp-json\/wp\/v2\/media?parent=3149"}],"wp:term":[{"taxonomy":"category","embeddable":true,"href":"https:\/\/www.bienaldelchaco.org\/2022\/wp-json\/wp\/v2\/categories?post=3149"},{"taxonomy":"post_tag","embeddable":true,"href":"https:\/\/www.bienaldelchaco.org\/2022\/wp-json\/wp\/v2\/tags?post=3149"}],"curies":[{"name":"wp","href":"https:\/\/api.w.org\/{rel}","templated":true}]}}