{"id":3180,"date":"2016-07-15T12:57:09","date_gmt":"2016-07-15T15:57:09","guid":{"rendered":"http:\/\/www.bienaldelchaco.org\/?p=3180"},"modified":"2016-07-15T12:57:09","modified_gmt":"2016-07-15T15:57:09","slug":"fabriciano-con-nervios-y-ansias-ante-el-inicio-de-la-bienal-equilibrium","status":"publish","type":"post","link":"https:\/\/www.bienaldelchaco.org\/2022\/fabriciano-con-nervios-y-ansias-ante-el-inicio-de-la-bienal-equilibrium\/","title":{"rendered":"Fabriciano, con nervios y ansias, ante el inicio de la Bienal &#8220;Equilibrium&#8221;"},"content":{"rendered":"<p>L\u00edder y alma mater de la Fundaci\u00f3n Urunday, habl\u00f3 con RADIO CIUDAD acerca de \u00e9sta fecha tan especial para los chaque\u00f1os, para la regi\u00f3n y para la cultura argentina. Ya imprimen en Buenos Aires afiches para la Bienal 2018.<!--more--><\/p>\n<p>Fabriciano G\u00f3mez reflexion\u00f3 que &#8220;se ha trabajado mucho. Se viene trabajando a\u00f1os en esto. En \u00e9ste momento se est\u00e1 imprimiendo en Buenos Aires lo que es el afiche para 2018. Quiere decir que trabajamos 2 a\u00f1os y 4 meses para cada Bienal&#8221;.<\/p>\n<p>&#8220;Eso es lo bueno de todo esto, la previsi\u00f3n. Trabajar seg\u00fan las normas ISO. Por eso lo de los nervios, porque hay m\u00e1s de 300 personas en esto. El municipio puso todas sus fuerzas en el embellecimiento de lo que es el Paseo Costanero. Esos 3 lugares que estaban un poco perdidos, no ocupados por la gente&#8221;, dijo agradecido.<\/p>\n<p>No falt\u00f3 la alusi\u00f3n al r\u00edo Negro que &#8220;bueno, no es el Sena, pero es un r\u00edo que marca nuestra historia. Ah\u00ed descendieron los primeros italianos que llegaron el 2 de febrero de 1878. Y bueno, es un \u00edcono para nosotros y se han hecho trabajos muy importantes, esenciales y duraderos. Eso es fundamental, porque hay que hacer cosas que se puedan mantener&#8221;.<\/p>\n<p>Tambi\u00e9n mencion\u00f3 que &#8220;tenemos un Sal\u00f3n de Convenciones peque\u00f1o pero muy bello. Estoy feliz, como ciudadano y como organizador. Y por supuesto el gobierno de la provincia ha tomado como una cuesti\u00f3n de Estado la Bienal Internacional&#8221;.<\/p>\n<h2 class=\"page-heading\">Los adelantados.<\/h2>\n<p>Fabriciano hizo saber que ya est\u00e1n en Resistencia 5 escultores, y se refiri\u00f3 &#8220;al jurado Le\u00f3n Saavedra Geuer de Bolivia, que est\u00e1 haciendo una escultura para el r\u00edo; la escultora de Per\u00fa que tambi\u00e9n est\u00e1 haciendo una escultura para el r\u00edo, donde pidi\u00f3 una canoa de 7 metros; porque trabaja fundamentalmente en el mantenimiento, el cuidado de la naturaleza. Nos est\u00e1n mostrando c\u00f3mo cuidar nuestras fuentes naturales&#8221;.<\/p>\n<p>&#8220;Ya est\u00e1 Fabi\u00e1n Nanni, de Salta, un maestro de la cer\u00e1mica, material que hemos sumado este a\u00f1o; la gran estrella que es Alejandro Arce, que trabaja en arena, que va a hacer 2 dinosaurios de 4,50 metros, porque son parte de nuestra historia. Y ahora los vamos a poder ver ah\u00ed y tocarlos, por m\u00e1s que sean de arena&#8221; agreg\u00f3.<\/p>\n<h2 class=\"page-heading\">Todos a la bienvenida.<\/h2>\n<p>Finalmente, Fabriciano dijo que &#8220;el s\u00e1bado a las 9 damos la segunda bienvenida, porque la primera la damos el viernes en el Guido Miranda, una bienvenida de lujo para la cual invitamos a la gente, con la presencia del Coro Polif\u00f3nico, de la Sinf\u00f3nica del Chaco y nuestro concertista Alejandro Acosta, que hace la m\u00fasica de las \u00faltimas 6 Bienales . Un virtuoso que toca 18 instrumentos&#8221;.<\/p>\n<p>En esa oportunidad habr\u00e1 palabras del gobernador y el intendente, y exhort\u00f3 a dar &#8220;la bienvenida a estos embajadores del mundo, de 11 pa\u00edses, algunos muy lejanos como Bielorrusia, China y Jap\u00f3n, y un Jurado que son de pa\u00edses que no est\u00e1n participando en la Bienal&#8221;, sin olvidar otras presencias como la del maestro Pepe Soriano con la obra &#8220;El Loro calabr\u00e9s&#8221;.<\/p>\n<p>Agradeci\u00f3 a todo el equipo de RADIO CIUDAD y el portal Chaco D\u00eda por D\u00eda por el constante apoyo, con un &#8220;much\u00edsimas gracias&#8221;.<\/p>\n<p>Fuente: <a href=\"http:\/\/www.chacodiapordia.com\/noticia\/111324\/fabriciano-con-nervios-y-ansias-ante-el-inicio-de-la-bienal-equilibrium\" target=\"_blank\">www.chacodiapordia.com<\/a><\/p>\n","protected":false},"excerpt":{"rendered":"<p>L\u00edder y alma mater de la Fundaci\u00f3n Urunday, habl\u00f3 con RADIO CIUDAD acerca de \u00e9sta fecha tan especial para los chaque\u00f1os, para la regi\u00f3n y para la cultura argentina. Ya imprimen en Buenos Aires afiches para la Bienal 2018.<\/p>\n","protected":false},"author":3,"featured_media":0,"comment_status":"closed","ping_status":"closed","sticky":false,"template":"","format":"standard","meta":{"footnotes":""},"categories":[6],"tags":[],"_links":{"self":[{"href":"https:\/\/www.bienaldelchaco.org\/2022\/wp-json\/wp\/v2\/posts\/3180"}],"collection":[{"href":"https:\/\/www.bienaldelchaco.org\/2022\/wp-json\/wp\/v2\/posts"}],"about":[{"href":"https:\/\/www.bienaldelchaco.org\/2022\/wp-json\/wp\/v2\/types\/post"}],"author":[{"embeddable":true,"href":"https:\/\/www.bienaldelchaco.org\/2022\/wp-json\/wp\/v2\/users\/3"}],"replies":[{"embeddable":true,"href":"https:\/\/www.bienaldelchaco.org\/2022\/wp-json\/wp\/v2\/comments?post=3180"}],"version-history":[{"count":2,"href":"https:\/\/www.bienaldelchaco.org\/2022\/wp-json\/wp\/v2\/posts\/3180\/revisions"}],"predecessor-version":[{"id":3182,"href":"https:\/\/www.bienaldelchaco.org\/2022\/wp-json\/wp\/v2\/posts\/3180\/revisions\/3182"}],"wp:attachment":[{"href":"https:\/\/www.bienaldelchaco.org\/2022\/wp-json\/wp\/v2\/media?parent=3180"}],"wp:term":[{"taxonomy":"category","embeddable":true,"href":"https:\/\/www.bienaldelchaco.org\/2022\/wp-json\/wp\/v2\/categories?post=3180"},{"taxonomy":"post_tag","embeddable":true,"href":"https:\/\/www.bienaldelchaco.org\/2022\/wp-json\/wp\/v2\/tags?post=3180"}],"curies":[{"name":"wp","href":"https:\/\/api.w.org\/{rel}","templated":true}]}}