{"id":3235,"date":"2016-07-20T10:14:14","date_gmt":"2016-07-20T13:14:14","guid":{"rendered":"http:\/\/www.bienaldelchaco.org\/?p=3235"},"modified":"2016-07-20T10:14:14","modified_gmt":"2016-07-20T13:14:14","slug":"ochenta-mil-personas-visitaron-la-bienal-de-esculturas-de-chaco-durante-su-primer-fin-de-semana","status":"publish","type":"post","link":"https:\/\/www.bienaldelchaco.org\/2022\/ochenta-mil-personas-visitaron-la-bienal-de-esculturas-de-chaco-durante-su-primer-fin-de-semana\/","title":{"rendered":"Ochenta mil personas visitaron la Bienal de Esculturas de Chaco durante su primer fin de semana"},"content":{"rendered":"<p>En su primer fin de semana la 20\u00b0 edici\u00f3n de la bienal de esculturas del chaco, que continuar\u00e1 hasta el 23 de julio y se realiza en el predio del domo del centenario de la ciudad de resistencia, recibi\u00f3 m\u00e1s de 80 mil visitantes, lo que hace pensar en un nuevo r\u00e9cord de asistencia para este a\u00f1o.<!--more--><\/p>\n<p>El concurso, que cuenta con el reconocimiento de la Unesco y que se desarrolla desde 1998 en la capital chaque\u00f1a se desarrolla bajo el lema Equilibrium, tema de trabajo para los once escultores de diferentes nacionalidades que este a\u00f1o tienen al m\u00e1rmol como material para esculpir sus obras.<\/p>\n<p>Bajo el mismo lema participan del Premio Desaf\u00edo m\u00e1s de m\u00e1s de 30 estudiantes avanzados de diferentes Escuelas de Artes del pa\u00eds.<\/p>\n<p>M\u00e1s all\u00e1 del tradicional concurso y la tarea de escultores y estudiantes, la Bienal tiene diversas actividades art\u00edsticas y culturales que combinan las diferentes artes esc\u00e9nicas y conferencias.<\/p>\n<p>En el marco de la muestra se realiza tambi\u00e9n el 1\u00ba Congreso Internacional de Artes, organizado por la Facultad de Artes, Dise\u00f1o y Ciencias de la Cultura de la UNNE, con el objetivo de crear un espacio acad\u00e9mico de intercambio y discusi\u00f3n entre docentes, investigadores, artistas, estudiantes y gestores culturales.<\/p>\n<p>Las comunidades originarias de la provincia tienen un espacio destacado con la realizaci\u00f3n del 5\u00ba Encuentro de Artesanos que re\u00fane en el predio a m\u00e1s de 70 destacados maestros artesanos de las etnias qom, moqoit y wichi.<\/p>\n<p>Fuente: <a href=\"http:\/\/www.telam.com.ar\/notas\/201607\/155706-bienal-escultura-de-chaco.html\" target=\"_blank\">www.telam.com.ar\/<\/a><\/p>\n","protected":false},"excerpt":{"rendered":"<p>En su primer fin de semana la 20\u00b0 edici\u00f3n de la bienal de esculturas del chaco, que continuar\u00e1 hasta el 23 de julio y se realiza en el predio del domo del centenario de la ciudad de resistencia, recibi\u00f3 m\u00e1s de 80 mil visitantes, lo&#8230;<\/p>\n","protected":false},"author":3,"featured_media":3236,"comment_status":"closed","ping_status":"closed","sticky":false,"template":"","format":"standard","meta":{"footnotes":""},"categories":[6],"tags":[],"_links":{"self":[{"href":"https:\/\/www.bienaldelchaco.org\/2022\/wp-json\/wp\/v2\/posts\/3235"}],"collection":[{"href":"https:\/\/www.bienaldelchaco.org\/2022\/wp-json\/wp\/v2\/posts"}],"about":[{"href":"https:\/\/www.bienaldelchaco.org\/2022\/wp-json\/wp\/v2\/types\/post"}],"author":[{"embeddable":true,"href":"https:\/\/www.bienaldelchaco.org\/2022\/wp-json\/wp\/v2\/users\/3"}],"replies":[{"embeddable":true,"href":"https:\/\/www.bienaldelchaco.org\/2022\/wp-json\/wp\/v2\/comments?post=3235"}],"version-history":[{"count":1,"href":"https:\/\/www.bienaldelchaco.org\/2022\/wp-json\/wp\/v2\/posts\/3235\/revisions"}],"predecessor-version":[{"id":3237,"href":"https:\/\/www.bienaldelchaco.org\/2022\/wp-json\/wp\/v2\/posts\/3235\/revisions\/3237"}],"wp:featuredmedia":[{"embeddable":true,"href":"https:\/\/www.bienaldelchaco.org\/2022\/wp-json\/wp\/v2\/media\/3236"}],"wp:attachment":[{"href":"https:\/\/www.bienaldelchaco.org\/2022\/wp-json\/wp\/v2\/media?parent=3235"}],"wp:term":[{"taxonomy":"category","embeddable":true,"href":"https:\/\/www.bienaldelchaco.org\/2022\/wp-json\/wp\/v2\/categories?post=3235"},{"taxonomy":"post_tag","embeddable":true,"href":"https:\/\/www.bienaldelchaco.org\/2022\/wp-json\/wp\/v2\/tags?post=3235"}],"curies":[{"name":"wp","href":"https:\/\/api.w.org\/{rel}","templated":true}]}}