{"id":3238,"date":"2016-07-20T10:17:22","date_gmt":"2016-07-20T13:17:22","guid":{"rendered":"http:\/\/www.bienaldelchaco.org\/?p=3238"},"modified":"2016-07-20T10:23:55","modified_gmt":"2016-07-20T13:23:55","slug":"domingo-de-polvo-blanco","status":"publish","type":"post","link":"https:\/\/www.bienaldelchaco.org\/2022\/domingo-de-polvo-blanco\/","title":{"rendered":"Domingo de polvo blanco"},"content":{"rendered":"<p>La competencia ha comenzado su sesgo vertiginoso. Si durante la primera jornada el escultor se familiarizaba con el material y las herramientas y t\u00edmidamente comenzaba a marcar el m\u00e1rmol y cortarlo, el domingo comenz\u00f3 a funcionar este taller al aire libre con frenes\u00ed. 11 escultores horadando el bloque de m\u00e1rmol, incesante sonido de herramientas el\u00e9ctricas que no dieron respiro y un polvo blanco que cubr\u00eda en oleadas el predio.<!--more--><\/p>\n<p>Avatares del oficio: el escultor alem\u00e1n Nils Hansen descubrir\u00f3 que su bloque ten\u00eda una debilidad importante en su interior y aunque ayer hab\u00eda logrado un avance notable \u2013y gracias a ello- se encontr\u00f3 con una peligrosa veta que a ojos vista prefaciaba la rotura del travertino en dos.<\/p>\n<p>Aunque el reglamento de la Bienal para casos como \u00e9stos enuncia que el artista deber\u00e1 resolverlo (con clavos u otras formas de juntura), el comit\u00e9 organizador cedi\u00f3 otro bloque. Y debido a que el escultor germano hab\u00eda perdido un d\u00eda de trabajo y lo pon\u00eda en inferioridad de condiciones con sus pares, el comit\u00e9 le otorg\u00f3 un ayudante para recuperar el tiempo.<\/p>\n<p>Otra curiosidad a destacar entre los competidores internacionales es que el escultor rumano Mincu Nicolar Razvan por razones religiosas no trabaja el d\u00eda domingo. Sin embargo, por la ma\u00f1ana se acerc\u00f3 a cada uno de los boxes, tuvo una mirada profunda sobre las obras e intercambi\u00f3 ideas con sus compa\u00f1eros de competencia.<\/p>\n<p>El domingo fue bullicioso, con una gran cantidad de p\u00fablico que colm\u00f3 las instalaciones del parque, teniendo por marco un d\u00eda de invierno entibiado por el omnipotente sol. Los ponchos, chales y bufandas, gorros y abrigos de cuero salieron a relucir.<\/p>\n<p>Danzas en aguas danzantes, acrobacia a\u00e9rea y circo, espect\u00e1culos infantiles, fueron de la partida, as\u00ed como el tradicional Encuentro de ciudadanos aficionados a la escultura. Entre las actividades formativas, se destac\u00f3 el taller \u201cProducci\u00f3n y posproducci\u00f3n en fotograf\u00eda de arte\u201d, a cargo del fot\u00f3grafo Gonzalo Pujal.<\/p>\n<p>Ca\u00edda la tarde, se inaugur\u00f3 la exposici\u00f3n Escultores del Mundo, en la sala de exposiciones del Museum, una muestra de esculturas en peque\u00f1o formato de los artistas participantes del concurso internacional. Es una tradici\u00f3n de la Bienal inaugurar una muestra de esculturas de los artistas participantes de la competencia internacional.<\/p>\n<p>En cierta forma, es una manera de acercarse a su obra \u201cpor adelantado\u201d, de ahondar en su arte, de corroborar expectativas, ya que estamos lejos a\u00fan de ver las formas y vol\u00famenes definitivas de sus manifestaciones del equilibrium. El peque\u00f1o formato nos muestra al escultor en su resoluci\u00f3n \u00edntima y la pieza acabada nos se\u00f1ala la altura de su vuelo.<\/p>\n<p>La noche tuvo como broche la presentaci\u00f3n del Ballet Folcl\u00f3rico Nacional, dirigido por Omar Fiordelmondo ofreci\u00f3 en el Domo del Centenario un espect\u00e1culo de alta jerarqu\u00eda denominado \u201cAqu\u00ed me pongo a cantar\u201d. La Bienal es generosa, siempre sorpresiva.<\/p>\n<p>&nbsp;<\/p>\n<p>Fuente: <a href=\"http:\/\/www.diarionorte.com\/article\/140077\/domingo-de-polvo-blanco\" target=\"_blank\">www.diarionorte.com<\/a><\/p>\n","protected":false},"excerpt":{"rendered":"<p>La competencia ha comenzado su sesgo vertiginoso. Si durante la primera jornada el escultor se familiarizaba con el material y las herramientas y t\u00edmidamente comenzaba a marcar el m\u00e1rmol y cortarlo, el domingo comenz\u00f3 a funcionar este taller al aire libre con frenes\u00ed. 11 escultores&#8230;<\/p>\n","protected":false},"author":3,"featured_media":3239,"comment_status":"closed","ping_status":"closed","sticky":false,"template":"","format":"standard","meta":{"footnotes":""},"categories":[6],"tags":[],"_links":{"self":[{"href":"https:\/\/www.bienaldelchaco.org\/2022\/wp-json\/wp\/v2\/posts\/3238"}],"collection":[{"href":"https:\/\/www.bienaldelchaco.org\/2022\/wp-json\/wp\/v2\/posts"}],"about":[{"href":"https:\/\/www.bienaldelchaco.org\/2022\/wp-json\/wp\/v2\/types\/post"}],"author":[{"embeddable":true,"href":"https:\/\/www.bienaldelchaco.org\/2022\/wp-json\/wp\/v2\/users\/3"}],"replies":[{"embeddable":true,"href":"https:\/\/www.bienaldelchaco.org\/2022\/wp-json\/wp\/v2\/comments?post=3238"}],"version-history":[{"count":1,"href":"https:\/\/www.bienaldelchaco.org\/2022\/wp-json\/wp\/v2\/posts\/3238\/revisions"}],"predecessor-version":[{"id":3240,"href":"https:\/\/www.bienaldelchaco.org\/2022\/wp-json\/wp\/v2\/posts\/3238\/revisions\/3240"}],"wp:featuredmedia":[{"embeddable":true,"href":"https:\/\/www.bienaldelchaco.org\/2022\/wp-json\/wp\/v2\/media\/3239"}],"wp:attachment":[{"href":"https:\/\/www.bienaldelchaco.org\/2022\/wp-json\/wp\/v2\/media?parent=3238"}],"wp:term":[{"taxonomy":"category","embeddable":true,"href":"https:\/\/www.bienaldelchaco.org\/2022\/wp-json\/wp\/v2\/categories?post=3238"},{"taxonomy":"post_tag","embeddable":true,"href":"https:\/\/www.bienaldelchaco.org\/2022\/wp-json\/wp\/v2\/tags?post=3238"}],"curies":[{"name":"wp","href":"https:\/\/api.w.org\/{rel}","templated":true}]}}