{"id":3256,"date":"2016-07-25T13:45:59","date_gmt":"2016-07-25T16:45:59","guid":{"rendered":"http:\/\/www.bienaldelchaco.org\/?p=3256"},"modified":"2016-07-25T13:45:59","modified_gmt":"2016-07-25T16:45:59","slug":"peppo-la-bienal-es-un-hecho-de-orgullo-y-grandeza-para-nosotros","status":"publish","type":"post","link":"https:\/\/www.bienaldelchaco.org\/2022\/peppo-la-bienal-es-un-hecho-de-orgullo-y-grandeza-para-nosotros\/","title":{"rendered":"Peppo: \u201cLa Bienal es un hecho de orgullo y grandeza para nosotros&#8221;"},"content":{"rendered":"<p>El gobernador Domingo Peppo junto al intendente de Resistencia, Jorge Capitanich y al titular de la Fundaci\u00f3n Urunday Fabriciano G\u00f3mez, encabez\u00f3 este s\u00e1bado el acto oficial de cierre de la Bienal Internacional de Esculturas 1016 &#8220;Equilibrium&#8221;.<!--more--><\/p>\n<p>En ese marco se anunci\u00f3 el tema que congregar\u00e1 a los escultores en la pr\u00f3xima Bienal 2018, que ser\u00e1 &#8220;Identidad en movimiento&#8221;. Durante una semana 11 escultores de distintos pa\u00edses trabajaron el m\u00e1rmol a cielo abierto en la 20\u00b0 edici\u00f3n de la Bienal, ante la vista de miles de visitantes cada d\u00eda.<\/p>\n<p>Las obras permanecer\u00e1n en las calles de Resistencia, contribuyendo al patrimonio cultural de la provincia. &#8220;Compartimos este momento con una emoci\u00f3n muy grande, con un reconocimiento a los participantes y a los organizadores de esta gran fiesta&#8221;, manifest\u00f3 el gobernador.<\/p>\n<p>Peppo destac\u00f3 la &#8220;cantidad impresionante&#8221; de personas que se acerc\u00f3 a compartir el cierre del evento, que &#8220;le da el corolario final a una semana muy valiosa para la cultura&#8221;. Adem\u00e1s, valor\u00f3 el aporte de los artistas internacionales, &#8220;que enriquecen el patrimonio cultural provincial&#8221; El gobernador valor\u00f3 el trabajo del equipo organizador conformado por el gobierno provincial, las municipalidades del gran Resistencia y la Fundaci\u00f3n Urunday. &#8220;Todos aportaron, se conform\u00f3 gran equipo para mostrar al mundo que la Bienal es un hecho de orgullo y grandeza para nosotros&#8221;, indic\u00f3.<\/p>\n<p>Finalmente, Peppo asegur\u00f3 que el \u00e9xito tambi\u00e9n se replic\u00f3 en cada uno de los stands que participaron, provenientes de distintas localidades del interior y provincias vecinas. &#8220;A todos les ha ido muy bien en sus propuestas que trajeron para interactuar con la gente. Este es un punto de encuentro de los argentinos, con solidaridad y amistad&#8221;, precis\u00f3.<\/p>\n<p>Estuvieron presentes en la ceremonia de premiaci\u00f3n adem\u00e1s, el vicegobernador Daniel Capitanich, el secretario general de Gobernaci\u00f3n Horacio Rey, el presidente del Nuevo Banco del Chaco Rafael Gonz\u00e1lez, los presidentes del Instituto de Cultura H\u00e9ctor Benab\u00e9, de Turismo Mora Dicembrino, la titular de la Fundaci\u00f3n Chaco Solidario Emilse Nanoff Penoff, el presidente del Consejo Municipal Gustavo Mart\u00ednez, la presidenta de la C\u00e1mara de Diputados \u00c9lida Cuesta, y dem\u00e1s Funcionarios provinciales y municipales, e integrantes de la Fundaci\u00f3n Chaco Solidario.<\/p>\n<h2 class=\"page-heading\">Encuentro de Escultores en El Impenetrable<\/h2>\n<p>Por otro lado, el gobernador invit\u00f3 al Encuentro de Escultores de El Impenetrable, que se realizar\u00e1 en Juan Jos\u00e9 Castelli. &#8220;Ser\u00e1 una fiesta similar a esta, con propuestas culturales y art\u00edsticas para toda la familia&#8221;, asegur\u00f3 Domingo Peppo, quien adem\u00e1s agreg\u00f3: &#8220;En el portal de El Impenetrable se convocar\u00e1n los mismos artistas internacionales para contribuir al desarrollo cultural y tur\u00edstico de esa porci\u00f3n de nuestra provincia&#8221;.<\/p>\n<p>Desde el martes 26 de julio y hasta el domingo 31, los escultores internacionales que participaron de la Bienal en Resistencia formar\u00e1n parte de una nueva edici\u00f3n del Encuentro de Escultores del Impenetrable, en la plaza central de Juan Jos\u00e9 Castelli. El tema convocante ser\u00e1 &#8220;Sonidos del Monte&#8221; y los escultores volver\u00e1n a trabajar con M\u00e1rmol.<\/p>\n<p>Participar\u00e1n adem\u00e1s los artistas Le\u00f3n Saavedra Geuer (Bolivia), quien trabajar\u00e1 en metal; y los representantes de El Impenetrable Chaque\u00f1o Juan Reis (Villa R\u00edo Bermejito) y Alejandro P\u00e9rez (Resistencia), quienes realizar\u00e1n obras en Palo Santo. El evento se realiza en coordinaci\u00f3n con la Fundaci\u00f3n Amigos del Arte y Turismo, la Fundaci\u00f3n Urunday, el Municipio de Juan Jos\u00e9 Castelli, y el gobierno de la Provincia.<\/p>\n<p>Fuente: <a href=\"http:\/\/www.diarionorte.com\/article\/140301\/peppo-la-bienal-es-un-hecho-de-orgullo-y-grandeza-para-nosotros\" target=\"_blank\">www.diarionorte.com<\/a><\/p>\n","protected":false},"excerpt":{"rendered":"<p>El gobernador Domingo Peppo junto al intendente de Resistencia, Jorge Capitanich y al titular de la Fundaci\u00f3n Urunday Fabriciano G\u00f3mez, encabez\u00f3 este s\u00e1bado el acto oficial de cierre de la Bienal Internacional de Esculturas 1016 &#8220;Equilibrium&#8221;.<\/p>\n","protected":false},"author":3,"featured_media":3257,"comment_status":"closed","ping_status":"closed","sticky":false,"template":"","format":"standard","meta":{"footnotes":""},"categories":[6],"tags":[],"_links":{"self":[{"href":"https:\/\/www.bienaldelchaco.org\/2022\/wp-json\/wp\/v2\/posts\/3256"}],"collection":[{"href":"https:\/\/www.bienaldelchaco.org\/2022\/wp-json\/wp\/v2\/posts"}],"about":[{"href":"https:\/\/www.bienaldelchaco.org\/2022\/wp-json\/wp\/v2\/types\/post"}],"author":[{"embeddable":true,"href":"https:\/\/www.bienaldelchaco.org\/2022\/wp-json\/wp\/v2\/users\/3"}],"replies":[{"embeddable":true,"href":"https:\/\/www.bienaldelchaco.org\/2022\/wp-json\/wp\/v2\/comments?post=3256"}],"version-history":[{"count":1,"href":"https:\/\/www.bienaldelchaco.org\/2022\/wp-json\/wp\/v2\/posts\/3256\/revisions"}],"predecessor-version":[{"id":3258,"href":"https:\/\/www.bienaldelchaco.org\/2022\/wp-json\/wp\/v2\/posts\/3256\/revisions\/3258"}],"wp:featuredmedia":[{"embeddable":true,"href":"https:\/\/www.bienaldelchaco.org\/2022\/wp-json\/wp\/v2\/media\/3257"}],"wp:attachment":[{"href":"https:\/\/www.bienaldelchaco.org\/2022\/wp-json\/wp\/v2\/media?parent=3256"}],"wp:term":[{"taxonomy":"category","embeddable":true,"href":"https:\/\/www.bienaldelchaco.org\/2022\/wp-json\/wp\/v2\/categories?post=3256"},{"taxonomy":"post_tag","embeddable":true,"href":"https:\/\/www.bienaldelchaco.org\/2022\/wp-json\/wp\/v2\/tags?post=3256"}],"curies":[{"name":"wp","href":"https:\/\/api.w.org\/{rel}","templated":true}]}}