{"id":4205,"date":"2018-03-14T08:41:09","date_gmt":"2018-03-14T11:41:09","guid":{"rendered":"http:\/\/www.bienaldelchaco.org\/?p=4205"},"modified":"2018-03-16T08:41:16","modified_gmt":"2018-03-16T11:41:16","slug":"hoy-se-lanza-oficialmente-la-bienal-de-escultura-identidad-en-movimiento","status":"publish","type":"post","link":"https:\/\/www.bienaldelchaco.org\/2022\/hoy-se-lanza-oficialmente-la-bienal-de-escultura-identidad-en-movimiento\/","title":{"rendered":"Hoy se lanza oficialmente la Bienal de Escultura Identidad en Movimiento"},"content":{"rendered":"<p>La Bienal Internacional de Escultura 2018 \u201cIdentidad en Movimiento\u201d ser\u00e1 presentada este esta noche, a partir de las 20, en el Sal\u00f3n Auditorio de la Casa de las Culturas. El cierre musical estar\u00e1 a cargo de la cantante Charo Bogar\u00edn y el m\u00fasico Alejandro Acosta quienes, a d\u00fao y en vivo, interpretar\u00e1n la m\u00fasica oficial de la Bienal, compuesta especialmente para esta edici\u00f3n.<!--more--><\/p>\n<p>El presidente de la Fundaci\u00f3n Urunday y alma m\u00e1ter de la Bienal, Fabriciano, invit\u00f3 a toda la comunidad a participar del lanzamiento y record\u00f3 que en esta edici\u00f3n se celebran tres d\u00e9cadas de concursos en la provincia. \u201cEsto es algo muy especial porque han pasado 30 a\u00f1os del primer concurso escult\u00f3rico en el Chaco, con tantos artistas de distintas partes del mundo que dejaron sus esculturas y sus mensajes\u201d, destac\u00f3.<\/p>\n<p>Por su parte, la fundadora del grupo Tonolec, Charo Bogar\u00edn, coment\u00f3 que fue invitada por la Fundaci\u00f3n Urunday y por el Gobierno del Chaco (ambos organizadores de la Bienal) para ponerle voz a la canci\u00f3n oficial del concurso.<\/p>\n<p>\u201cLa intenci\u00f3n tambi\u00e9n es coincidir con la propuesta de esta Bienal que es Identidad en Movimiento\u201d, explic\u00f3 Bogar\u00edn. \u201cVengo trabajando hace a\u00f1os con nuestra identidad musical, los pueblos originarios, lenguas ancestrales, revalorizando esta sangre nativa. Creo que todo esto se va a ver y va a confluir en el escenario donde presentaremos esta nueva edici\u00f3n\u201d, sostuvo. Alejandro Acosta, compositor del himno de la Bienal, cont\u00f3 que al cumplirse 30 a\u00f1os de bienales, en esta oportunidad la canci\u00f3n tendr\u00e1 algunos \u201cgui\u00f1os\u201d hacia las ediciones anteriores. Coment\u00f3 adem\u00e1s que se utilizar\u00e1n instrumentos nuevos que, junto a la voz de Charo Bogar\u00edn, crear\u00e1n un efecto sonoro \u00fanico.<\/p>\n<h2 class=\"page-heading\">Empieza a latir<\/h2>\n<p>Cabe recordar que en la presentaci\u00f3n de hoy se dar\u00e1n detalles de la gran fiesta del arte y la cultura que se realizar\u00e1 del 14 al 21 de julio en el MusEUM, del Domo del Centenario, en la capital chaque\u00f1a. Como todas las bienales, esta tendr\u00e1 varias particularidades. La principal es que se celebrar\u00e1n los 30 a\u00f1os de concursos de escultura en la provincia, convirti\u00e9ndose en el principal acontecimiento cultural del pueblo de Resistencia. Y para celebrarlo, se dirimir\u00e1 el \u201cGran Premio de Honor\u201d entre los ganadores de las bienales realizadas entre 1998 y 2016. En esta oportunidad deber\u00e1n realizar una obra inspirada en el tema \u201cIdentidad en movimiento\u201d. Se utilizar\u00e1n diversos materiales (acero y m\u00e1rmol), los cuales tendr\u00e1n movimiento y algunos inclusive emitir\u00e1n sonidos.<\/p>\n<p>Fuente: Diario Norte<\/p>\n","protected":false},"excerpt":{"rendered":"<p>La Bienal Internacional de Escultura 2018 \u201cIdentidad en Movimiento\u201d ser\u00e1 presentada este esta noche, a partir de las 20, en el Sal\u00f3n Auditorio de la Casa de las Culturas. El cierre musical estar\u00e1 a cargo de la cantante Charo Bogar\u00edn y el m\u00fasico Alejandro Acosta&#8230;<\/p>\n","protected":false},"author":3,"featured_media":4206,"comment_status":"closed","ping_status":"closed","sticky":false,"template":"","format":"standard","meta":{"footnotes":""},"categories":[6],"tags":[],"_links":{"self":[{"href":"https:\/\/www.bienaldelchaco.org\/2022\/wp-json\/wp\/v2\/posts\/4205"}],"collection":[{"href":"https:\/\/www.bienaldelchaco.org\/2022\/wp-json\/wp\/v2\/posts"}],"about":[{"href":"https:\/\/www.bienaldelchaco.org\/2022\/wp-json\/wp\/v2\/types\/post"}],"author":[{"embeddable":true,"href":"https:\/\/www.bienaldelchaco.org\/2022\/wp-json\/wp\/v2\/users\/3"}],"replies":[{"embeddable":true,"href":"https:\/\/www.bienaldelchaco.org\/2022\/wp-json\/wp\/v2\/comments?post=4205"}],"version-history":[{"count":1,"href":"https:\/\/www.bienaldelchaco.org\/2022\/wp-json\/wp\/v2\/posts\/4205\/revisions"}],"predecessor-version":[{"id":4207,"href":"https:\/\/www.bienaldelchaco.org\/2022\/wp-json\/wp\/v2\/posts\/4205\/revisions\/4207"}],"wp:featuredmedia":[{"embeddable":true,"href":"https:\/\/www.bienaldelchaco.org\/2022\/wp-json\/wp\/v2\/media\/4206"}],"wp:attachment":[{"href":"https:\/\/www.bienaldelchaco.org\/2022\/wp-json\/wp\/v2\/media?parent=4205"}],"wp:term":[{"taxonomy":"category","embeddable":true,"href":"https:\/\/www.bienaldelchaco.org\/2022\/wp-json\/wp\/v2\/categories?post=4205"},{"taxonomy":"post_tag","embeddable":true,"href":"https:\/\/www.bienaldelchaco.org\/2022\/wp-json\/wp\/v2\/tags?post=4205"}],"curies":[{"name":"wp","href":"https:\/\/api.w.org\/{rel}","templated":true}]}}