{"id":4552,"date":"2018-04-20T15:58:09","date_gmt":"2018-04-20T18:58:09","guid":{"rendered":"http:\/\/www.bienaldelchaco.org\/?p=4552"},"modified":"2018-04-20T16:06:03","modified_gmt":"2018-04-20T19:06:03","slug":"chaco-ciudad-de-las-esculturas-llega-el-30-aniversario-de-la-bienal","status":"publish","type":"post","link":"https:\/\/www.bienaldelchaco.org\/2022\/chaco-ciudad-de-las-esculturas-llega-el-30-aniversario-de-la-bienal\/","title":{"rendered":"Chaco, Ciudad de las Esculturas: llega el 30 aniversario de la Bienal"},"content":{"rendered":"<p>En el marco de la 30\u00aa edici\u00f3n de la Bienal del Chaco, que se realizar\u00e1 del 14 al 21 de julio en Resistencia, te adelantamos las actividades, las presencias y la historia de la exposici\u00f3n escult\u00f3rica m\u00e1s destacada del pa\u00eds.<!--more--><\/p>\n<h2>Conoc\u00e9 las actividades:<\/h2>\n<ol>\n<li><strong>ENCUENTRO DE ESCULTORES ARGENTINOS Y LATINOAMERICANOS.<\/strong>\u00a0En el marco de la gran competencia, 12 artistas elaborar\u00e1n sus obras con una amplia libertad de t\u00e9cnicas y materiales. Los convocados son: Nadia Guthmann, Mar\u00eda Guallar, Norma Siguelboim, Ram\u00f3n Morales Rossi, Diego Santurio, Dami\u00e1n Sondereguer, Ra\u00fal Collemi, Mauro Musante, Quique Gurevich, Alejandro Arce, Gabriela Far\u00edas Nicchi, Adriana Pantanalli.<\/li>\n<li><strong>PREMIO DESAF\u00cdO, en 48 horas.<\/strong>\u00a0Cada una de las provincias argentinas dicen\u00a0<em>&#8220;presente&#8221;.\u00a0<\/em>Se pone en marcha la 7a edici\u00f3n del Premio Desaf\u00edo \u201cHierros L\u00edder\u201d, donde concursar\u00e1n estudiantes de carreras de arte, que en equipos deber\u00e1n realizar una obra a cielo abierto con la presencia del p\u00fablico en el lapso de 48 horas continuas.<\/li>\n<li><strong>SESI\u00d3N PLENARIA DE LA ANBA.<\/strong>\u00a0La Academia Nacional de Bellas Artes (ANBA) sesionar\u00e1 en Resistencia y sus miembros llegar\u00e1n a la Bienal para cumplir dos d\u00edas de actividades, entre las que se incluye una sesi\u00f3n plenaria para deliberar sobre el fen\u00f3meno de las esculturas en Resistencia.<\/li>\n<li><strong>CONGRESO INTERNACIONAL DE ARTES.<\/strong>\u00a0La Facultad de Artes, Dise\u00f1o y Ciencias de la Cultura de la Universidad Nacional del Nordeste, perteneciente a la Red Argentina Universitaria de Arte y a la Red Universitaria de Artes a nivel mundial,\u00a0 organiza el II Congreso Internacional de Artes con el objetivo de crear un espacio de intercambio y discusi\u00f3n, aportando a la Bienal la dimensi\u00f3n acad\u00e9mica y cient\u00edfica.<\/li>\n<li><strong>SEMINARIO DE ARTE, DERECHO, PATRIMONIO Y URBANISMO.<\/strong>\u00a0Coordinado por el Dr. Diego Tolosa, director del Centro de Estudios de la Fundaci\u00f3n Urunday, propone un encuentro acad\u00e9mico para comprender las relaciones entre la Filosof\u00eda, el Derecho, la Protecci\u00f3n Patrimonial y el Urbanismo, motivado por el fen\u00f3meno singular de las obras de arte ubicadas en el espacio p\u00fablico que tienen un valor excepcional universal como manifestaci\u00f3n del talento y la creaci\u00f3n humana.<\/li>\n<li><strong>CONGRESO PROVINCIAL DE CULTURA.<\/strong>\u00a0Organizado por el Instituto de Cultura de la provincia de Chaco y con la participaci\u00f3n de los 69 municipios que integran la provincia, se realizar\u00e1 el Congreso Provincial de Cultura.<\/li>\n<li><strong>CONFERENCIAS, CURSOS Y TALLERES.<\/strong>\u00a0Adem\u00e1s, la bienal contar\u00e1 con un ciclo de conferencias magistrales, cursos y talleres.<strong>MUESTRAS:<\/strong>\u00a0\u201cExpresiones Escult\u00f3ricas Chaque\u00f1as\u201d de la Asociaci\u00f3n de Escultores Chaque\u00f1os y la exposici\u00f3n \u201cEscultores del mundo\u201d.\u00a0 Se inaugurar\u00e1n durante la Bienal y proponen un acercamiento a la obra de escultores chaque\u00f1os y sus pares del mundo.<strong>ARTES ESC\u00c9NICAS:<\/strong>\u00a0Habr\u00e1 obras de Teatro, M\u00fasica y Danza de nivel internacional en el escenario de la Bienal.<strong>ARTES COMBINADAS:<\/strong>\u00a0Las nuevas tecnolog\u00edas recrear\u00e1n y redefinir\u00e1n los g\u00e9neros y lenguajes art\u00edsticos. Un nueva dimensi\u00f3n de la Bienal se manifestar\u00e1 con las producciones de diversos artistas locales e internacionales, docentes y alumnos, en donde se fusionar\u00e1n diferentes disciplinas tradicionales.<strong>ARTESANIAS:<\/strong>\u00a0Se llevar\u00e1 a cabo el 4\u00ba Encuentro de Maestros Artesanos Argentinos, en el que participar\u00e1n m\u00e1s de 50 maestros artesanos de Argentina e invitados especiales de distintos pa\u00edses.<\/li>\n<\/ol>\n<p>Fuente: https:\/\/www.cultura.gob.ar\/chaco-ciudad-de-las-esculturas-llega-el-30-aniversario-de-la-bienal_5664\/<\/p>\n","protected":false},"excerpt":{"rendered":"<p>En el marco de la 30\u00aa edici\u00f3n de la Bienal del Chaco, que se realizar\u00e1 del 14 al 21 de julio en Resistencia, te adelantamos las actividades, las presencias y la historia de la exposici\u00f3n escult\u00f3rica m\u00e1s destacada del pa\u00eds.<\/p>\n","protected":false},"author":3,"featured_media":4553,"comment_status":"closed","ping_status":"closed","sticky":false,"template":"","format":"standard","meta":{"footnotes":""},"categories":[6],"tags":[],"_links":{"self":[{"href":"https:\/\/www.bienaldelchaco.org\/2022\/wp-json\/wp\/v2\/posts\/4552"}],"collection":[{"href":"https:\/\/www.bienaldelchaco.org\/2022\/wp-json\/wp\/v2\/posts"}],"about":[{"href":"https:\/\/www.bienaldelchaco.org\/2022\/wp-json\/wp\/v2\/types\/post"}],"author":[{"embeddable":true,"href":"https:\/\/www.bienaldelchaco.org\/2022\/wp-json\/wp\/v2\/users\/3"}],"replies":[{"embeddable":true,"href":"https:\/\/www.bienaldelchaco.org\/2022\/wp-json\/wp\/v2\/comments?post=4552"}],"version-history":[{"count":13,"href":"https:\/\/www.bienaldelchaco.org\/2022\/wp-json\/wp\/v2\/posts\/4552\/revisions"}],"predecessor-version":[{"id":4566,"href":"https:\/\/www.bienaldelchaco.org\/2022\/wp-json\/wp\/v2\/posts\/4552\/revisions\/4566"}],"wp:featuredmedia":[{"embeddable":true,"href":"https:\/\/www.bienaldelchaco.org\/2022\/wp-json\/wp\/v2\/media\/4553"}],"wp:attachment":[{"href":"https:\/\/www.bienaldelchaco.org\/2022\/wp-json\/wp\/v2\/media?parent=4552"}],"wp:term":[{"taxonomy":"category","embeddable":true,"href":"https:\/\/www.bienaldelchaco.org\/2022\/wp-json\/wp\/v2\/categories?post=4552"},{"taxonomy":"post_tag","embeddable":true,"href":"https:\/\/www.bienaldelchaco.org\/2022\/wp-json\/wp\/v2\/tags?post=4552"}],"curies":[{"name":"wp","href":"https:\/\/api.w.org\/{rel}","templated":true}]}}