{"id":4592,"date":"2018-05-03T17:23:57","date_gmt":"2018-05-03T20:23:57","guid":{"rendered":"http:\/\/www.bienaldelchaco.org\/?p=4592"},"modified":"2018-05-04T11:50:42","modified_gmt":"2018-05-04T14:50:42","slug":"chaco-promociono-la-bienal-de-escultura-en-el-consejo-federal-de-turismo","status":"publish","type":"post","link":"https:\/\/www.bienaldelchaco.org\/2022\/chaco-promociono-la-bienal-de-escultura-en-el-consejo-federal-de-turismo\/","title":{"rendered":"Chaco promocion\u00f3 la Bienal de Escultura en el Consejo Federal de Turismo"},"content":{"rendered":"<div>Por instrucciones del gobernador Domingo Peppo, Chaco estuvo presente en la mesa de di\u00e1logo nacional, en la que Santa Fe y Entre R\u00edos\u00a0 firmaron el acta de adhesi\u00f3n al corredor Ecotur\u00edstico del Litoral, sum\u00e1ndose a Chaco, Corrientes, Misiones\u00a0 y Formosa. En conjunto compondr\u00e1n el gran corredor\u00a0 sudamericano, que\u00a0 pretende ser uno de los m\u00e1s importantes del mundo, donde El Impenetrable es un hito ecotur\u00edstico central.<\/div>\n<div><\/div>\n<p><!--more--><\/p>\n<div><\/div>\n<div><\/div>\n<div>En la 145\u00b0 Asamblea del Consejo Federal de Turismo que se realiz\u00f3 en Buenos Aires, hablaron de puntos de importancia para la provincia: conectividad a\u00e9rea, estrategia de promoci\u00f3n tur\u00edstica nacional e internacional, y los avances del proyecto del Master Plan El Impenetrable.<\/div>\n<div>Durante el desarrollo de la asamblea, el ministro de Turismo de la Naci\u00f3n Gustavo Santos hizo menci\u00f3n a los avances del proyecto del Master Plan El Impenetrable y desde la provincia se plantean las necesidades de obras, de servicios y de infraestructura y la potencialidad de espacios para inversi\u00f3n privada en distintos servicios de turismo.<\/div>\n<div><\/div>\n<div>Entre otros puntos, se realiz\u00f3 una presentaci\u00f3n de la nueva Marca Pa\u00eds, pensada para la inserci\u00f3n de Argentina en el mundo, y para una mayor competitividad. La marca es una herramienta que ayuda al posicionamiento, no es solo un logo. El objetivo es expresar una idea central y \u00fanica, que sea visionaria y consistente. En este contexto y con el fin de entender c\u00f3mo unificar la Marca Pa\u00eds con las de cada provincia, se brind\u00f3 una charla informativa.<\/div>\n<div><\/div>\n<div>En la mesa de di\u00e1logo federal se abord\u00f3 la tem\u00e1tica de conectividad y la posibilidad de\u00a0 agilizar la llegada de las empresas que pidieron ruta a los distintos destinos de Argentina, pero que todav\u00eda no comenzaron sus operaciones. En ese sentido, la titular de Turismo de Chaco, Mora Dicembrino, plante\u00f3 &#8220;necesidades a\u00e9reas&#8221; para este lado del pa\u00eds y destac\u00f3 el desarrollo actual de la provincia y las posibilidades de inversi\u00f3n privada que ofrece. Adem\u00e1s resalt\u00f3 la Bienal Internacional de las Esculturas.<\/div>\n<div><\/div>\n<div>En t\u00e9rminos generales, tambi\u00e9n se hizo un repaso estad\u00edstico de los n\u00fameros del sector tur\u00edstico y de la tendencia que mostr\u00f3 en los \u00faltimos tiempos. Por \u00faltimo, se defini\u00f3 que Corrientes ser\u00e1 sede de la pr\u00f3xima Asamblea del Consejo Federal de Turismo, y San Luis del Foro Nacional de Turismo.<\/div>\n","protected":false},"excerpt":{"rendered":"<p>Por instrucciones del gobernador Domingo Peppo, Chaco estuvo presente en la mesa de di\u00e1logo nacional, en la que Santa Fe y Entre R\u00edos\u00a0 firmaron el acta de adhesi\u00f3n al corredor Ecotur\u00edstico del Litoral, sum\u00e1ndose a Chaco, Corrientes, Misiones\u00a0 y Formosa. En conjunto compondr\u00e1n el gran&#8230;<\/p>\n","protected":false},"author":3,"featured_media":4593,"comment_status":"closed","ping_status":"closed","sticky":false,"template":"","format":"standard","meta":{"footnotes":""},"categories":[6],"tags":[],"_links":{"self":[{"href":"https:\/\/www.bienaldelchaco.org\/2022\/wp-json\/wp\/v2\/posts\/4592"}],"collection":[{"href":"https:\/\/www.bienaldelchaco.org\/2022\/wp-json\/wp\/v2\/posts"}],"about":[{"href":"https:\/\/www.bienaldelchaco.org\/2022\/wp-json\/wp\/v2\/types\/post"}],"author":[{"embeddable":true,"href":"https:\/\/www.bienaldelchaco.org\/2022\/wp-json\/wp\/v2\/users\/3"}],"replies":[{"embeddable":true,"href":"https:\/\/www.bienaldelchaco.org\/2022\/wp-json\/wp\/v2\/comments?post=4592"}],"version-history":[{"count":2,"href":"https:\/\/www.bienaldelchaco.org\/2022\/wp-json\/wp\/v2\/posts\/4592\/revisions"}],"predecessor-version":[{"id":4617,"href":"https:\/\/www.bienaldelchaco.org\/2022\/wp-json\/wp\/v2\/posts\/4592\/revisions\/4617"}],"wp:featuredmedia":[{"embeddable":true,"href":"https:\/\/www.bienaldelchaco.org\/2022\/wp-json\/wp\/v2\/media\/4593"}],"wp:attachment":[{"href":"https:\/\/www.bienaldelchaco.org\/2022\/wp-json\/wp\/v2\/media?parent=4592"}],"wp:term":[{"taxonomy":"category","embeddable":true,"href":"https:\/\/www.bienaldelchaco.org\/2022\/wp-json\/wp\/v2\/categories?post=4592"},{"taxonomy":"post_tag","embeddable":true,"href":"https:\/\/www.bienaldelchaco.org\/2022\/wp-json\/wp\/v2\/tags?post=4592"}],"curies":[{"name":"wp","href":"https:\/\/api.w.org\/{rel}","templated":true}]}}