{"id":4611,"date":"2018-05-03T17:56:44","date_gmt":"2018-05-03T20:56:44","guid":{"rendered":"http:\/\/www.bienaldelchaco.org\/?p=4611"},"modified":"2018-05-03T17:57:37","modified_gmt":"2018-05-03T20:57:37","slug":"declararan-a-la-vaca-atada-como-escultura-popular-de-resistencia","status":"publish","type":"post","link":"https:\/\/www.bienaldelchaco.org\/2022\/declararan-a-la-vaca-atada-como-escultura-popular-de-resistencia\/","title":{"rendered":"Declarar\u00e1n a la Vaca Atada como \u201cEscultura Popular de Resistencia\u201d"},"content":{"rendered":"<p>En el marco de la Bienal Internacional de Escultura, la famosa vaca que da la bienvenida a los comensales del tradicional restaurante \u201cLa Vaca Atada\u201d ser\u00e1 declarada Escultura Popular de Resistencia. El acto se realizar\u00e1 el 15 de julio, a las 17, en el predio de la Bienal<\/p>\n<p><!--more--><\/p>\n<p>&nbsp;<\/p>\n<p>La iniciativa surgi\u00f3 desde el Centro Cultural Alternativo (Cecual) que dirige Francisco \u201cCorcho\u201d Ben\u00edtez. La intenci\u00f3n es que esta emblem\u00e1tica vaca de Resistencia, conocida por sus ojos saltones, su cara p\u00edcara y la flor que adorna su boca, sea considerada como parte del patrimonio cultural. Tambi\u00e9n, y sobre todo, se buscar\u00e1 destacar el valor simb\u00f3lico que tiene la Vaca en todo lo relacionado a la gastronom\u00eda, la bohemia y la cultura resistenciana.<\/p>\n<p>\u201cDesde el Cecual somos vecinos de la Vaca Atada, un lugar emblem\u00e1tico de la cultura popular de la provincia y de la ciudad\u201d, record\u00f3 Ben\u00edtez. \u201cY adem\u00e1s de realizar acciones en conjunto, nos parec\u00eda importante en el marco de la Bienal proponerle a la gente de la Vaca y a la Fundaci\u00f3n Urunday declarar como escultura popular de la ciudad a este personaje que se emplaza en la vereda todos los d\u00edas\u201d, explic\u00f3.<\/p>\n<p>Ben\u00edtez se\u00f1al\u00f3 en este sentido que la iniciativa tambi\u00e9n es una reflexi\u00f3n respecto de qu\u00e9 son las esculturas y cu\u00e1l es su objeto. \u201cNos parece que la Vaca tiene una carga simb\u00f3lica muy importante. Es una obra que identifica no s\u00f3lo al establecimiento, sino que tambi\u00e9n resume la identidad cultural de esta ciudad, con su m\u00fasica, sus poetas, sus escritores y sus hacedores culturales\u201d.<\/p>\n<p>\u201cEsto es algo extraordinario\u201d, dijo Jorge \u201cCoqui\u201d Di Raddo, propietario del restaurante. \u201cEs un m\u00e9rito que logra la Vaca despu\u00e9s de tantos a\u00f1os de empujar en todo lo que significa nuestas costumbres, nuestra cultura, nuestra m\u00fasica y nuestras comidas. Cuando se entere Walter Villafa\u00f1e, quien fue el creador de este animalejo, se va a sentir conmovido\u201d, sostuvo.<\/p>\n<p>Finalmente, el presidente de la Fundaci\u00f3n Urunday, Fabriciano, se mostr\u00f3 muy entusiasmado con esta acci\u00f3n que pone a la Vaca en el lugar que se merece. \u201cSiento tan valioso que las nuevas generaciones calibren y reflexionen desde el arte y encuentren el arte no s\u00f3lo en la obra consagrada, sino en el invisible imaginario popular. Porque en algo debemos convenir: el arte es para el pueblo. Es un bien de todos\u201d, sostuvo.<\/p>\n<p>&nbsp;<\/p>\n<div style=\"width: 640px;\" class=\"wp-video\"><!--[if lt IE 9]><script>document.createElement('video');<\/script><![endif]-->\n<video class=\"wp-video-shortcode\" id=\"video-4611-1\" width=\"640\" height=\"360\" preload=\"metadata\" controls=\"controls\"><source type=\"video\/mp4\" src=\"http:\/\/www.bienaldelchaco.org\/2022\/videos\/la_vaca_atada.mp4?_=1\" \/><a href=\"http:\/\/www.bienaldelchaco.org\/2022\/videos\/la_vaca_atada.mp4\">http:\/\/www.bienaldelchaco.org\/2022\/videos\/la_vaca_atada.mp4<\/a><\/video><\/div>\n","protected":false},"excerpt":{"rendered":"<p>En el marco de la Bienal Internacional de Escultura, la famosa vaca que da la bienvenida a los comensales del tradicional restaurante \u201cLa Vaca Atada\u201d ser\u00e1 declarada Escultura Popular de Resistencia. El acto se realizar\u00e1 el 15 de julio, a las 17, en el predio&#8230;<\/p>\n","protected":false},"author":3,"featured_media":4612,"comment_status":"closed","ping_status":"closed","sticky":false,"template":"","format":"standard","meta":{"footnotes":""},"categories":[6],"tags":[],"_links":{"self":[{"href":"https:\/\/www.bienaldelchaco.org\/2022\/wp-json\/wp\/v2\/posts\/4611"}],"collection":[{"href":"https:\/\/www.bienaldelchaco.org\/2022\/wp-json\/wp\/v2\/posts"}],"about":[{"href":"https:\/\/www.bienaldelchaco.org\/2022\/wp-json\/wp\/v2\/types\/post"}],"author":[{"embeddable":true,"href":"https:\/\/www.bienaldelchaco.org\/2022\/wp-json\/wp\/v2\/users\/3"}],"replies":[{"embeddable":true,"href":"https:\/\/www.bienaldelchaco.org\/2022\/wp-json\/wp\/v2\/comments?post=4611"}],"version-history":[{"count":2,"href":"https:\/\/www.bienaldelchaco.org\/2022\/wp-json\/wp\/v2\/posts\/4611\/revisions"}],"predecessor-version":[{"id":4614,"href":"https:\/\/www.bienaldelchaco.org\/2022\/wp-json\/wp\/v2\/posts\/4611\/revisions\/4614"}],"wp:featuredmedia":[{"embeddable":true,"href":"https:\/\/www.bienaldelchaco.org\/2022\/wp-json\/wp\/v2\/media\/4612"}],"wp:attachment":[{"href":"https:\/\/www.bienaldelchaco.org\/2022\/wp-json\/wp\/v2\/media?parent=4611"}],"wp:term":[{"taxonomy":"category","embeddable":true,"href":"https:\/\/www.bienaldelchaco.org\/2022\/wp-json\/wp\/v2\/categories?post=4611"},{"taxonomy":"post_tag","embeddable":true,"href":"https:\/\/www.bienaldelchaco.org\/2022\/wp-json\/wp\/v2\/tags?post=4611"}],"curies":[{"name":"wp","href":"https:\/\/api.w.org\/{rel}","templated":true}]}}