{"id":4912,"date":"2018-06-05T13:32:39","date_gmt":"2018-06-05T16:32:39","guid":{"rendered":"http:\/\/www.bienaldelchaco.org\/?p=4912"},"modified":"2018-06-05T13:32:39","modified_gmt":"2018-06-05T16:32:39","slug":"seminario-de-arte-derecho-patrimonio-y-urbanismo-en-resistencia","status":"publish","type":"post","link":"https:\/\/www.bienaldelchaco.org\/2022\/seminario-de-arte-derecho-patrimonio-y-urbanismo-en-resistencia\/","title":{"rendered":"Seminario de Arte, Derecho, Patrimonio y Urbanismo en Resistencia"},"content":{"rendered":"<p>Durante la semana de la Bienal del Chaco, se desarrollar\u00e1 el Seminario de Arte, Derecho, Patrimonio y Urbanismo. La actividad tendr\u00e1 lugar el 17 de julio a las 18 en el sal\u00f3n Auditorio de Osde (Pueyrred\u00f3n 152-Resistencia) y contar\u00e1 con la participaci\u00f3n de destacados expositores.<!--more--><br \/>\nTeniendo en cuenta que el prop\u00f3sito de la Fundaci\u00f3n Urunday es promover a Resistencia como Patrimonio de la Humanidad, se pusieron en marcha una serie de acciones tendientes a comprender las relaciones entre el arte, el derecho, la protecci\u00f3n patrimonial y el urbanismo, con el fen\u00f3meno singular de las obras de arte ubicadas en el espacio p\u00fablico que tienen un valor excepcional universal como manifestaci\u00f3n del talento y la creaci\u00f3n humana.<br \/>\nEn este marco el seminario contar\u00e1 con las exposiciones del jurista y fil\u00f3sofo Miguel Angel Ciuro Caldani, el doctor en Artes Carlos Alcib\u00edades Esquivel, la arquitecta Nora Jofr\u00e9 y la artista visual Paulina Webb, Coordinar\u00e1n la actividad el abogado Pablo Silvestre Raffin y ser\u00e1 moderaror el abogado Diego Tolosa, ambos integrantes del Centro de Estudios.<br \/>\nAbordaje multidisciplinario Miguel Angel Ciuro es un jurista argentino especializado en Filosof\u00eda del Derecho, Derecho Internacional Privado y Derecho de la Integraci\u00f3n. Doctor en Ciencias Jur\u00eddicas y Sociales.<br \/>\nCarlos Alcib\u00edades Esquivel es doctor en Artes, arquitecto y Licenciado en Artes Visuales. Artista, curador y gestor cultural. Ejerce la docencia en la Escuela de Bellas Artes de Rosario.<br \/>\nNora Jofr\u00e9 es especialista en paisajismo y urbanismo, con experiencia en proyectos que incluyen el emplazamiento de obras art\u00edsticas monumentales en espacios p\u00fablicos, realizados en el pa\u00eds y el exterior, que le valiera el reconocimiento internacional.<br \/>\nPaulina Webb egres\u00f3 de la Escuela Nacional de Bellas Artes Prilidiano Pueyrred\u00f3n y de la Escuela Superior de Bellas Artes de la Naci\u00f3n Ernesto de la Carcova.<br \/>\nHa cursado en el Iuna la especializaci\u00f3n de Lenguajes Art\u00edsticos combinados. Actualmente, ejerce la docencia en la Universidad Nacional de Artes.<\/p>\n","protected":false},"excerpt":{"rendered":"<p>Durante la semana de la Bienal del Chaco, se desarrollar\u00e1 el Seminario de Arte, Derecho, Patrimonio y Urbanismo. La actividad tendr\u00e1 lugar el 17 de julio a las 18 en el sal\u00f3n Auditorio de Osde (Pueyrred\u00f3n 152-Resistencia) y contar\u00e1 con la participaci\u00f3n de destacados expositores.<\/p>\n","protected":false},"author":3,"featured_media":4182,"comment_status":"closed","ping_status":"closed","sticky":false,"template":"","format":"standard","meta":{"footnotes":""},"categories":[6],"tags":[],"_links":{"self":[{"href":"https:\/\/www.bienaldelchaco.org\/2022\/wp-json\/wp\/v2\/posts\/4912"}],"collection":[{"href":"https:\/\/www.bienaldelchaco.org\/2022\/wp-json\/wp\/v2\/posts"}],"about":[{"href":"https:\/\/www.bienaldelchaco.org\/2022\/wp-json\/wp\/v2\/types\/post"}],"author":[{"embeddable":true,"href":"https:\/\/www.bienaldelchaco.org\/2022\/wp-json\/wp\/v2\/users\/3"}],"replies":[{"embeddable":true,"href":"https:\/\/www.bienaldelchaco.org\/2022\/wp-json\/wp\/v2\/comments?post=4912"}],"version-history":[{"count":1,"href":"https:\/\/www.bienaldelchaco.org\/2022\/wp-json\/wp\/v2\/posts\/4912\/revisions"}],"predecessor-version":[{"id":4913,"href":"https:\/\/www.bienaldelchaco.org\/2022\/wp-json\/wp\/v2\/posts\/4912\/revisions\/4913"}],"wp:featuredmedia":[{"embeddable":true,"href":"https:\/\/www.bienaldelchaco.org\/2022\/wp-json\/wp\/v2\/media\/4182"}],"wp:attachment":[{"href":"https:\/\/www.bienaldelchaco.org\/2022\/wp-json\/wp\/v2\/media?parent=4912"}],"wp:term":[{"taxonomy":"category","embeddable":true,"href":"https:\/\/www.bienaldelchaco.org\/2022\/wp-json\/wp\/v2\/categories?post=4912"},{"taxonomy":"post_tag","embeddable":true,"href":"https:\/\/www.bienaldelchaco.org\/2022\/wp-json\/wp\/v2\/tags?post=4912"}],"curies":[{"name":"wp","href":"https:\/\/api.w.org\/{rel}","templated":true}]}}