{"id":5110,"date":"2018-06-26T07:43:46","date_gmt":"2018-06-26T10:43:46","guid":{"rendered":"http:\/\/www.bienaldelchaco.org\/?p=5110"},"modified":"2018-06-26T07:44:45","modified_gmt":"2018-06-26T10:44:45","slug":"ultiman-detalles-de-la-bienal-2018-y-encuentro-de-escultores-del-impenetrable","status":"publish","type":"post","link":"https:\/\/www.bienaldelchaco.org\/2022\/ultiman-detalles-de-la-bienal-2018-y-encuentro-de-escultores-del-impenetrable\/","title":{"rendered":"Ultiman detalles de la Bienal 2018 y Encuentro de Escultores del Impenetrable"},"content":{"rendered":"<p>El gobernador Domingo Peppo se reuni\u00f3 en la ma\u00f1ana de este lunes con el presidente de la Fundaci\u00f3n Urunday, Fabriciano G\u00f3mez, e integrantes, con quienes ultim\u00f3 detalles para los dos eventos pr\u00f3ximos de car\u00e1cter internacional que se realizar\u00e1n en la provincia durante el pr\u00f3ximo mes.<!--more--><\/p>\n<p>La 30\u00b0 edici\u00f3n de la Bienal de Esculturas y el Encuentro de Escultores de El Impenetrable ser\u00e1n los focos de inter\u00e9s internacional que ofrecer\u00e1 el Chaco a partir del 14 de julio. Estuvieron presentes en la reuni\u00f3n, adem\u00e1s, el ministro de Gobierno, Mart\u00edn Nievas, y el presidente del Instituto de Cultura, H\u00e9ctor Bernab\u00e9.<\/p>\n<p>\u201cChaco ser\u00e1 centro del turismo regional en julio. Tenemos buenas expectativas y una gran demanda tur\u00edstica gracias a la agenda cultural que significa la Bienal de Esculturas y el Encuentro de Escultores de El Impenetrable\u201d, expres\u00f3 el mandatario.<\/p>\n<p>Durante el encuentro, se inform\u00f3 sobre las actividades que se realizar\u00e1n en Resistencia en el marco de la 30\u00b0 edici\u00f3n de la Bienal Internacional de Esculturas, que se realizar\u00e1 del 14 al 21 de julio; como as\u00ed tambi\u00e9n sobre el Encuentro de Escultores de El Impenetrable que se realizar\u00e1 posteriormente del 24 al 29 de julio en Juan Jos\u00e9 Castelli.<\/p>\n<p>\u201cSon actividades que organizamos y apoyamos desde el Gobierno Provincial y en la que participar\u00e1n artistas internacionales, aportando al desarrollo cultural de nuestro Chaco\u201d, manifest\u00f3 Peppo. Adem\u00e1s inform\u00f3 que para ambos eventos se espera la llegada de turistas internacionales, donde ya confirmaron la presencia de delegaciones de pa\u00edses vecinos.<\/p>\n<p>Por su parte, el presidente de la Fundaci\u00f3n Urunday destac\u00f3 el rol del Gobierno Provincial en el comit\u00e9 organizador y el apoyo a ambos eventos. \u201cEl Gobierno ha tomado como una pol\u00edtica de Estado este evento; siempre recibimos el apoyo del se\u00f1or gobernador, como del Instituto de Cultura y el Municipio\u201d, manifest\u00f3.<\/p>\n<p>Asimismo, reiter\u00f3 la relevancia de la Bienal Internacional de Esculturas \u201ccomo una de las m\u00e1s importantes del mundo\u201d. \u201cEsto est\u00e1 llamando la atenci\u00f3n a lo que es un turismo cultural que muy bien nos viene a los ciudadanos que habitamos este suelo\u201d, consider\u00f3.<\/p>\n<p>As\u00ed, celebr\u00f3 la presencia de artistas locales e internacionales a la 30\u00b0 edici\u00f3n del evento, que este a\u00f1o bajo el nombre \u201cIdentidad en Movimiento\u201d, crear\u00e1n sus esculturas que luego ser\u00e1n emplazadas en la ciudad. Posteriormente, los mismos escultores ser\u00e1n parte del Encuentro en el portal de El Impenetrable.<\/p>\n<p>Fuente: <a href=\"http:\/\/www.chacodiapordia.com\">ChacoD\u00edaPorD\u00eda<\/a><\/p>\n","protected":false},"excerpt":{"rendered":"<p>El gobernador Domingo Peppo se reuni\u00f3 en la ma\u00f1ana de este lunes con el presidente de la Fundaci\u00f3n Urunday, Fabriciano G\u00f3mez, e integrantes, con quienes ultim\u00f3 detalles para los dos eventos pr\u00f3ximos de car\u00e1cter internacional que se realizar\u00e1n en la provincia durante el pr\u00f3ximo mes.<\/p>\n","protected":false},"author":3,"featured_media":5111,"comment_status":"closed","ping_status":"closed","sticky":false,"template":"","format":"standard","meta":{"footnotes":""},"categories":[6],"tags":[],"_links":{"self":[{"href":"https:\/\/www.bienaldelchaco.org\/2022\/wp-json\/wp\/v2\/posts\/5110"}],"collection":[{"href":"https:\/\/www.bienaldelchaco.org\/2022\/wp-json\/wp\/v2\/posts"}],"about":[{"href":"https:\/\/www.bienaldelchaco.org\/2022\/wp-json\/wp\/v2\/types\/post"}],"author":[{"embeddable":true,"href":"https:\/\/www.bienaldelchaco.org\/2022\/wp-json\/wp\/v2\/users\/3"}],"replies":[{"embeddable":true,"href":"https:\/\/www.bienaldelchaco.org\/2022\/wp-json\/wp\/v2\/comments?post=5110"}],"version-history":[{"count":2,"href":"https:\/\/www.bienaldelchaco.org\/2022\/wp-json\/wp\/v2\/posts\/5110\/revisions"}],"predecessor-version":[{"id":5113,"href":"https:\/\/www.bienaldelchaco.org\/2022\/wp-json\/wp\/v2\/posts\/5110\/revisions\/5113"}],"wp:featuredmedia":[{"embeddable":true,"href":"https:\/\/www.bienaldelchaco.org\/2022\/wp-json\/wp\/v2\/media\/5111"}],"wp:attachment":[{"href":"https:\/\/www.bienaldelchaco.org\/2022\/wp-json\/wp\/v2\/media?parent=5110"}],"wp:term":[{"taxonomy":"category","embeddable":true,"href":"https:\/\/www.bienaldelchaco.org\/2022\/wp-json\/wp\/v2\/categories?post=5110"},{"taxonomy":"post_tag","embeddable":true,"href":"https:\/\/www.bienaldelchaco.org\/2022\/wp-json\/wp\/v2\/tags?post=5110"}],"curies":[{"name":"wp","href":"https:\/\/api.w.org\/{rel}","templated":true}]}}