{"id":5204,"date":"2018-06-28T16:09:08","date_gmt":"2018-06-28T19:09:08","guid":{"rendered":"http:\/\/www.bienaldelchaco.org\/?p=5204"},"modified":"2018-06-28T16:09:08","modified_gmt":"2018-06-28T19:09:08","slug":"fabriciano-gomez-la-nuestra-es-la-mejor-bienal-del-mundo","status":"publish","type":"post","link":"https:\/\/www.bienaldelchaco.org\/2022\/fabriciano-gomez-la-nuestra-es-la-mejor-bienal-del-mundo\/","title":{"rendered":"Fabriciano G\u00f3mez: \u201cLa nuestra es la mejor Bienal del mundo\u201d"},"content":{"rendered":"<p>El escultor y presidente de la Fundaci\u00f3n Urunday brind\u00f3 detalles de la organizaci\u00f3n de un evento que llegar\u00e1 recargado y se extender\u00e1 desde el 14 al 21 de julio. Esculturas en m\u00e1rmol, acero y madera, m\u00e1s de 1200 artesanos de todo el pa\u00eds, shows en vivo y gastronom\u00eda chaque\u00f1a, algunas pautas para ir agendando.<!--more--><\/p>\n<p>Desde el 14 de julio hasta el 21 de agosto, el Domo del Centenario ser\u00e1 escenario de la Bienal Internacional de Esculturas, cuya organizaci\u00f3n es encabezada por la Fundaci\u00f3n Urunday. Fabriciano G\u00f3mez, referente de la entidad, visit\u00f3 los estudios de\u00a0<strong>CIUDAD TELEVISI\u00d3N<\/strong>\u00a0y anticip\u00f3 una previa desde el 10, cuando arrancar\u00e1n su trabajo un grupo de siete escultores quienes realizar\u00e1n esculturas de entre 3 y 7 metros de altura, \u201cpor lo tanto nos pidieron venir cuatro d\u00edas antes\u201d.<\/p>\n<p>\u201cEstamos a 14 cuadras de la plaza, el Domo es nuestro referente hist\u00f3rico, tenemos un patrimonio cultural y natural con unos \u00e1rboles de 100 a\u00f1os. Estamos trabajando en la vegetaci\u00f3n con especialistas, ingenieros y, por supuesto, empezaremos a poner plantas pero estoy muy feliz como ciudadano, como hacedor\u00a0 por lo que ya se ha recuperado\u201d.<\/p>\n<p>Agradeci\u00f3 el apoyo del intendente Jorge Capitanich, \u201cque est\u00e1 entusiasmad\u00edsimo\u201d; del gobernador Domingo Peppo, de Vialidad provincial, de la APA, al periodismo en general.<\/p>\n<p>\u201cYo estoy convencido. S\u00ed, es la mejor Bienal del mundo, lo digo yo y los escultores del mundo que vienen ac\u00e1. En la organizaci\u00f3n apuntamos a la excelencia, no es casualidad que tengamos las normas IRAM. Creo que estamos formando una generaci\u00f3n que va a correr detr\u00e1s de la belleza espiritual cuando hoy en d\u00eda estamos corriendo detr\u00e1s de otras cosas\u201d, expres\u00f3 el artista.<\/p>\n<p>Para quienes concurran a este gran evento, Fabriciano adelant\u00f3 que el espacio que ocup\u00f3 a\u00f1os anteriores fue triplicado el espacio, \u201cest\u00e1 quedando bell\u00edsimo\u201d. \u201cY no solo los invitados de honor van a ser los escultores, estos embajadores del mundo que vienen a traernos sus mensajes de culturas tan diferentes, sino tambi\u00e9n el m\u00e1rmol, el acero, la madera que no puede faltar con el Premio Desaf\u00edo \u201cHierros L\u00edder\u201d, con los maestros artesanos que fueron seleccionados\u201d.<\/p>\n<p>Postul\u00f3 que es la Bienal de Esculturas el proyecto por el cual Resistencia es una ciudad tur\u00edstica cultural, \u201cno es poca cosa y nos tenemos que sentir felices los chaque\u00f1os. Esto es un trabajo de a\u00f1os, no tenemos cataratas, no somos Jujuy o la Pen\u00ednsula de Valdes. pero tenemos esto que tiene que ver con el esp\u00edritu, las esculturas. Y hay un entusiasmo de la gente, del periodismo, del Gobierno, de continuar en este poryecto que sin lugar a dudas va a traer esa industria sin chimenea que es el turismo\u201d.<\/p>\n<p>Record\u00f3 que en la \u00faltima Bienal participaron 160 artesanos, entre ellos 80 maestros artesanos. Este a\u00f1o ya hay 1200 inscriptos de todo el pa\u00eds.\u00a0 Y anticip\u00f3 un evento y una organizaci\u00f3n cubierta en todos los sentidos.<\/p>\n<p>\u201cEl gran momento de la Bienal va a ser el s\u00e1bado 14 a las 9, cuando bajen del colectivo acompa\u00f1ados de la Banda del Ej\u00e9rcito Argentino, estos embajadores del mundo, no solo del exterior sino de nuestro pa\u00eds\u201d, anticip\u00f3.<\/p>\n<p>Fuente:\u00a0http:\/\/www.chacodiapordia.com<\/p>\n","protected":false},"excerpt":{"rendered":"<p>El escultor y presidente de la Fundaci\u00f3n Urunday brind\u00f3 detalles de la organizaci\u00f3n de un evento que llegar\u00e1 recargado y se extender\u00e1 desde el 14 al 21 de julio. Esculturas en m\u00e1rmol, acero y madera, m\u00e1s de 1200 artesanos de todo el pa\u00eds, shows en&#8230;<\/p>\n","protected":false},"author":3,"featured_media":5205,"comment_status":"closed","ping_status":"closed","sticky":false,"template":"","format":"standard","meta":{"footnotes":""},"categories":[6],"tags":[],"_links":{"self":[{"href":"https:\/\/www.bienaldelchaco.org\/2022\/wp-json\/wp\/v2\/posts\/5204"}],"collection":[{"href":"https:\/\/www.bienaldelchaco.org\/2022\/wp-json\/wp\/v2\/posts"}],"about":[{"href":"https:\/\/www.bienaldelchaco.org\/2022\/wp-json\/wp\/v2\/types\/post"}],"author":[{"embeddable":true,"href":"https:\/\/www.bienaldelchaco.org\/2022\/wp-json\/wp\/v2\/users\/3"}],"replies":[{"embeddable":true,"href":"https:\/\/www.bienaldelchaco.org\/2022\/wp-json\/wp\/v2\/comments?post=5204"}],"version-history":[{"count":1,"href":"https:\/\/www.bienaldelchaco.org\/2022\/wp-json\/wp\/v2\/posts\/5204\/revisions"}],"predecessor-version":[{"id":5206,"href":"https:\/\/www.bienaldelchaco.org\/2022\/wp-json\/wp\/v2\/posts\/5204\/revisions\/5206"}],"wp:featuredmedia":[{"embeddable":true,"href":"https:\/\/www.bienaldelchaco.org\/2022\/wp-json\/wp\/v2\/media\/5205"}],"wp:attachment":[{"href":"https:\/\/www.bienaldelchaco.org\/2022\/wp-json\/wp\/v2\/media?parent=5204"}],"wp:term":[{"taxonomy":"category","embeddable":true,"href":"https:\/\/www.bienaldelchaco.org\/2022\/wp-json\/wp\/v2\/categories?post=5204"},{"taxonomy":"post_tag","embeddable":true,"href":"https:\/\/www.bienaldelchaco.org\/2022\/wp-json\/wp\/v2\/tags?post=5204"}],"curies":[{"name":"wp","href":"https:\/\/api.w.org\/{rel}","templated":true}]}}