{"id":5214,"date":"2018-06-27T08:01:04","date_gmt":"2018-06-27T11:01:04","guid":{"rendered":"http:\/\/www.bienaldelchaco.org\/?p=5214"},"modified":"2018-06-29T08:05:49","modified_gmt":"2018-06-29T11:05:49","slug":"en-julio-tendra-lugar-el-12o-congreso-provincial-de-cultura","status":"publish","type":"post","link":"https:\/\/www.bienaldelchaco.org\/2022\/en-julio-tendra-lugar-el-12o-congreso-provincial-de-cultura\/","title":{"rendered":"En julio, tendr\u00e1 lugar el 12\u00ba Congreso Provincial de Cultura"},"content":{"rendered":"<p>El 17 y 18 de julio se llevar\u00e1 adelante el 12\u00ba Congreso Provincial de Cultura Identidad Cultural\u2026 Regionalizaci\u00f3n. Los cupos son limitados. Aqu\u00ed, toda la informaci\u00f3n para las inscripciones.<!--more--><\/p>\n<p>El evento se desarrollar\u00e1 el martes 17 y el mi\u00e9rcoles 18 de julio y contar\u00e1 con la presencia del gobernador Oscar Domingo Peppo y el presidente del organismo cultural, H\u00e9ctor Bernab\u00e9.<\/p>\n<p>La primera jornada se concretar\u00e1, a partir de las 15, en el Espacio oficial del Gobierno de la provincia dentro del Predio Ferial de la Bienal Internacional de Escultura 2018 (Avenida de los Inmigrantes 1001). Y la segunda se realizar\u00e1, a partir de las 8.30, en Casa de las Culturas (Marcelo T. de Alvear y Mitre).<\/p>\n<p>De acuerdo al programa, el martes 17 de julio, de 15 a 17, tendr\u00e1 lugar la acreditaci\u00f3n para el evento. Simult\u00e1neamente, hasta las 20, se desarrollar\u00e1 Huellas de mi Chaco, un espacio en el que los participantes podr\u00e1n disfrutar de comidas con identidad criolla, de pueblos originarios y colectividades extranjeras, adem\u00e1s de recrearse con intervenciones art\u00edsticas.<\/p>\n<p>A las 19.30 se llevar\u00e1 a cabo el Acto de Apertura del 12\u00ba Congreso Provincial de Cultura Identidad Cultural\u2026 Regionalizaci\u00f3n. Se dirigir\u00e1n a los presentes Peppo y Bernab\u00e9. Y a las 21, la jornada culminar\u00e1 con una Gala Art\u00edstica en el escenario central del Domo del Centenario.<\/p>\n<p>Al d\u00eda siguiente, las actividades arrancar\u00e1n a las 8.30, con la sesi\u00f3n de las comisiones. El debate se extender\u00e1 hasta las 13, y se retomar\u00e1 a las 14. Los participantes se dividir\u00e1n para este trabajo en tres comisiones: Saberes populares, mitos y creencias; Gastronom\u00eda tradicional; y Artes, oficios y t\u00e9cnicas culturales.<\/p>\n<p>Posteriormente, a las 16, se llevar\u00e1 adelante el plenario y se dar\u00e1 lectura a las conclusiones arribadas, con lo que se dar\u00e1 por finalizado el 12\u00ba Congreso Provincial de Cultura Identidad Cultural\u2026 Regionalizaci\u00f3n. La velada finalizar\u00e1 con una Gala Art\u00edstica, a las 21, en el Domo del Centenario.<\/p>\n<p>&nbsp;<\/p>\n<p>Para participar del evento, los interesados pueden inscribirse ingresando al enlace web <a href=\"https:\/\/docs.google.com\/forms\/d\/e\/1FAIpQLSdNNcNkx1kO644-SgJv2RubwIuTqrIb723roWBDgFvY5hCDHg\/viewform?usp=sf_link.\">https:\/\/docs.google.com\/forms\/d\/e\/1FAIpQLSdNNcNkx1kO644-SgJv2RubwIuTqrIb723roWBDgFvY5hCDHg\/viewform?usp=sf_link.<\/a><\/p>\n<p>Fuente:\u00a0http:\/\/www.chacodiapordia.com<\/p>\n","protected":false},"excerpt":{"rendered":"<p>El 17 y 18 de julio se llevar\u00e1 adelante el 12\u00ba Congreso Provincial de Cultura Identidad Cultural\u2026 Regionalizaci\u00f3n. Los cupos son limitados. Aqu\u00ed, toda la informaci\u00f3n para las inscripciones.<\/p>\n","protected":false},"author":3,"featured_media":5215,"comment_status":"closed","ping_status":"closed","sticky":false,"template":"","format":"standard","meta":{"footnotes":""},"categories":[6],"tags":[],"_links":{"self":[{"href":"https:\/\/www.bienaldelchaco.org\/2022\/wp-json\/wp\/v2\/posts\/5214"}],"collection":[{"href":"https:\/\/www.bienaldelchaco.org\/2022\/wp-json\/wp\/v2\/posts"}],"about":[{"href":"https:\/\/www.bienaldelchaco.org\/2022\/wp-json\/wp\/v2\/types\/post"}],"author":[{"embeddable":true,"href":"https:\/\/www.bienaldelchaco.org\/2022\/wp-json\/wp\/v2\/users\/3"}],"replies":[{"embeddable":true,"href":"https:\/\/www.bienaldelchaco.org\/2022\/wp-json\/wp\/v2\/comments?post=5214"}],"version-history":[{"count":3,"href":"https:\/\/www.bienaldelchaco.org\/2022\/wp-json\/wp\/v2\/posts\/5214\/revisions"}],"predecessor-version":[{"id":5222,"href":"https:\/\/www.bienaldelchaco.org\/2022\/wp-json\/wp\/v2\/posts\/5214\/revisions\/5222"}],"wp:featuredmedia":[{"embeddable":true,"href":"https:\/\/www.bienaldelchaco.org\/2022\/wp-json\/wp\/v2\/media\/5215"}],"wp:attachment":[{"href":"https:\/\/www.bienaldelchaco.org\/2022\/wp-json\/wp\/v2\/media?parent=5214"}],"wp:term":[{"taxonomy":"category","embeddable":true,"href":"https:\/\/www.bienaldelchaco.org\/2022\/wp-json\/wp\/v2\/categories?post=5214"},{"taxonomy":"post_tag","embeddable":true,"href":"https:\/\/www.bienaldelchaco.org\/2022\/wp-json\/wp\/v2\/tags?post=5214"}],"curies":[{"name":"wp","href":"https:\/\/api.w.org\/{rel}","templated":true}]}}