{"id":5329,"date":"2018-07-10T07:54:05","date_gmt":"2018-07-10T10:54:05","guid":{"rendered":"http:\/\/www.bienaldelchaco.org\/?p=5329"},"modified":"2018-07-10T07:54:42","modified_gmt":"2018-07-10T10:54:42","slug":"concierto-de-vientos-como-bienvenida-a-la-bienal","status":"publish","type":"post","link":"https:\/\/www.bienaldelchaco.org\/2022\/concierto-de-vientos-como-bienvenida-a-la-bienal\/","title":{"rendered":"Concierto de vientos como bienvenida a la Bienal"},"content":{"rendered":"<p>El Centro Cultural Ercilio Castillo realizar\u00e1 el viernes 13, a la hora 21, un concierto de instrumentos de vientos dirigidos por el maestre Lito Vargas. Quien desde hace varios meses ensaya con su grupo en el mencionado centro. Actuar\u00e1n tres grupos musicales, y se destaca la colaboraci\u00f3n de estudiantes y profesionales de la m\u00fasica, y del profesor Oscar Duarte.<!--more--><\/p>\n<p>El concierto es el primero de una serie que se est\u00e1 programando,, y tiene el car\u00e1cter de bienvenida a la bienal de esculturas que se realizar\u00e1 en el domo, a orillas del r\u00edo negro, desde el d\u00eda siguiente, s\u00e1bado 14, hasta el s\u00e1bado 21.<br \/>\nUn programa ecl\u00e9ctico y para todos los gustos y edades. Ser\u00e1 en el Auditorium Irma Mir\u00f3 de Castillo, con entrada libre y gratuita.<\/p>\n<p>Desembarco para recuperar el r\u00edo negro:<br \/>\nEl domingo 15, a la hora 15, instituciones y grupos de remeros desembarcar\u00e1n en el domo para entregar a la fundaci\u00f3n urunday un petitorio dentro de una botella, solicitando &#8220;s.o.s&#8221; para el r\u00edo negro,\u00a0 dirigido al gobierno del chaco.<\/p>\n<h2 class=\"page-heading\">Programa del concierto<\/h2>\n<p><strong>RECITAL \u201cTIEMPO DE VIENTOS\u201d<\/strong><br \/>\n<strong>Centro Cultural Ercilio Castillo<\/strong> \u2013 Viernes 13 de julio \u2013 21:00 hs.<\/p>\n<p><strong>Conjunto de Saxofones del Nivel Superior del Ispea M\u00fasica \u201cLilia Y.P. de Elizondo\u201d<\/strong><br \/>\n<strong>INTEGRANTES<\/strong><br \/>\n<em>Edgardo Macchi<\/em> \u2013 (Saxo Alto)<br \/>\n<em>Cristian Ambros<\/em> \u2013 (Saxo Alto)<br \/>\n<em>Hebe Bergagno<\/em> \u2013 (Saxo Alto)<br \/>\n<em>Luis Bravo<\/em> \u2013 (Saxo Alto)<br \/>\n<em>Gretel Gamarra<\/em> \u2013 (Saxo Alto)<br \/>\n<em>Sabrina Altabe<\/em> \u2013 (Saxo Alto)<br \/>\n<em>Fernanda Moor<\/em> \u2013 (Saxo Alto)<br \/>\n<em>Jos\u00e9 Ibarra<\/em> \u2013 (Saxo Tenor)<br \/>\n<strong>PROGRAMA<\/strong><br \/>\nMinuet \u2013 W.A.Mozart<br \/>\nOto\u00f1o Porte\u00f1o \u2013 Astor Piazzolla<br \/>\nKm 11 \u2013 Tr\u00e1nsito Cocomarola<\/p>\n<p>&nbsp;<\/p>\n<p><strong>MUSIKATA CHACO (Ensamble de Flautas Dulces)<\/strong><br \/>\n<strong>INTEGRANTES<\/strong><br \/>\n<em>Diego Valenzuela<\/em> \u2013 (Flauta Dulce Soprano)<br \/>\n<em>Valeria Buschi<\/em> \u2013 (Flauta Dulce Contralto)<br \/>\n<em>Jos\u00e9 Ibarra<\/em> \u2013 (Flauta Dulce Tenor)<br \/>\n<em>Oscar Duarte<\/em> \u2013 (Flauta Dulce Tenor)<br \/>\n<em>Nito Deniz<\/em> \u2013 (Flauta Dulce Tenor)<br \/>\n<em>Adrian Maurich<\/em> \u2013 (Flauta Dulce Bajo)<br \/>\n<strong>PROGRAMA<\/strong><br \/>\nGreensleaves \u2013 (An\u00f3nimo)\u00a0 &#8211; Arreglo: Keiji Sone<br \/>\nEine Kleine Nachtmusik Kv 525 \u2013 W.A. Mozart<br \/>\nMenuetto \u2013 Allegro<\/p>\n<p>&nbsp;<\/p>\n<p><strong>Sax\u00b4s Ensamble (Conjunto de Saxos)<\/strong><br \/>\n<strong>INTEGRANTES<\/strong><br \/>\n<em>Luis Acu\u00f1a<\/em> \u2013 (Saxo Soprano)<br \/>\n<em>Marian Calogero<\/em> \u2013 (Clarinete)<br \/>\n<em>Cristian Ambros<\/em> \u2013 (Saxo Alto)<br \/>\n<em>Edgardo Macchi<\/em> \u2013 (Saxo Alto)<br \/>\n<em>Karen Perez<\/em> \u2013 (Saxo Alto)<br \/>\n<em>Malena Ojeda<\/em> \u2013 (Saxo Tenor)<br \/>\n<em>Mel Wis<\/em> \u2013 (Saxo Tenor)<br \/>\n<em>Lucas Acu\u00f1a Vargas<\/em> \u2013 (Bater\u00eda)<br \/>\n<em>Pedro Vargas<\/em> \u2013 (Direcci\u00f3n General)<br \/>\n<strong>PROGRAMA <\/strong><br \/>\nDecar\u00edsimo \u2013 Astor Piazzolla<br \/>\nVerano Porte\u00f1o \u2013 Astor Piazzolla<br \/>\nSerenata a la luz de la Luna \u2013 Glenn Miller<br \/>\nHarlem Nocturno \u2013 Earle Hagen \u2013 Solista: Edgardo Macchi<br \/>\nLibertango \u2013 Astor Piazzolla<br \/>\nShinny Stocking \u2013 Frank Foster<\/p>\n","protected":false},"excerpt":{"rendered":"<p>El Centro Cultural Ercilio Castillo realizar\u00e1 el viernes 13, a la hora 21, un concierto de instrumentos de vientos dirigidos por el maestre Lito Vargas. Quien desde hace varios meses ensaya con su grupo en el mencionado centro. Actuar\u00e1n tres grupos musicales, y se destaca&#8230;<\/p>\n","protected":false},"author":3,"featured_media":5330,"comment_status":"closed","ping_status":"closed","sticky":false,"template":"","format":"standard","meta":{"footnotes":""},"categories":[6],"tags":[],"_links":{"self":[{"href":"https:\/\/www.bienaldelchaco.org\/2022\/wp-json\/wp\/v2\/posts\/5329"}],"collection":[{"href":"https:\/\/www.bienaldelchaco.org\/2022\/wp-json\/wp\/v2\/posts"}],"about":[{"href":"https:\/\/www.bienaldelchaco.org\/2022\/wp-json\/wp\/v2\/types\/post"}],"author":[{"embeddable":true,"href":"https:\/\/www.bienaldelchaco.org\/2022\/wp-json\/wp\/v2\/users\/3"}],"replies":[{"embeddable":true,"href":"https:\/\/www.bienaldelchaco.org\/2022\/wp-json\/wp\/v2\/comments?post=5329"}],"version-history":[{"count":2,"href":"https:\/\/www.bienaldelchaco.org\/2022\/wp-json\/wp\/v2\/posts\/5329\/revisions"}],"predecessor-version":[{"id":5332,"href":"https:\/\/www.bienaldelchaco.org\/2022\/wp-json\/wp\/v2\/posts\/5329\/revisions\/5332"}],"wp:featuredmedia":[{"embeddable":true,"href":"https:\/\/www.bienaldelchaco.org\/2022\/wp-json\/wp\/v2\/media\/5330"}],"wp:attachment":[{"href":"https:\/\/www.bienaldelchaco.org\/2022\/wp-json\/wp\/v2\/media?parent=5329"}],"wp:term":[{"taxonomy":"category","embeddable":true,"href":"https:\/\/www.bienaldelchaco.org\/2022\/wp-json\/wp\/v2\/categories?post=5329"},{"taxonomy":"post_tag","embeddable":true,"href":"https:\/\/www.bienaldelchaco.org\/2022\/wp-json\/wp\/v2\/tags?post=5329"}],"curies":[{"name":"wp","href":"https:\/\/api.w.org\/{rel}","templated":true}]}}