{"id":5387,"date":"2018-07-13T18:05:01","date_gmt":"2018-07-13T21:05:01","guid":{"rendered":"http:\/\/www.bienaldelchaco.org\/?p=5387"},"modified":"2018-07-13T18:05:01","modified_gmt":"2018-07-13T21:05:01","slug":"abre-la-bienal-de-esculturas-de-chaco","status":"publish","type":"post","link":"https:\/\/www.bienaldelchaco.org\/2022\/abre-la-bienal-de-esculturas-de-chaco\/","title":{"rendered":"Abre la Bienal de Esculturas de Chaco"},"content":{"rendered":"<p>(ANSA) &#8211; BUENOS AIRES, 13 JUL &#8211; La Bienal de Escultura de Chaco, un rito multitudinario de arte del noreste argentino al mundo, abre el s\u00e1bado en clave de festejo por sus 30 a\u00f1os con la competencia de los seis ganadores anteriores, tres de ellos latinoamericanos.<!--more--><br \/>\nLa peculiar semana de creaci\u00f3n de esculturas al aire libre, que en 2016 reuni\u00f3 a 380 mil personas, recibir\u00e1 por primera vez la visita de Marta Minuj\u00edn, la &#8220;Andy Warhol argentina&#8221;, un \u00edcono del arte pop y la artista m\u00e1s popular de este pa\u00eds.<br \/>\nDesde 1988, en Resistencia, capital chaque\u00f1a (1177 kil\u00f3metros de Buenos Aires), se fue gestando una relaci\u00f3n \u00fanica entre la comunidad y la expresi\u00f3n art\u00edstica a instancias de un grupo de pl\u00e1sticos, encabezados por Fabriciano G\u00f3mez, que organiz\u00f3 la primera Bienal en la plaza central.<br \/>\nHoy es la capital de las esculturas, creadas en metal, m\u00e1rmol o madera por los distintos artistas que desde los cinco continentes fueron llegando a la considerada tercera bienal del mundo. As\u00ed, como en ning\u00fan otro sitio de Argentina, esta capital del noreste muchas veces postergado alberga con orgullo y celo 640 obras en espacios p\u00fablicos.<br \/>\n&#8220;Identidad en Movimiento&#8221; es el lema de esta 30ra. edici\u00f3n, donde los artistas van a trabajar el acero y el m\u00e1rmol y sus obras deber\u00e1n tener sonido y movimiento. La competencia internacional tiene a Stefan Ester y Tobel (Alemania), Ra\u00fal &#8220;P\u00e1jaro&#8221; G\u00f3mez (Argentina), Le\u00f3n Saavedra Geuer (Bolivia), Qian Sihua (China), Fernando Pinto Castro (Colombia), Thierry Ferreira (Francia) y Piotr Twardowski (Polonia).<br \/>\nEl enorme predio del MusEUM, a orillas del r\u00edo, es el escenario del certamen internacional y tambi\u00e9n del Premio Desaf\u00edo a los estudiantes avanzados de carreras de Arte que sortean el desaf\u00edo en grupos y la competencia del Encuentro de Escultores Argentinos y Latinoamericanos.<br \/>\nUn programa marat\u00f3nico de actividades, seminarios, debates, conciertos, danza, un Festival Filarm\u00f3nico, talleres de esculturas para ni\u00f1os, ponencias y workshops revolucionan a Resistencia, que se viste con sus mejores galas y la calidez de su gente desde el s\u00e1bado y hasta el 21 de julio.<br \/>\nEs en la edici\u00f3n n\u00famero 30 que llegar\u00e1 por primera vez Marta Minuj\u00edn, la reina del happening (su Parten\u00f3n de Libros Prohibidos de 1983 fue reeditado en Documenta 14 Kassel), cuya frase de cabecera -a modo de mantra- es &#8220;arte, arte, arte&#8221;. La vanguardista incansable de 75 a\u00f1os, que forj\u00f3 su carrera en Francia y Nueva York, ofrecer\u00e1 una charla sobre &#8220;Arte ef\u00edmero y participaci\u00f3n masiva&#8221; el 19 de julio.<br \/>\nEl &#8220;Gran Premio Honor de los 30 a\u00f1os&#8221; ser\u00e1 decidido por un jurado que integran Ram\u00f3n Morales Rossi (Venezuela), Jorge de Santiago L\u00f3pez (M\u00e9xico) y Juan Bordes (Espa\u00f1a). El p\u00fablico, por supuesto, tambi\u00e9n otorga el suyo tras una semana de seguir de cerca el desempe\u00f1o de los artistas a los que trata como a verdaderas estrellas del rock.<br \/>\n(ANSA).<\/p>\n","protected":false},"excerpt":{"rendered":"<p>(ANSA) &#8211; BUENOS AIRES, 13 JUL &#8211; La Bienal de Escultura de Chaco, un rito multitudinario de arte del noreste argentino al mundo, abre el s\u00e1bado en clave de festejo por sus 30 a\u00f1os con la competencia de los seis ganadores anteriores, tres de ellos&#8230;<\/p>\n","protected":false},"author":3,"featured_media":5388,"comment_status":"closed","ping_status":"closed","sticky":false,"template":"","format":"standard","meta":{"footnotes":""},"categories":[6],"tags":[],"_links":{"self":[{"href":"https:\/\/www.bienaldelchaco.org\/2022\/wp-json\/wp\/v2\/posts\/5387"}],"collection":[{"href":"https:\/\/www.bienaldelchaco.org\/2022\/wp-json\/wp\/v2\/posts"}],"about":[{"href":"https:\/\/www.bienaldelchaco.org\/2022\/wp-json\/wp\/v2\/types\/post"}],"author":[{"embeddable":true,"href":"https:\/\/www.bienaldelchaco.org\/2022\/wp-json\/wp\/v2\/users\/3"}],"replies":[{"embeddable":true,"href":"https:\/\/www.bienaldelchaco.org\/2022\/wp-json\/wp\/v2\/comments?post=5387"}],"version-history":[{"count":1,"href":"https:\/\/www.bienaldelchaco.org\/2022\/wp-json\/wp\/v2\/posts\/5387\/revisions"}],"predecessor-version":[{"id":5389,"href":"https:\/\/www.bienaldelchaco.org\/2022\/wp-json\/wp\/v2\/posts\/5387\/revisions\/5389"}],"wp:featuredmedia":[{"embeddable":true,"href":"https:\/\/www.bienaldelchaco.org\/2022\/wp-json\/wp\/v2\/media\/5388"}],"wp:attachment":[{"href":"https:\/\/www.bienaldelchaco.org\/2022\/wp-json\/wp\/v2\/media?parent=5387"}],"wp:term":[{"taxonomy":"category","embeddable":true,"href":"https:\/\/www.bienaldelchaco.org\/2022\/wp-json\/wp\/v2\/categories?post=5387"},{"taxonomy":"post_tag","embeddable":true,"href":"https:\/\/www.bienaldelchaco.org\/2022\/wp-json\/wp\/v2\/tags?post=5387"}],"curies":[{"name":"wp","href":"https:\/\/api.w.org\/{rel}","templated":true}]}}