{"id":5402,"date":"2018-07-16T08:31:44","date_gmt":"2018-07-16T11:31:44","guid":{"rendered":"http:\/\/www.bienaldelchaco.org\/?p=5402"},"modified":"2018-07-16T08:31:44","modified_gmt":"2018-07-16T11:31:44","slug":"y-sin-embargo-se-mueven-30a-bienal-internacional-de-escultura-en-chaco","status":"publish","type":"post","link":"https:\/\/www.bienaldelchaco.org\/2022\/y-sin-embargo-se-mueven-30a-bienal-internacional-de-escultura-en-chaco\/","title":{"rendered":"Y sin embargo se mueven &#8211; 30\u00aa Bienal Internacional de Escultura, en Chaco"},"content":{"rendered":"<p>Hasta el pr\u00f3ximo domingo, el encuentro propone, adem\u00e1s de la ya tradicional muestra de esculturas, actividades musicales y teatrales. Tambi\u00e9n hay un espacio para artesanos.<!--more--><\/p>\n<p>Solo paradojas para ofrecer&#8230; y no es poco. La trig\u00e9sima edici\u00f3n de la Bienal Internacional de Escultura que, a\u00f1o tras a\u00f1o, organiza la provincia de Chaco junto a la Fundaci\u00f3n Urunday lleva por nombre \u201cIdentidad en movimiento\u201d\u2026 de ah\u00ed la paradoja: lo (supuestamente) p\u00e9treo de la escultura se junta con su din\u00e1mica para mostrarle al mundo maravillas de acero, m\u00e1rmol, bronce y madera, basado en actividades que se llevan a cabo hasta el pr\u00f3ximo domingo. Entre ellas, la realizaci\u00f3n del Segundo Congreso Internacional de Arte, el Encuentro de Escultores Argentinos y Latinoamericanos, el concurso internacional del que participan artistas de Bolivia (Le\u00f3n Geuer), Argentina (Ra\u00fal G\u00f3mez), Polonia (Piotr Twardowski), Alemania (Stefan Ester), Colombia (Fernando Castro), Francia (Thierry Ferreira) y China (Qian Sihua), y el premio Desaf\u00edo \u201cHierros L\u00edder\u201d, destinado a j\u00f3venes estudiantes de arte.<\/p>\n<p>Las artes esc\u00e9nicas se revelan mediante actividades variopintas. Una de ellas es la ejecuci\u00f3n de la obra Carmina Burana, de Carl Off, por la Orquesta Sinf\u00f3nica del Chaco, dirigida por Jorge Doumont, y el Ballet Contempor\u00e1neo de la provincia fundada por Juan Per\u00f3n, a cargo de Mariela Alarc\u00f3n. Otra, la puesta de El conventillo de la paloma, tradicional sainete de Alberto Vacarezza, a trav\u00e9s del elenco de actores de Galatea, fundaci\u00f3n cultural que alberga unos doscientos artistas dedicados al circo, la m\u00fasica y la danza. \u201cNos encanta llevar el teatro al p\u00fablico y mostrar nuestro arte en la Bienal. Por eso nos llen\u00f3 de alegr\u00eda recibir la invitaci\u00f3n para participar de esta edici\u00f3n\u201d dijo Javier Luquez Toledo, core\u00f3grafo y director de Galatea, que adem\u00e1s es quien adapt\u00f3 el sainete de Vacarezza.<\/p>\n<p>Por el lado de las artesan\u00edas, la Bienal ratifica su compromiso con ellas a trav\u00e9s del cuarto encuentro de maestros artesanos argentinos, del que participan unos ciento veinte orfebres, incluidos cincuenta maestros ind\u00edgenas de las diversas comunidades del Chaco. Es el sexto a\u00f1o que estos artesanos de monte adentro conviven con esas esculturas de entre tres y siete metros de altura que sorprenden a propios y extra\u00f1os. Una de ellas, este a\u00f1o, es la megaobra de Quique Gurevich (\u201cBuscando Plaza\u201d), que consiste en un perro de hierro de cuatro metros de ancho por dos de alto. \u201cLo emplazamos a la intemperie, como haciendo sus necesidades fisiol\u00f3gicas\u201d, describi\u00f3 el escultor, quien tambi\u00e9n participa de talleres gratuitos para ni\u00f1os de entre 4 y 7 a\u00f1os. Para aquellos de entre 8 y 12, la organizaci\u00f3n tambi\u00e9n tiene algo entre manos: los encuentros \u201cJugo de Madera\u201d, basados en la creaci\u00f3n de peque\u00f1os objetos escult\u00f3ricos, con aires de posteridad.<\/p>\n<p>Fuente:\u00a0www.pagina12.com.ar<\/p>\n","protected":false},"excerpt":{"rendered":"<p>Hasta el pr\u00f3ximo domingo, el encuentro propone, adem\u00e1s de la ya tradicional muestra de esculturas, actividades musicales y teatrales. Tambi\u00e9n hay un espacio para artesanos.<\/p>\n","protected":false},"author":3,"featured_media":5403,"comment_status":"closed","ping_status":"closed","sticky":false,"template":"","format":"standard","meta":{"footnotes":""},"categories":[6],"tags":[],"_links":{"self":[{"href":"https:\/\/www.bienaldelchaco.org\/2022\/wp-json\/wp\/v2\/posts\/5402"}],"collection":[{"href":"https:\/\/www.bienaldelchaco.org\/2022\/wp-json\/wp\/v2\/posts"}],"about":[{"href":"https:\/\/www.bienaldelchaco.org\/2022\/wp-json\/wp\/v2\/types\/post"}],"author":[{"embeddable":true,"href":"https:\/\/www.bienaldelchaco.org\/2022\/wp-json\/wp\/v2\/users\/3"}],"replies":[{"embeddable":true,"href":"https:\/\/www.bienaldelchaco.org\/2022\/wp-json\/wp\/v2\/comments?post=5402"}],"version-history":[{"count":1,"href":"https:\/\/www.bienaldelchaco.org\/2022\/wp-json\/wp\/v2\/posts\/5402\/revisions"}],"predecessor-version":[{"id":5404,"href":"https:\/\/www.bienaldelchaco.org\/2022\/wp-json\/wp\/v2\/posts\/5402\/revisions\/5404"}],"wp:featuredmedia":[{"embeddable":true,"href":"https:\/\/www.bienaldelchaco.org\/2022\/wp-json\/wp\/v2\/media\/5403"}],"wp:attachment":[{"href":"https:\/\/www.bienaldelchaco.org\/2022\/wp-json\/wp\/v2\/media?parent=5402"}],"wp:term":[{"taxonomy":"category","embeddable":true,"href":"https:\/\/www.bienaldelchaco.org\/2022\/wp-json\/wp\/v2\/categories?post=5402"},{"taxonomy":"post_tag","embeddable":true,"href":"https:\/\/www.bienaldelchaco.org\/2022\/wp-json\/wp\/v2\/tags?post=5402"}],"curies":[{"name":"wp","href":"https:\/\/api.w.org\/{rel}","templated":true}]}}