{"id":5405,"date":"2018-07-17T07:57:02","date_gmt":"2018-07-17T10:57:02","guid":{"rendered":"http:\/\/www.bienaldelchaco.org\/?p=5405"},"modified":"2018-07-17T07:57:32","modified_gmt":"2018-07-17T10:57:32","slug":"cine-el-miercoles-y-el-viernes-en-reconocimiento-a-la-bienal","status":"publish","type":"post","link":"https:\/\/www.bienaldelchaco.org\/2022\/cine-el-miercoles-y-el-viernes-en-reconocimiento-a-la-bienal\/","title":{"rendered":"Cine el mi\u00e9rcoles y el viernes en reconocimiento a la Bienal"},"content":{"rendered":"<p><strong>Centro Cultural Ercilio Castillo<\/strong><\/p>\n<p><strong>Cine sobre \u201cdocumenta 13\u201d (2012) y Marta Minuj\u00edn en \u201cdocumenta 14\u201d (2017)<\/strong><\/p>\n<p>Continuando con el ciclo dedicado a la Bienal de Esculturas que se celebra en Resistencia, este mi\u00e9rcoles 18, se proyectar\u00e1 en horario especial un interesante cortometraje documental sobre las esculturas realizadas en cuatro niveles de altura en un inmenso predio que perteneciera a un antiguo vi\u00f1edo y f\u00e1brica de armas en la \u00e9poca de los nazis, por el artista rosarino <strong>Adri\u00e1n Villar Rojas<\/strong> en Kassel (Alemania), el a\u00f1o 2012 con motivo de realizarse en esa ciudad la d\u00e9cima tercera edici\u00f3n de la \u201cDocumenta\u201d, una de las exposiciones internacionales m\u00e1s importantes que se organiza cada cinco a\u00f1os all\u00ed para conmemorar la destrucci\u00f3n total de esa ciudad durante la segunda guerra mundial y como alegato por la paz.<!--more--><\/p>\n<p>En esa edici\u00f3n de la \u201cDocumenta\u201d participaron dos grupos argentinos: el mencionado artista, y otras dos personas de la ciudad de Buenos Aires, en este caso con un tema que gener\u00f3 conflicto porque se trataba de trasladar ileg\u00edtimamente hasta esa ciudad alemana nuestro meteorito \u201cEl Chaco\u201d. Finalmente no lograron su objetivo por el r\u00e1pido y efectivo movimiento popular que se gener\u00f3 en Resistencia por tratarse de un patrimonio natural-cultural de los chaque\u00f1os.<\/p>\n<p>El <strong>viernes 20<\/strong>, y coincidiendo con la presencia en Resistencia de la consagrada artista <strong>Marta Minujin<\/strong> -quien dar\u00e1 una conferencia el jueves sobre el Arte Ef\u00ecmero en la Bienal, se exhibir\u00e1 el documental sobre ella y su valiosa participaci\u00f3n en la misma ciudad de Kassel, con su obra \u201cParten\u00f3n de los Libros Prohibidos\u201d, referente a la censura que impuso en la Argentina la \u00faltima dictadura militar.<\/p>\n<p>Tanto esta funci\u00f3n como la del mi\u00e9rcoles comenzar\u00e1 a la hora 20 (media hora antes de lo habitual) para facilitar la concurrencia de los espectadores, y como siempre con entrada libre y gratuita. Se invita especialmente a todos quienes colaboraron por espacio de dos semanas para que el meteorito \u201cEl Chaco\u201d no sea trasladado violando las leyes vigentes. Tambi\u00e9n a los diputados, de quienes muchos de ellos tuvieron en aqu\u00e9l entonces una participaci\u00f3n inapropiada.-<\/p>\n<p><img decoding=\"async\" class=\"img-frame \" src=\"http:\/\/www.bienaldelchaco.org\/2022\/wp-content\/uploads\/2018\/07\/2011-10-15-ADRIAN-VILLAR-ROJAS-Rosario-1980-EN-PARIS-C.jpg\" \/><\/p>\n","protected":false},"excerpt":{"rendered":"<p>Centro Cultural Ercilio Castillo Cine sobre \u201cdocumenta 13\u201d (2012) y Marta Minuj\u00edn en \u201cdocumenta 14\u201d (2017) Continuando con el ciclo dedicado a la Bienal de Esculturas que se celebra en Resistencia, este mi\u00e9rcoles 18, se proyectar\u00e1 en horario especial un interesante cortometraje documental sobre las&#8230;<\/p>\n","protected":false},"author":3,"featured_media":5406,"comment_status":"closed","ping_status":"closed","sticky":false,"template":"","format":"standard","meta":{"footnotes":""},"categories":[6],"tags":[],"_links":{"self":[{"href":"https:\/\/www.bienaldelchaco.org\/2022\/wp-json\/wp\/v2\/posts\/5405"}],"collection":[{"href":"https:\/\/www.bienaldelchaco.org\/2022\/wp-json\/wp\/v2\/posts"}],"about":[{"href":"https:\/\/www.bienaldelchaco.org\/2022\/wp-json\/wp\/v2\/types\/post"}],"author":[{"embeddable":true,"href":"https:\/\/www.bienaldelchaco.org\/2022\/wp-json\/wp\/v2\/users\/3"}],"replies":[{"embeddable":true,"href":"https:\/\/www.bienaldelchaco.org\/2022\/wp-json\/wp\/v2\/comments?post=5405"}],"version-history":[{"count":2,"href":"https:\/\/www.bienaldelchaco.org\/2022\/wp-json\/wp\/v2\/posts\/5405\/revisions"}],"predecessor-version":[{"id":5409,"href":"https:\/\/www.bienaldelchaco.org\/2022\/wp-json\/wp\/v2\/posts\/5405\/revisions\/5409"}],"wp:featuredmedia":[{"embeddable":true,"href":"https:\/\/www.bienaldelchaco.org\/2022\/wp-json\/wp\/v2\/media\/5406"}],"wp:attachment":[{"href":"https:\/\/www.bienaldelchaco.org\/2022\/wp-json\/wp\/v2\/media?parent=5405"}],"wp:term":[{"taxonomy":"category","embeddable":true,"href":"https:\/\/www.bienaldelchaco.org\/2022\/wp-json\/wp\/v2\/categories?post=5405"},{"taxonomy":"post_tag","embeddable":true,"href":"https:\/\/www.bienaldelchaco.org\/2022\/wp-json\/wp\/v2\/tags?post=5405"}],"curies":[{"name":"wp","href":"https:\/\/api.w.org\/{rel}","templated":true}]}}