{"id":5410,"date":"2018-07-17T07:59:33","date_gmt":"2018-07-17T10:59:33","guid":{"rendered":"http:\/\/www.bienaldelchaco.org\/?p=5410"},"modified":"2018-07-17T07:59:33","modified_gmt":"2018-07-17T10:59:33","slug":"magdalena-tellez-expone-en-galeria-chiapello","status":"publish","type":"post","link":"https:\/\/www.bienaldelchaco.org\/2022\/magdalena-tellez-expone-en-galeria-chiapello\/","title":{"rendered":"Magdalena Tellez expone en Galeria Chiapello"},"content":{"rendered":"<p>La personalidad de Magdalena es arrolladora. Qu\u00e9 se mira primero? Su belleza? Su personalidad? Su alcurnia? Su arte?<\/p>\n<p>Infancia de campo, \u201ciba a la escuela a caballo, me cri\u00e9 en el campo, y vivo hoy en un peque\u00f1o pueblo de 500 habitantes, \u201cCastilla\u201d, al oeste de Buenos Aires. \u201cMis dos talleres est\u00e1n en campo Patagonia y all\u00ed, donde vivo\u201d.<!--more--><\/p>\n<p>Ya dijimos que es pintora? Su obra tiene una imagen potente, que no pasa desapercibido (como ella; es que arte y artista son las caras de la misma moneda.<\/p>\n<p>A trav\u00e9s del contacto con el Festival Filarm\u00f3nico que tiene marco en la Bienal 2018,\u00a0este martes a las 20\u00a0en Galer\u00eda Chiapello, Magdalena Tellez \u00a0inaugurar\u00e1 una muestra de sus pinturas. Un dato m\u00e1s de su vida: es nieta de la legendaria Lola Membrives. \u201cS\u00ed, mi abuela era algo muy especial, era la due\u00f1a del Teatro C\u00f3mico que despu\u00e9s de su muerte tom\u00f3 su nombre. Era \u00edntima amiga de la Eva (Per\u00f3n). Una creativa absoluta, todas las escenograf\u00edas de sus obras eran absolutamente originales\u201d. Recuerdo en las navidades ven\u00eda mi abuela Lola al campo, una vez lo trajo a Antonio Gades\u2026 Tengo recuerdos como gemas\u2026 La disfrut\u00e9 hasta los 10 a\u00f1os\u201d.<\/p>\n<p>Sumemos algo espec\u00edfico de su metier: \u201cMi soporte es figurativo, me encanta la l\u00ednea, el dibujo, pero cuando entro a la pintura sucede algo bastante poderoso, una qu\u00edmica; por ah\u00ed \u00a0tiro alg\u00fan aerosol\u2026<\/p>\n<p>-Es como una cuesti\u00f3n cat\u00e1rtica?<\/p>\n<p>&#8211; No creo que en todas las partes de la vida uno se involucre visceralmente, no necesariamente es cat\u00e1rtico. Pero reconozco que s\u00ed, es un estado diferente. Cuando termino la obra y la observo, me pregunto \u201c yo hice eso?\u201d<\/p>\n<p>\u201cHay algo m\u00e1s que me gustar\u00eda decir del artista: Somos \u00a0un laburante m\u00e1s como un pe\u00f3n de campo, un tambero o alguien de cualquier oficio\u201d\u2026<\/p>\n","protected":false},"excerpt":{"rendered":"<p>La personalidad de Magdalena es arrolladora. Qu\u00e9 se mira primero? Su belleza? Su personalidad? Su alcurnia? Su arte? Infancia de campo, \u201ciba a la escuela a caballo, me cri\u00e9 en el campo, y vivo hoy en un peque\u00f1o pueblo de 500 habitantes, \u201cCastilla\u201d, al oeste&#8230;<\/p>\n","protected":false},"author":3,"featured_media":5411,"comment_status":"closed","ping_status":"closed","sticky":false,"template":"","format":"standard","meta":{"footnotes":""},"categories":[6],"tags":[],"_links":{"self":[{"href":"https:\/\/www.bienaldelchaco.org\/2022\/wp-json\/wp\/v2\/posts\/5410"}],"collection":[{"href":"https:\/\/www.bienaldelchaco.org\/2022\/wp-json\/wp\/v2\/posts"}],"about":[{"href":"https:\/\/www.bienaldelchaco.org\/2022\/wp-json\/wp\/v2\/types\/post"}],"author":[{"embeddable":true,"href":"https:\/\/www.bienaldelchaco.org\/2022\/wp-json\/wp\/v2\/users\/3"}],"replies":[{"embeddable":true,"href":"https:\/\/www.bienaldelchaco.org\/2022\/wp-json\/wp\/v2\/comments?post=5410"}],"version-history":[{"count":1,"href":"https:\/\/www.bienaldelchaco.org\/2022\/wp-json\/wp\/v2\/posts\/5410\/revisions"}],"predecessor-version":[{"id":5412,"href":"https:\/\/www.bienaldelchaco.org\/2022\/wp-json\/wp\/v2\/posts\/5410\/revisions\/5412"}],"wp:featuredmedia":[{"embeddable":true,"href":"https:\/\/www.bienaldelchaco.org\/2022\/wp-json\/wp\/v2\/media\/5411"}],"wp:attachment":[{"href":"https:\/\/www.bienaldelchaco.org\/2022\/wp-json\/wp\/v2\/media?parent=5410"}],"wp:term":[{"taxonomy":"category","embeddable":true,"href":"https:\/\/www.bienaldelchaco.org\/2022\/wp-json\/wp\/v2\/categories?post=5410"},{"taxonomy":"post_tag","embeddable":true,"href":"https:\/\/www.bienaldelchaco.org\/2022\/wp-json\/wp\/v2\/tags?post=5410"}],"curies":[{"name":"wp","href":"https:\/\/api.w.org\/{rel}","templated":true}]}}