{"id":5460,"date":"2018-08-03T13:35:50","date_gmt":"2018-08-03T16:35:50","guid":{"rendered":"http:\/\/www.bienaldelchaco.org\/?p=5460"},"modified":"2018-08-03T13:35:50","modified_gmt":"2018-08-03T16:35:50","slug":"balance-sobre-la-bienal-2018-capitanich-destaco-su-efecto-multiplicador","status":"publish","type":"post","link":"https:\/\/www.bienaldelchaco.org\/2022\/balance-sobre-la-bienal-2018-capitanich-destaco-su-efecto-multiplicador\/","title":{"rendered":"Balance sobre la Bienal 2018: Capitanich destac\u00f3 su efecto multiplicador"},"content":{"rendered":"<p>El intendente Jorge Capitanich acompa\u00f1\u00f3 este jueves el balance sobre la Bienal Internacional de Escultura 2018 que realiz\u00f3 la Fundaci\u00f3n Urunday y que estuvo acompa\u00f1ado de una serie de datos respecto a los resultados del megaevento cultural que se realiz\u00f3 en Resistencia en julio pasado.<\/p>\n<p>Lo primero que hay que decir es que la bienal tuvo un efecto multiplicador impresionante; nos hace sentir muy orgullosos de ser chaque\u00f1o\u201d, asegur\u00f3 Capitanich, en conferencia de prensa. La jornada, que se desarroll\u00f3 en el Domo del Centenario, cont\u00f3 con la presencia de Fabriciano G\u00f3mez, presidente de la Fundaci\u00f3n Urunday, otras autoridades de esa entidad, y representantes del gobierno provincial.<\/p>\n<p>El intendente resalt\u00f3 tambi\u00e9n los distintos indicadores presentados respecto a cantidad de visitantes, artistas participantes, expositores y propuestas art\u00edsticas complementarias al certamen escult\u00f3rico. \u201cSon tres puntos clave los que debemos remarcar: la sinergia p\u00fablico-privada; la creatividad y la perseverancia\u201d, subray\u00f3. En \u00e9se sentido, marc\u00f3 la importancia de la relaci\u00f3n entre los sectores p\u00fablico y privado que permite generar las condiciones de infraestructura y financiamiento para la realizaci\u00f3n del evento. Y, adem\u00e1s, destac\u00f3 la creatividad tanto art\u00edstica como organizativa que posee la Fundaci\u00f3n Urunday al igual que la perseverancia demostrada por sus integrantes a lo largo de las \u00faltimas tres d\u00e9cadas. \u201cEn esta nueva edici\u00f3n ha quedado demostrada una vez m\u00e1s la extraordinaria arquitectura de trabajo para la organizaci\u00f3n; tambi\u00e9n los alcances, el impacto social y la consolidaci\u00f3n en la conciencia colectiva de la comunidad\u201d, explic\u00f3.<\/p>\n<p>En la conferencia de prensa, la fundaci\u00f3n revel\u00f3 distintas estad\u00edsticas que dej\u00f3 la Bienal 2018 en la que sobresalieron tanto la cantidad de visitantes que pasaron por el predio como el crecimiento del n\u00famero de turistas que se acercaron a Resistencia exclusivamente para el evento. \u201cEl arte, una vez m\u00e1s, super\u00f3 cualquier barrera idiom\u00e1tica o cultural posible; el arte transforma la vida de las personas y de nuestra comunidad\u201d, agreg\u00f3 el intendente.<\/p>\n<p>Capitanich se\u00f1al\u00f3 que el \u00e9xito de esta reciente edici\u00f3n de la bienal implica un \u201cfuerte impulso\u201d para la b\u00fasqueda de Resistencia de convertirse en patrimonio cultural de la humanidad a trav\u00e9s de la Unesco. \u201cNosotros trabajamos para la preservaci\u00f3n del valor de nuestras esculturas, que son un \u00edcono de la comunidad y de la ciudad; y redoblamos la apuesta con m\u00e1s obras y mayor infraestructura para 2020\u201d, adelant\u00f3. Por \u00faltimo, el jefe comunal mencion\u00f3 la calidad de infraestructura del parque intercultural, en el que a lo largo de los \u00faltimos meses se realizaron distintas obras de remodelaci\u00f3n y ampliaci\u00f3n. \u201cLa bienal ha sido una nueva muestra de diversidad cultural y de un efecto multiplicador extraordinario en todo aspecto; nos hace sentir orgullosos de ser chaque\u00f1os\u201d, insisti\u00f3.<\/p>\n<p><strong>UNA MARCA DEL CHACO<\/strong><\/p>\n<p>El titular de la Fundaci\u00f3n Urunday hizo un repaso por lo que signific\u00f3 la edici\u00f3n 2018 del megaevento escult\u00f3rico y asegur\u00f3 que \u201cla Bienal es una marca del Chaco\u201d. \u201cSon 30 a\u00f1os de fe, de trabajo y de voluntades compartidas; agradecemos a los colaboradores incondicionales de la fundaci\u00f3n, entre ellos el municipio de Resistencia\u201d, indic\u00f3 G\u00f3mez. \u201cLa bienal es una aut\u00e9ntica fiesta cultural y popular; es un orgullo para la ciudad y para todo el Chaco\u201d, finaliz\u00f3.<\/p>\n<p>Fuente:\u00a0http:\/\/www.diarionorte.com<\/p>\n","protected":false},"excerpt":{"rendered":"<p>El intendente Jorge Capitanich acompa\u00f1\u00f3 este jueves el balance sobre la Bienal Internacional de Escultura 2018 que realiz\u00f3 la Fundaci\u00f3n Urunday y que estuvo acompa\u00f1ado de una serie de datos respecto a los resultados del megaevento cultural que se realiz\u00f3 en Resistencia en julio pasado&#8230;.<\/p>\n","protected":false},"author":3,"featured_media":5461,"comment_status":"closed","ping_status":"closed","sticky":false,"template":"","format":"standard","meta":{"footnotes":""},"categories":[6],"tags":[],"_links":{"self":[{"href":"https:\/\/www.bienaldelchaco.org\/2022\/wp-json\/wp\/v2\/posts\/5460"}],"collection":[{"href":"https:\/\/www.bienaldelchaco.org\/2022\/wp-json\/wp\/v2\/posts"}],"about":[{"href":"https:\/\/www.bienaldelchaco.org\/2022\/wp-json\/wp\/v2\/types\/post"}],"author":[{"embeddable":true,"href":"https:\/\/www.bienaldelchaco.org\/2022\/wp-json\/wp\/v2\/users\/3"}],"replies":[{"embeddable":true,"href":"https:\/\/www.bienaldelchaco.org\/2022\/wp-json\/wp\/v2\/comments?post=5460"}],"version-history":[{"count":1,"href":"https:\/\/www.bienaldelchaco.org\/2022\/wp-json\/wp\/v2\/posts\/5460\/revisions"}],"predecessor-version":[{"id":5462,"href":"https:\/\/www.bienaldelchaco.org\/2022\/wp-json\/wp\/v2\/posts\/5460\/revisions\/5462"}],"wp:featuredmedia":[{"embeddable":true,"href":"https:\/\/www.bienaldelchaco.org\/2022\/wp-json\/wp\/v2\/media\/5461"}],"wp:attachment":[{"href":"https:\/\/www.bienaldelchaco.org\/2022\/wp-json\/wp\/v2\/media?parent=5460"}],"wp:term":[{"taxonomy":"category","embeddable":true,"href":"https:\/\/www.bienaldelchaco.org\/2022\/wp-json\/wp\/v2\/categories?post=5460"},{"taxonomy":"post_tag","embeddable":true,"href":"https:\/\/www.bienaldelchaco.org\/2022\/wp-json\/wp\/v2\/tags?post=5460"}],"curies":[{"name":"wp","href":"https:\/\/api.w.org\/{rel}","templated":true}]}}