{"id":5548,"date":"2018-09-20T17:44:18","date_gmt":"2018-09-20T20:44:18","guid":{"rendered":"http:\/\/www.bienaldelchaco.org\/?p=5548"},"modified":"2018-09-20T17:44:18","modified_gmt":"2018-09-20T20:44:18","slug":"se-emplazo-la-escultura-638-en-el-barrio-rene-favaloro-de-resistencia","status":"publish","type":"post","link":"https:\/\/www.bienaldelchaco.org\/2022\/se-emplazo-la-escultura-638-en-el-barrio-rene-favaloro-de-resistencia\/","title":{"rendered":"Se emplaz\u00f3 la escultura 638 en el barrio \u2018Ren\u00e9 Favaloro\u2019 de Resistencia"},"content":{"rendered":"<p class=\"ox-fd89804495-MsoNormal\">En un emotivo acto realizado en la noche de este lunes, la obra del artista Danilo Danziger, &#8216;Cosmos&#8217;, que fue donada a la comunidad por el Dr. Diego Tolosa y familia, fue emplazada en esa barriada. La misma consta de un peque\u00f1o formato realizada en bronce.<\/p>\n<p class=\"ox-fd89804495-MsoNormal\"><!--more--><\/p>\n<p>&nbsp;<\/p>\n<p>Durante el acto inaugural, el presidente de la Fundaci\u00f3n Urunday, Fabriciano G\u00f3mez, se pregunt\u00f3: \u201c\u00bfQui\u00e9n hubiera pensado poco a\u00f1os atr\u00e1s que estar\u00edamos emplazando una escultura en este lugar, si esto era todo monte?\u201d.<\/p>\n<p>Desde la entidad que preside, Fabriciano agradeci\u00f3, \u201cinfinitamente a esta familia que colabora de manera desinteresada y permanentemente con la instituci\u00f3n. Esperemos que esto no se apague nunca, que es emplazar esculturas en la v\u00eda p\u00fablica de Resistencia\u201d.<\/p>\n<p>La escultura emplazada se titula \u201cCosmos\u201d, es una obra de peque\u00f1o formato realizada en bronce por el artista Danilo Danziger y desde ayer paso a formar parte del patrimonio cultural de la ciudad y fue donada a la comuna por el Dr. Diego Tolosa.<\/p>\n<p>Por su parte, \u00e9ste agradeci\u00f3, \u201ca la Fundaci\u00f3n, por permitirnos cumplir este sue\u00f1o junto a mi esposa. Nosotros somos migrantes, venimos del interior del Chaco y nos encontramos ac\u00e1 y no solo compartimos nuestro amor, sino que compartimos el amor por el arte. Esto es un sue\u00f1o cumplido y la idea era aportar otro granito de arena para Resistencia que es nuestro hogar y es la ciudad que nos permite desarrollarnos profesionalmente\u201d.<\/p>\n<p>\u201cGracias a la Fundaci\u00f3n Urunday que nos abri\u00f3 las puertas y nos permiti\u00f3 hablar del derecho del arte. Y qui\u00e9n iba a pensar, como dice Fabriciano, que tambi\u00e9n estar\u00edamos hablando de este tema en Resistencia en este momento\u201d, agreg\u00f3 el profesional.<\/p>\n<p>&nbsp;<\/p>\n<p><strong>Sobre el escultor<\/strong><br \/>\nMar\u00eda Jos\u00e9 Herrera, historiadora del arte y presidenta de la Asociaci\u00f3n Argentina de Cr\u00edticos de Arte, en un art\u00edculo publicado en el diario P\u00e1gina 12 dijo sobre Danilo Danziger (1956-2013): \u201cDanilo Danzinger fue disc\u00edpulo de Libero Badii, con el cual estuvo unos a\u00f1os. Particip\u00f3 en innumerables salones (Nacional, Belgrano, Santa Fe, etc).<\/p>\n<p>En Francia, hizo varios cursos de t\u00e9cnicas en escultura y por los a\u00f1os 1980\/1985 volvi\u00f3 a la Argentina donde se radic\u00f3 y puso su taller en la localidad de Tigre, en el cual trabaj\u00f3 hasta su fallecimiento.<\/p>\n<p>Para quienes ten\u00edamos veinte a\u00f1os en los \u201980, la obra del escultor Danilo Danziger (1956-2013) era una presencia habitual en los espacios m\u00e1s reputados del arte de la ciudad. El Premio Braque, las exposiciones de la Joven Generaci\u00f3n del CAyC (Centro de Arte y Comunicaci\u00f3n), las de Giesso, las de la Fundaci\u00f3n Banco Patricios, las de Harrod\u2019s, y tambi\u00e9n una temprana muestra consagratoria en la Fundaci\u00f3n San Telmo, a comienzos de los \u201990.<\/p>\n<p>En aquellos a\u00f1os del optimismo del retorno a la democracia, Danilo expon\u00eda lo que los propios artistas llamaban \u201cobjetos\u201d pero que, en realidad, eran esculturas figurativas, que volv\u00edan, luego de una d\u00e9cada de predominio de las abstractas y coincidiendo con el auge de la figuraci\u00f3n en la pintura\u2026\u201d<\/p>\n","protected":false},"excerpt":{"rendered":"<p>En un emotivo acto realizado en la noche de este lunes, la obra del artista Danilo Danziger, &#8216;Cosmos&#8217;, que fue donada a la comunidad por el Dr. Diego Tolosa y familia, fue emplazada en esa barriada. La misma consta de un peque\u00f1o formato realizada en&#8230;<\/p>\n","protected":false},"author":3,"featured_media":5549,"comment_status":"closed","ping_status":"closed","sticky":false,"template":"","format":"standard","meta":{"footnotes":""},"categories":[6],"tags":[],"_links":{"self":[{"href":"https:\/\/www.bienaldelchaco.org\/2022\/wp-json\/wp\/v2\/posts\/5548"}],"collection":[{"href":"https:\/\/www.bienaldelchaco.org\/2022\/wp-json\/wp\/v2\/posts"}],"about":[{"href":"https:\/\/www.bienaldelchaco.org\/2022\/wp-json\/wp\/v2\/types\/post"}],"author":[{"embeddable":true,"href":"https:\/\/www.bienaldelchaco.org\/2022\/wp-json\/wp\/v2\/users\/3"}],"replies":[{"embeddable":true,"href":"https:\/\/www.bienaldelchaco.org\/2022\/wp-json\/wp\/v2\/comments?post=5548"}],"version-history":[{"count":1,"href":"https:\/\/www.bienaldelchaco.org\/2022\/wp-json\/wp\/v2\/posts\/5548\/revisions"}],"predecessor-version":[{"id":5550,"href":"https:\/\/www.bienaldelchaco.org\/2022\/wp-json\/wp\/v2\/posts\/5548\/revisions\/5550"}],"wp:featuredmedia":[{"embeddable":true,"href":"https:\/\/www.bienaldelchaco.org\/2022\/wp-json\/wp\/v2\/media\/5549"}],"wp:attachment":[{"href":"https:\/\/www.bienaldelchaco.org\/2022\/wp-json\/wp\/v2\/media?parent=5548"}],"wp:term":[{"taxonomy":"category","embeddable":true,"href":"https:\/\/www.bienaldelchaco.org\/2022\/wp-json\/wp\/v2\/categories?post=5548"},{"taxonomy":"post_tag","embeddable":true,"href":"https:\/\/www.bienaldelchaco.org\/2022\/wp-json\/wp\/v2\/tags?post=5548"}],"curies":[{"name":"wp","href":"https:\/\/api.w.org\/{rel}","templated":true}]}}