{"id":5556,"date":"2018-10-17T07:28:24","date_gmt":"2018-10-17T10:28:24","guid":{"rendered":"http:\/\/www.bienaldelchaco.org\/?p=5556"},"modified":"2018-11-26T18:14:50","modified_gmt":"2018-11-26T21:14:50","slug":"la-plazoleta-de-villa-don-enrique-lleva-el-nombre-del-periodista-miguel-angel-fernandez","status":"publish","type":"post","link":"https:\/\/www.bienaldelchaco.org\/2022\/la-plazoleta-de-villa-don-enrique-lleva-el-nombre-del-periodista-miguel-angel-fernandez\/","title":{"rendered":"La plazoleta de Villa Don Enrique lleva el nombre del periodista Miguel \u00c1ngel Fern\u00e1ndez"},"content":{"rendered":"<p>El intendente Jorge Capitanich particip\u00f3 en la noche de este domingo del acto de imposici\u00f3n de nombre y emplazamiento de escultura en la plazoleta de Villa Don Enrique. Desde hoy, este espacio recuperado ubicado en Beruti y Sarratea en la capital provincial, lleva el nombre del reconocido periodista Miguel \u00c1ngel Fern\u00e1ndez, en coincidencia con la celebraci\u00f3n de sus 75 a\u00f1os de vida.<!--more--><\/p>\n<p>En la oportunidad, el jefe comunal destac\u00f3 la trayectoria del periodista y asegur\u00f3 que a trav\u00e9s de una iniciativa del concejal Juan Manuel Chapo \u201cpropiciamos la denominaci\u00f3n de plazoleta Miguel \u00c1ngel Fern\u00e1ndez, que hoy cumple 75 a\u00f1os, con una dilatada y prestigiosa trayectoria en el periodismo chaque\u00f1o\u201d.\u00a0Del emotivo acto tambi\u00e9n particip\u00f3 la legisladora nacional Elda P\u00e9rtile; el concejal Juan Manuel Chapo; el escultor Fabriciano G\u00f3mez, titular de la Fundaci\u00f3n Urunday; el vocal del Ipduv, Mirko Nicolich; el subsecretario de Ambiente, Maximiliano Tononi; familiares, amigos y vecinos del periodista.\u00a0En primer t\u00e9rmino, se descubri\u00f3 una placa alusiva con la leyenda \u201cA uno de los hacedores del periodismo chaque\u00f1o\u201d.<\/p>\n<p>Luego, Fern\u00e1ndez asegur\u00f3 que \u201ctenemos que darnos cuenta que el Chaco necesita m\u00e1s que nunca que aportemos en todos los planos, mejorando el esp\u00edritu de la gente que no es el mejor en este momento\u201d. Tras ponderar el trabajo de Fabriciano G\u00f3mez y de la Fundaci\u00f3n Urunday, dijo que esto (por la plazoleta) es por el barrio y por vecinos que \u201cestamos ac\u00e1 hace mucho tiempo\u201d.<\/p>\n<p>\u201cHoy recib\u00ed tantos llamados y expresiones que me han desbordado por completo y con estas pilas cargadas voy a tratar de seguir adelante, bregando por el Chaco con nuestras fortalezas y debilidades, sumando todos\u201d, concluy\u00f3 el director de Norte.<\/p>\n<h2 class=\"page-heading\">Trabajos y escultura<\/h2>\n<p>En la plazoleta, la Secretar\u00eda de Ambiente y Servicios P\u00fablicos del municipio capitalino ejecut\u00f3 tareas de demalezado y limpieza total del predio, colocaci\u00f3n de \u00e1rboles y flores, entre otras tareas. Adem\u00e1s, la familia del agasajado don\u00f3 \u00e1rboles para implantar en el lugar. \u201cHemos hecho una intervenci\u00f3n con iluminaci\u00f3n en led, remodelaci\u00f3n parcial del espacio p\u00fablico y equipamiento adicional. Es parte de una agenda constructiva que tiene que ver con los 360 espacios p\u00fablicos que hay en Resistencia, a partir del cual propiciamos padrinazgos p\u00fablicos y vecinales. A su vez, un nivel de inversi\u00f3n que va desde iluminaci\u00f3n, hasta reparaciones y agregado de juegos, todo para mejorar el uso del espacio p\u00fablico por parte de los vecinos de la ciudad\u201d, concluy\u00f3 Capitanich.<\/p>\n<h2 class=\"page-heading\">Escultura 639<\/h2>\n<p>Del mismo modo, se emplaz\u00f3 la escultura n\u00famero 639 en esta ciudad. Se trata de la obra \u201cPasi\u00f3n\u201d, de tres metros de altura en m\u00e1rmol, realizada exclusivamente para la ocasi\u00f3n por el artista Fabriciano G\u00f3mez\u00a0(donada por la Fundaci\u00f3n Urunday) y que representa la trayectoria de Fern\u00e1ndez.<\/p>\n<p>En su alocuci\u00f3n, Fabriciano G\u00f3mez record\u00f3 al periodista como un hombre que durante los 30 a\u00f1os de escultura a cielo abierto \u201csiempre puso el hombro\u201d. \u201c\u00c9l siempre crey\u00f3 en el proyecto de seguir plantando esculturas en la ciudad. Este es un justo homenaje de todos los que estamos alrededor de los concursos de esculturas. Es una semillita m\u00e1s y \u00e9ste es el camino recorrido\u201d, finaliz\u00f3.<\/p>\n<p>El periodista Miguel \u00c1ngel Fern\u00e1ndez cumple hoy domingo 14 de octubre 75 a\u00f1os. De ellos, m\u00e1s de 55 dedicados al periodismo y 40 ininterrumpidos como director de diario Norte. Se recibi\u00f3 de maestro en su General San Mart\u00edn natal y ejerci\u00f3 su profesi\u00f3n por un par de a\u00f1os, pero ya cuando estaba en el secundario hizo sus primeras notas junto a su padre, Luciano, que era corresponsal de El Territorio de Resistencia y La Naci\u00f3n de Buenos Aires.<\/p>\n<p>A los 20 a\u00f1os lleg\u00f3 a Resistencia y trabaj\u00f3 en la edici\u00f3n vespertina de El Territorio, y desde entonces hizo un largo camino que hoy contin\u00faa con el ardor y el \u00edmpetu de un periodista de alma. A\u00fan hoy ejerce su oficio, el que complementa con su tarea diaria en FM Universidad.<\/p>\n<p>Fuente: <a href=\"http:\/\/www.chacodiapordia.com\/2018\/10\/15\/la-plazoleta-de-villa-don-enrique-lleva-el-nombre-del-periodista-miguel-angel-fernandez\/\" target=\"_blank\" rel=\"noopener noreferrer\">www.chacodiapordia.com<\/a><\/p>\n","protected":false},"excerpt":{"rendered":"<p>El intendente Jorge Capitanich particip\u00f3 en la noche de este domingo del acto de imposici\u00f3n de nombre y emplazamiento de escultura en la plazoleta de Villa Don Enrique. Desde hoy, este espacio recuperado ubicado en Beruti y Sarratea en la capital provincial, lleva el nombre&#8230;<\/p>\n","protected":false},"author":3,"featured_media":5557,"comment_status":"closed","ping_status":"closed","sticky":false,"template":"","format":"standard","meta":{"footnotes":""},"categories":[6],"tags":[],"_links":{"self":[{"href":"https:\/\/www.bienaldelchaco.org\/2022\/wp-json\/wp\/v2\/posts\/5556"}],"collection":[{"href":"https:\/\/www.bienaldelchaco.org\/2022\/wp-json\/wp\/v2\/posts"}],"about":[{"href":"https:\/\/www.bienaldelchaco.org\/2022\/wp-json\/wp\/v2\/types\/post"}],"author":[{"embeddable":true,"href":"https:\/\/www.bienaldelchaco.org\/2022\/wp-json\/wp\/v2\/users\/3"}],"replies":[{"embeddable":true,"href":"https:\/\/www.bienaldelchaco.org\/2022\/wp-json\/wp\/v2\/comments?post=5556"}],"version-history":[{"count":2,"href":"https:\/\/www.bienaldelchaco.org\/2022\/wp-json\/wp\/v2\/posts\/5556\/revisions"}],"predecessor-version":[{"id":5559,"href":"https:\/\/www.bienaldelchaco.org\/2022\/wp-json\/wp\/v2\/posts\/5556\/revisions\/5559"}],"wp:featuredmedia":[{"embeddable":true,"href":"https:\/\/www.bienaldelchaco.org\/2022\/wp-json\/wp\/v2\/media\/5557"}],"wp:attachment":[{"href":"https:\/\/www.bienaldelchaco.org\/2022\/wp-json\/wp\/v2\/media?parent=5556"}],"wp:term":[{"taxonomy":"category","embeddable":true,"href":"https:\/\/www.bienaldelchaco.org\/2022\/wp-json\/wp\/v2\/categories?post=5556"},{"taxonomy":"post_tag","embeddable":true,"href":"https:\/\/www.bienaldelchaco.org\/2022\/wp-json\/wp\/v2\/tags?post=5556"}],"curies":[{"name":"wp","href":"https:\/\/api.w.org\/{rel}","templated":true}]}}