{"id":706,"date":"2014-03-13T12:41:03","date_gmt":"2014-03-13T12:41:03","guid":{"rendered":"http:\/\/www.bienaldelchaco.com\/prueba\/?p=706"},"modified":"2014-06-17T13:31:29","modified_gmt":"2014-06-17T13:31:29","slug":"el-20-de-marzo-se-presenta-la-bienal-de-escultura-2014-en-resistencia","status":"publish","type":"post","link":"https:\/\/www.bienaldelchaco.org\/2022\/el-20-de-marzo-se-presenta-la-bienal-de-escultura-2014-en-resistencia\/","title":{"rendered":"El 20 de Marzo se presenta la Bienal de Escultura 2014 en Resistencia"},"content":{"rendered":"<p>Por primera vez en su historia, las obras de\u00a0la Bienal Internacional\u00a0de Escultura se realizar\u00e1n \u00edntegramente en acero inoxidable. \u201cSer\u00e1\u00a0la Bienal\u00a0m\u00e1s brillante\u201d, grafic\u00f3, el presidente de\u00a0la Fundaci\u00f3n Urunday\u00a0y alma m\u00e1ter del concurso, Fabriciano.<!--more--><\/p>\n<p><img decoding=\"async\" class=\"img-frame aligncenter\" alt=\"\" src=\"http:\/\/www.bienaldelchaco.com\/wp-content\/uploads\/2014\/05\/img_portada.jpg\" \/><\/p>\n<p>En di\u00e1logo con\u00a0RADIO CIUDAD, Fabriciano G\u00f3mez,\u00a0 adelanto que el pr\u00f3ximo 20 de marzo de 2014 se dar\u00e1n\u00a0 a conocer los nombres de los 11 escultores seleccionados de los 117 inscriptos de 45 paises del mundo, que participaran de la Bienal de Escultura, que se realizar\u00e1 del 12 al 19 de julio.<\/p>\n<p>\u201cEs dif\u00edcil hacer una selecci\u00f3n, que ellos nos vengan a dejar su mensaje a nuestra tierra, y que despu\u00e9s ese mensaje sea difundido por Resistencia, est\u00e1 acrecentando no s\u00f3lo el patrimonio cultural sino est\u00e9tico y nuestro esp\u00edritu\u201d, agreg\u00f3.<\/p>\n<p>Adem\u00e1s, adelant\u00f3 que \u201centre los 11 escultores Internacionales, figuran 1 escultor argentino y 1 escultor de Latinoam\u00e9rica\u201d.<\/p>\n<p>Por otra parte el artista remarco: \u201cVa a ser una Bienal diferente porque va a ser brillante y espectacular. En 26 a\u00f1os de vida, ser\u00e1 la primera vez que vamos a trabajar en acero inoxidable. Es un material no perecedero y p\u00fablico va a poder ver nuevas obras de arte que se van a trabajar con otras herramientas y formas diferentes\u201d, coment\u00f3 Fabriciano.<\/p>\n<p>\u201cLa Bienal es un espect\u00e1culo esperado en la regi\u00f3n y una de las 5 Bienales m\u00e1s importantes del mundo\u201d, sostuvo.<\/p>\n","protected":false},"excerpt":{"rendered":"<p>Por primera vez en su historia, las obras de\u00a0la Bienal Internacional\u00a0de Escultura se realizar\u00e1n \u00edntegramente en acero inoxidable. \u201cSer\u00e1\u00a0la Bienal\u00a0m\u00e1s brillante\u201d, grafic\u00f3, el presidente de\u00a0la Fundaci\u00f3n Urunday\u00a0y alma m\u00e1ter del concurso, Fabriciano.<\/p>\n","protected":false},"author":3,"featured_media":0,"comment_status":"closed","ping_status":"open","sticky":false,"template":"","format":"standard","meta":{"footnotes":""},"categories":[6],"tags":[],"_links":{"self":[{"href":"https:\/\/www.bienaldelchaco.org\/2022\/wp-json\/wp\/v2\/posts\/706"}],"collection":[{"href":"https:\/\/www.bienaldelchaco.org\/2022\/wp-json\/wp\/v2\/posts"}],"about":[{"href":"https:\/\/www.bienaldelchaco.org\/2022\/wp-json\/wp\/v2\/types\/post"}],"author":[{"embeddable":true,"href":"https:\/\/www.bienaldelchaco.org\/2022\/wp-json\/wp\/v2\/users\/3"}],"replies":[{"embeddable":true,"href":"https:\/\/www.bienaldelchaco.org\/2022\/wp-json\/wp\/v2\/comments?post=706"}],"version-history":[{"count":3,"href":"https:\/\/www.bienaldelchaco.org\/2022\/wp-json\/wp\/v2\/posts\/706\/revisions"}],"predecessor-version":[{"id":1452,"href":"https:\/\/www.bienaldelchaco.org\/2022\/wp-json\/wp\/v2\/posts\/706\/revisions\/1452"}],"wp:attachment":[{"href":"https:\/\/www.bienaldelchaco.org\/2022\/wp-json\/wp\/v2\/media?parent=706"}],"wp:term":[{"taxonomy":"category","embeddable":true,"href":"https:\/\/www.bienaldelchaco.org\/2022\/wp-json\/wp\/v2\/categories?post=706"},{"taxonomy":"post_tag","embeddable":true,"href":"https:\/\/www.bienaldelchaco.org\/2022\/wp-json\/wp\/v2\/tags?post=706"}],"curies":[{"name":"wp","href":"https:\/\/api.w.org\/{rel}","templated":true}]}}