{"id":7376,"date":"2019-11-04T17:37:04","date_gmt":"2019-11-04T20:37:04","guid":{"rendered":"http:\/\/www.bienaldelchaco.org\/2022\/?p=7376"},"modified":"2019-11-04T17:37:04","modified_gmt":"2019-11-04T20:37:04","slug":"fabriciano-acompano-el-aniversario-del-centro-cultural-ercilio-castillo","status":"publish","type":"post","link":"https:\/\/www.bienaldelchaco.org\/2022\/fabriciano-acompano-el-aniversario-del-centro-cultural-ercilio-castillo\/","title":{"rendered":"Fabriciano acompa\u00f1\u00f3 el aniversario del Centro Cultural Ercilio Castillo"},"content":{"rendered":"<p>En el marco del quinto aniversario del Centro Cultural Ercilio Castillo, el presidente de la Fundaci\u00f3n Urunday realiz\u00f3 una conferencia basada en los 30 a\u00f1os de la Fundaci\u00f3n Urunday y\u00a0 adelant\u00f3 algunos detalles de la Bienal 2020.<\/p>\n<p>&nbsp;<\/p>\n<p>El director del Centro Cultural, Jorge Castillo, oficio de maestro de ceremonias y agradeci\u00f3 al p\u00fablico presente por acompa\u00f1arlos; &#8220;Es una alegr\u00eda que hoy est\u00e9n todos ac\u00e1 y puedan disfrutar y conocer el trabajo que hacemos por la cultura de nuestra regi\u00f3n&#8221;.<\/p>\n<p>&nbsp;<\/p>\n<p>Por su parte Fabriciano destac\u00f3: &#8220;como no acompa\u00f1ar a un amigo de toda la vida, que pone su coraz\u00f3n y toda su energ\u00eda en este bello espacio que es abierto a todo aquel que quiera respirar la cultura chaque\u00f1a, es un placer ser parte de los festejos del centro cultural&#8221;, finaliz\u00f3 el artista.<\/p>\n","protected":false},"excerpt":{"rendered":"<p>En el marco del quinto aniversario del Centro Cultural Ercilio Castillo, el presidente de la Fundaci\u00f3n Urunday realiz\u00f3 una conferencia basada en los 30 a\u00f1os de la Fundaci\u00f3n Urunday y\u00a0 adelant\u00f3 algunos detalles de la Bienal 2020. &nbsp; El director del Centro Cultural, Jorge Castillo,&#8230;<\/p>\n","protected":false},"author":3,"featured_media":7377,"comment_status":"closed","ping_status":"closed","sticky":false,"template":"","format":"standard","meta":{"footnotes":""},"categories":[6],"tags":[],"_links":{"self":[{"href":"https:\/\/www.bienaldelchaco.org\/2022\/wp-json\/wp\/v2\/posts\/7376"}],"collection":[{"href":"https:\/\/www.bienaldelchaco.org\/2022\/wp-json\/wp\/v2\/posts"}],"about":[{"href":"https:\/\/www.bienaldelchaco.org\/2022\/wp-json\/wp\/v2\/types\/post"}],"author":[{"embeddable":true,"href":"https:\/\/www.bienaldelchaco.org\/2022\/wp-json\/wp\/v2\/users\/3"}],"replies":[{"embeddable":true,"href":"https:\/\/www.bienaldelchaco.org\/2022\/wp-json\/wp\/v2\/comments?post=7376"}],"version-history":[{"count":1,"href":"https:\/\/www.bienaldelchaco.org\/2022\/wp-json\/wp\/v2\/posts\/7376\/revisions"}],"predecessor-version":[{"id":7378,"href":"https:\/\/www.bienaldelchaco.org\/2022\/wp-json\/wp\/v2\/posts\/7376\/revisions\/7378"}],"wp:featuredmedia":[{"embeddable":true,"href":"https:\/\/www.bienaldelchaco.org\/2022\/wp-json\/wp\/v2\/media\/7377"}],"wp:attachment":[{"href":"https:\/\/www.bienaldelchaco.org\/2022\/wp-json\/wp\/v2\/media?parent=7376"}],"wp:term":[{"taxonomy":"category","embeddable":true,"href":"https:\/\/www.bienaldelchaco.org\/2022\/wp-json\/wp\/v2\/categories?post=7376"},{"taxonomy":"post_tag","embeddable":true,"href":"https:\/\/www.bienaldelchaco.org\/2022\/wp-json\/wp\/v2\/tags?post=7376"}],"curies":[{"name":"wp","href":"https:\/\/api.w.org\/{rel}","templated":true}]}}