{"id":7455,"date":"2019-11-25T11:32:39","date_gmt":"2019-11-25T14:32:39","guid":{"rendered":"http:\/\/www.bienaldelchaco.org\/2022\/?p=7455"},"modified":"2019-11-25T11:36:18","modified_gmt":"2019-11-25T14:36:18","slug":"fabriciano-estoy-muy-seguro-que-resistencia-va-a-ser-una-ciudad-universal","status":"publish","type":"post","link":"https:\/\/www.bienaldelchaco.org\/2022\/fabriciano-estoy-muy-seguro-que-resistencia-va-a-ser-una-ciudad-universal\/","title":{"rendered":"Fabriciano: \u201cEstoy muy seguro que Resistencia va a ser una ciudad universal\u201d"},"content":{"rendered":"<p>Con motivo de la celebraci\u00f3n en Argentina del D\u00eda Nacional del Escultor y las Artes Pl\u00e1stica, en homenaje a Lola Mora, el reconocido artista chaque\u00f1o y l\u00edder de la Fundaci\u00f3n Urunday, visit\u00f3 CIUDAD TV. Habl\u00f3 de las Bienales de escultura, del turismo, del arte, y de la promesa del intendente Capitanich de crear un Departamento de Restauraciones en el municipio, para un adecuado mantenimiento de las obras de arte. \u201cTenemos el hospital, los enfermos, pero nos faltan los m\u00e9dicos\u201d, compar\u00f3. Resistencia tiene 646 esculturas emplazadas en la v\u00eda p\u00fablica.<\/p>\n<p><!--more--><\/p>\n<p>&nbsp;<\/p>\n<p>La Argentina recuerda a Lola Mora en el D\u00eda Nacional del Escultor y las Artes Pl\u00e1sticas, y sobre la misma, Fabriciano G\u00f3mez afirmar que \u201cestoy convencido que en Resistencia se produce un extra\u00f1o fen\u00f3meno, porque estamos en una provincia que tiene como bandera el arte. Les aseguro que es un gran privilegio poder tocarlas y sacarnos fotos con las esculturas\u201d.<\/p>\n<p>Apasionado por lo que hace, asever\u00f3 que est\u00e1 \u201cmuy contento y euf\u00f3rico, porque hoy entr\u00f3 la inscripci\u00f3n n\u00famero 100 para la Bienal. Hay gente de Malasia, de Indonesia, Rusia, etc.; entre los cuales tenemos que escoger a 10, que nutren a esta ciudad para ir aumentando nuestro patrimonio. El pr\u00f3ximo a\u00f1o van a trabajar en m\u00e1rmol travertino\u201d<\/p>\n<p>Mencion\u00f3 que \u201cel esp\u00edritu de la \u00faltima Bienal, donde en la \u00faltima tuvimos 595.000 personas visit\u00e1ndola, es generar un espacio para que la gente sienta la necesidad de estar como m\u00ednimo 4 horas recorriendo y compartiendo, cuando antes iban por 5 minutos. Eso es el turismo. Durante la Bienal se llenan los hoteles y los restaurantes; y todos se benefician, hasta la gente que vende diarios, todo. Son 15 d\u00edas donde no solamente vienen turistas de otras partes del mundo y de Argentina, y nos obliga ir prepar\u00e1ndonos para la siguiente\u201d.<\/p>\n<p>Refiri\u00f3 luego que \u201cvengo de Barcelona, donde vemos que ellos no piensan en horizontal en las cosas que hacen, y son reconocidos por los Juegos Ol\u00edmpicos que se realizaron hace 15 o 20 a\u00f1os\u201d. \u201cNo pensemos en el momento en que nacemos hasta que nos vamos, porque el arte se mide por miles de a\u00f1os. Debemos trabajar, porque lo \u00fanico que no se ve del \u00e1rbol es lo esencial, es la ra\u00edz; aprovechemos entonces el fruto y la sombra\u201d.<\/p>\n<p>\u201cEstamos hablando de la Bienal y faltan 7 meses, \u00e9sa es la forma de trabajar si hacemos las cosas bien. Es hermoso lo que sucede en la Bienal, es como un b\u00e1lsamo; en la anterior tambi\u00e9n est\u00e1bamos en una situaci\u00f3n dif\u00edcil, y tambi\u00e9n hubo alguien que sugiri\u00f3 suspenderla y, obviamente, dijimos que no\u201d, acot\u00f3 Fabriciano.<\/p>\n<p>Habl\u00f3 luego un tema que lo preocupa, \u201ces una cuesti\u00f3n que la tocamos hace 4 o 6 meses. Es fundamental. El intendente prometi\u00f3 que antes del 30 de noviembre iba a estar creado el Departamento de Restauraciones, y resulta que tenemos el hospital, tenemos los enfermos, pero nos faltan los m\u00e9dicos\u201d. Agregando que su implementaci\u00f3n, \u201ces una necesidad, es fundamental. Eso le pido a la gente del gobierno y el municipio, que se concrete esto, necesitamos tener ese Departamento. Hay obras que llevan 4 o 5 meses de trabajo y este es el gran patrimonio que nos identifica en el mundo. Ya pasaron m\u00e1s de 284 escultores del mundo por nuestra ciudad, y dicen que esta es la mejor Bienal a cielo abierto, y yo les aseguro que es cierto\u201d.<\/p>\n<p>En su opini\u00f3n, \u201cla gente se involucra en esto. Los proyectos donde se involucra la poblaci\u00f3n son los que trascienden en el tiempo y.. \u00bfqui\u00e9n hubiera pensado que un artista hoy pueda vivir del arte? Por eso decimos que hay que tener objetivos claros\u201d.<\/p>\n<p>Habl\u00f3 de su experiencia en Par\u00eds, siendo joven, \u201chasta que apareci\u00f3 esto de hacer esculturas en la plaza. Esto de festejar el d\u00eda del escultor argentino y a Lola Mora, que es una de las grandes argentinas. Se fue su cuerpo pero su esencia y esp\u00edritu es lo que qued\u00f3. Mi legado es haber tomado esa decisi\u00f3n de volver a mi pa\u00eds, yo ten\u00eda una casa en Europa con vistas al Mediterr\u00e1neo pero decid\u00ed volver. Est\u00e1 demostrado que los pueblos trascienden a trav\u00e9s de la cultura, y \u00e9ste, el nuestro, va a trascender. Resistencia se perpetuar\u00e1 por las esculturas\u201d, afirma con vehemencia.<\/p>\n<p>Record\u00f3 tambi\u00e9n que \u201cson 646 esculturas emplazadas oficialmente y tambi\u00e9n hay otras expresiones art\u00edsticas. Estoy muy seguro que Resistencia va a ser una ciudad universal. Mientras afuera ponen rejas en las esculturas, como en Santa Fe o Buenos Aires, sin embargo, ac\u00e1, est\u00e1n en contacto con la gente. Dentro de 60 o 70 a\u00f1os esta ciudad va a ser muy visitada por eso\u201d.<\/p>\n<p>Por \u00faltimo, hizo saber que \u201cel jueves a las 20,30 en el Club Social vamos a hacer entrega de los premios. La Fundaci\u00f3n festeja haciendo la diplomatura y haciendo un concurso nacional de literatura; por eso los invitamos a acompa\u00f1ar a los visitantes. De los 6 premios, 4 son de afuera, y esta es una buena manera de festejar nuestros 30 a\u00f1os\u201d, concluy\u00f3 Fabriciano G\u00f3mez, maestro de escultores.<\/p>\n<p>&nbsp;<\/p>\n<p>Fuente:\u00a0<a href=\"http:\/\/www.chacodiapordia.com\/2019\/11\/19\/fabriciano-estoy-muy-seguro-que-resistencia-va-a-ser-una-ciudad-universal\/\" target=\"_blank\" rel=\"noopener\">http:\/\/www.chacodiapordia.com\/2019\/11\/19\/fabriciano-estoy-muy-seguro-que-resistencia-va-a-ser-una-ciudad-universal\/<\/a><\/p>\n","protected":false},"excerpt":{"rendered":"<p>Con motivo de la celebraci\u00f3n en Argentina del D\u00eda Nacional del Escultor y las Artes Pl\u00e1stica, en homenaje a Lola Mora, el reconocido artista chaque\u00f1o y l\u00edder de la Fundaci\u00f3n Urunday, visit\u00f3 CIUDAD TV. Habl\u00f3 de las Bienales de escultura, del turismo, del arte, y&#8230;<\/p>\n","protected":false},"author":3,"featured_media":7456,"comment_status":"closed","ping_status":"closed","sticky":false,"template":"","format":"standard","meta":{"footnotes":""},"categories":[6],"tags":[],"_links":{"self":[{"href":"https:\/\/www.bienaldelchaco.org\/2022\/wp-json\/wp\/v2\/posts\/7455"}],"collection":[{"href":"https:\/\/www.bienaldelchaco.org\/2022\/wp-json\/wp\/v2\/posts"}],"about":[{"href":"https:\/\/www.bienaldelchaco.org\/2022\/wp-json\/wp\/v2\/types\/post"}],"author":[{"embeddable":true,"href":"https:\/\/www.bienaldelchaco.org\/2022\/wp-json\/wp\/v2\/users\/3"}],"replies":[{"embeddable":true,"href":"https:\/\/www.bienaldelchaco.org\/2022\/wp-json\/wp\/v2\/comments?post=7455"}],"version-history":[{"count":2,"href":"https:\/\/www.bienaldelchaco.org\/2022\/wp-json\/wp\/v2\/posts\/7455\/revisions"}],"predecessor-version":[{"id":7459,"href":"https:\/\/www.bienaldelchaco.org\/2022\/wp-json\/wp\/v2\/posts\/7455\/revisions\/7459"}],"wp:featuredmedia":[{"embeddable":true,"href":"https:\/\/www.bienaldelchaco.org\/2022\/wp-json\/wp\/v2\/media\/7456"}],"wp:attachment":[{"href":"https:\/\/www.bienaldelchaco.org\/2022\/wp-json\/wp\/v2\/media?parent=7455"}],"wp:term":[{"taxonomy":"category","embeddable":true,"href":"https:\/\/www.bienaldelchaco.org\/2022\/wp-json\/wp\/v2\/categories?post=7455"},{"taxonomy":"post_tag","embeddable":true,"href":"https:\/\/www.bienaldelchaco.org\/2022\/wp-json\/wp\/v2\/tags?post=7455"}],"curies":[{"name":"wp","href":"https:\/\/api.w.org\/{rel}","templated":true}]}}