{"id":7485,"date":"2019-12-12T18:03:44","date_gmt":"2019-12-12T21:03:44","guid":{"rendered":"http:\/\/www.bienaldelchaco.org\/2022\/?p=7485"},"modified":"2019-12-12T18:03:44","modified_gmt":"2019-12-12T21:03:44","slug":"los-profesores-comparten-su-experiencia-internacional","status":"publish","type":"post","link":"https:\/\/www.bienaldelchaco.org\/2022\/los-profesores-comparten-su-experiencia-internacional\/","title":{"rendered":"&#8220;Los profesores comparten su experiencia internacional&#8221;"},"content":{"rendered":"<p>Alejandro P\u00e9rez es Licenciado en Artes Visuales egresado de la Facultad de Artes, Dise\u00f1o y Ciencias de la Cultura (Fadycc) de la UNNE. Particip\u00f3 durante un tiempo de la CoProAr (Comisi\u00f3n de Promoci\u00f3n Art\u00edstica), la antigua comisi\u00f3n encargada de colocar y restaurar las obras en la v\u00eda p\u00fablica, y actualmente se desempe\u00f1a como Jefe del Taller de Expresiones Art\u00edsticas Pl\u00e1sticas de la Escuela de Bellas Artes.<\/p>\n<p><!--more--><\/p>\n<p>&#8220;Esta Diplomatura en Conservaci\u00f3n y Restauraci\u00f3n me sirve para seguir creciendo en conocimientos con respecto a lo que es la restauraci\u00f3n en diferentes tipos de obras y espacios, y para ampliar mi formaci\u00f3n docente en ese campo y aplicarlo en mi espacio laboral. Adem\u00e1s me es sumamente provechoso al momento de tomar contacto con la obra de alg\u00fan colega o la m\u00eda propia, cuando necesitan alguna restauraci\u00f3n&#8221;, destac\u00f3.<\/p>\n<p>&#8220;El nivel de profesionales a cargo del dictado de la diplomatura es excelente. La mayor\u00eda son de Buenos Aires, algunos de Santa Fe, pero su experiencia es internacional y en muchos casos les toc\u00f3 intervenir en momentos clave de la historia de la humanidad. Fue el caso de la primera profesora que tuvimos, que estuvo cuatro a\u00f1os despu\u00e9s de la ca\u00edda de las Torres Gemelas, restaurando los escritos y fotograf\u00edas que dejaba la gente para buscar a sus familiares perdidos.&#8221;<\/p>\n","protected":false},"excerpt":{"rendered":"<p>Alejandro P\u00e9rez es Licenciado en Artes Visuales egresado de la Facultad de Artes, Dise\u00f1o y Ciencias de la Cultura (Fadycc) de la UNNE. Particip\u00f3 durante un tiempo de la CoProAr (Comisi\u00f3n de Promoci\u00f3n Art\u00edstica), la antigua comisi\u00f3n encargada de colocar y restaurar las obras en&#8230;<\/p>\n","protected":false},"author":3,"featured_media":7486,"comment_status":"closed","ping_status":"closed","sticky":false,"template":"","format":"standard","meta":{"footnotes":""},"categories":[6],"tags":[],"_links":{"self":[{"href":"https:\/\/www.bienaldelchaco.org\/2022\/wp-json\/wp\/v2\/posts\/7485"}],"collection":[{"href":"https:\/\/www.bienaldelchaco.org\/2022\/wp-json\/wp\/v2\/posts"}],"about":[{"href":"https:\/\/www.bienaldelchaco.org\/2022\/wp-json\/wp\/v2\/types\/post"}],"author":[{"embeddable":true,"href":"https:\/\/www.bienaldelchaco.org\/2022\/wp-json\/wp\/v2\/users\/3"}],"replies":[{"embeddable":true,"href":"https:\/\/www.bienaldelchaco.org\/2022\/wp-json\/wp\/v2\/comments?post=7485"}],"version-history":[{"count":1,"href":"https:\/\/www.bienaldelchaco.org\/2022\/wp-json\/wp\/v2\/posts\/7485\/revisions"}],"predecessor-version":[{"id":7487,"href":"https:\/\/www.bienaldelchaco.org\/2022\/wp-json\/wp\/v2\/posts\/7485\/revisions\/7487"}],"wp:featuredmedia":[{"embeddable":true,"href":"https:\/\/www.bienaldelchaco.org\/2022\/wp-json\/wp\/v2\/media\/7486"}],"wp:attachment":[{"href":"https:\/\/www.bienaldelchaco.org\/2022\/wp-json\/wp\/v2\/media?parent=7485"}],"wp:term":[{"taxonomy":"category","embeddable":true,"href":"https:\/\/www.bienaldelchaco.org\/2022\/wp-json\/wp\/v2\/categories?post=7485"},{"taxonomy":"post_tag","embeddable":true,"href":"https:\/\/www.bienaldelchaco.org\/2022\/wp-json\/wp\/v2\/tags?post=7485"}],"curies":[{"name":"wp","href":"https:\/\/api.w.org\/{rel}","templated":true}]}}