{"id":7757,"date":"2020-03-09T11:08:11","date_gmt":"2020-03-09T14:08:11","guid":{"rendered":"http:\/\/www.bienaldelchaco.org\/2022\/?p=7757"},"modified":"2020-03-09T11:11:28","modified_gmt":"2020-03-09T14:11:28","slug":"la-ciudad-de-resistencia-agasajo-a-escultores-locales-en-su-dia","status":"publish","type":"post","link":"https:\/\/www.bienaldelchaco.org\/2022\/la-ciudad-de-resistencia-agasajo-a-escultores-locales-en-su-dia\/","title":{"rendered":"La ciudad de Resistencia agasaj\u00f3 a escultores locales en su d\u00eda"},"content":{"rendered":"<p>El intendente Gustavo Mart\u00ednez recibi\u00f3 a numerosos artistas locales para agasajarlos en el marco del D\u00eda del Escultor y resaltar el rol clave que cumplen para que la ciudad de Resistencia siga vigente como la Capital Nacional de las Esculturas. Se trat\u00f3 de un encuentro ameno en el que el jefe comunal destac\u00f3 la tarea de los escultores y afirm\u00f3 que desde el gobierno de la Ciudad de Resistencia tendr\u00e1n permanente apoyo en sus iniciativas para crecer como artistas y sobre todo como personas.<\/p>\n<p><!--more--><\/p>\n<p>Mart\u00ednez asever\u00f3 que la capital chaque\u00f1a construy\u00f3 una marca a trav\u00e9s del talento de los escultores y de sus otros artistas. As\u00ed, ejemplific\u00f3 que cualquier resistenciano que se presenta en el resto del pa\u00eds se lo identifica con la Ciudad de las Esculturas. \u201cTenemos que resaltar esto y tambi\u00e9n nuestros vecinos lo tienen que conocer, porque sin lugar a dudas el escultor ha sido parte de la construcci\u00f3n de esta marca de la ciudad\u201d, subray\u00f3.<\/p>\n<p>Tambi\u00e9n mencion\u00f3 que este a\u00f1o se viene una nueva edici\u00f3n de la Bienal Internacional de Esculturas y se\u00f1al\u00f3 la necesidad de \u201cimpulsar y propiciar a nuestros ni\u00f1os, nuestros adolescentes a la participaci\u00f3n en el mundo del arte, que en todos sus g\u00e9neros es tan rico y de alguna manera cultiva tanto los valores de la persona\u201d.<\/p>\n<p>\u201cSiempre aquel que desarrolla alg\u00fan talento a trav\u00e9s del arte, en alguno de sus g\u00e9neros, realmente recibe el impacto en su condici\u00f3n de persona\u201d, expres\u00f3 para anunciar que la Comuna seguir\u00e1 reconociendo todos los a\u00f1os el rol que tienen los escultores en la construcci\u00f3n de la identidad de la Ciudad. \u201cResistencia necesita apoyar a aquellos que quieren salir adelante trabajando con su esfuerzo, con su talento, con su creatividad y con su inteligencia\u201d, sentenci\u00f3 ante todos los escultores presentes.<\/p>\n<p>&nbsp;<\/p>\n<p><strong>Las esculturas como faro de Resistencia<\/strong><\/p>\n<p>Instituido por la Sociedad Argentina de Escultores, cada 6 de marzo se celebra el D\u00eda del Escultor, fecha que recuerda el nacimiento de Miguel \u00c1ngel Buonarroti. En ese contexto, la Ciudad de Resistencia organiz\u00f3 un brindis con referentes con destacada trayectoria y tambi\u00e9n con artistas que hacen sus primeras experiencias.<\/p>\n<p>Al respecto, Fabriciano G\u00f3mez, titular de la Fundaci\u00f3n Urunday, que promovi\u00f3 los primeros concursos de escultura que evolucionaron al punto de constituir un evento trascendental que es la Bienal Internacional de Esculturas, sostuvo que es necesario brindar y celebrar esta fecha para \u201ctomar conciencia de que existimos, que estamos juntos. Sabemos de la situaci\u00f3n (econ\u00f3mica del pa\u00eds), pero no carguemos la mochila con piedras. Liberemos la mochila para poder ver el d\u00eda y que estamos parados. Tambi\u00e9n somos privilegiados en tantas cosas y esto lo digo por aquellos que no lo son\u201d. As\u00ed, agradeci\u00f3 el reconocimiento del Intendente y referenci\u00f3 que \u201csi tanto hablamos de la Ciudad de las Esculturas, \u00e9sta es una buena manera de brindar\u201d.<\/p>\n<p>Bajo esas premisas, el subsecretario de Cultura e Identidad Local, Marcelo Tissembaum, habl\u00f3 sobre la necesidad de homenajear a los escultores locales y aclar\u00f3 que \u201cResistencia, m\u00e1s all\u00e1 de que evidentemente tiene un ADN cultural muy significativo, encuentra en las esculturas una identidad muy potente. Nosotros somos la ciudad de las esculturas no solamente por lo que viene haciendo la Fundaci\u00f3n Urunday, que es tremendamente valioso, sino por lo que antes hicieron otros sectores de los hacedores culturales\u201d. As\u00ed, el funcionario mencion\u00f3 la labor de los hermanos Aldo y Efra\u00edn Boglietti en la d\u00e9cada del 60&#8242; de poner esculturas al aire libre, que gener\u00f3 hasta la actualidad una sensaci\u00f3n de pertenencia y de orgullo en los ciudadanos.<\/p>\n<p>\u201cNosotros nunca nos cansamos de decir que las esculturas terminan siendo un faro para el resto de segmentos sociales que queremos conquistar, porque a la ciudad la vamos a defender solamente si la sentimos propia. Y hay varios ejemplos: nosotros no vamos a ver esculturas vandalizadas. Es m\u00e1s, muchas esculturas est\u00e1n apoyadas en algunas bases de concreto, de mamposter\u00eda, y vemos que muchos chicos grafitean las bases, pero cuando llega el lugar de las esculturas terminan los aerosoles. Esto nos est\u00e1 indicando algo\u201d, acot\u00f3.<\/p>\n<p>&nbsp;<\/p>\n<p><strong>Una pasi\u00f3n sin edad<\/strong><\/p>\n<p>Entre los escultores presentes, la conocida artista Titina D\u00edaz Setuvi agradeci\u00f3 el reconocimiento organizado por el Intendente y expres\u00f3: \u201cQuiero que siga esto, conf\u00edo en Gustavo, lo apreci\u00f3 much\u00edsimo y s\u00e9 que va a estar con los artistas siempre\u201d. As\u00ed, anhel\u00f3 que \u201csiempre estemos juntos, que siempre salgamos adelante con nuestras creaciones y que siempre brindemos como lo hacemos hoy\u201d.<\/p>\n<p>Setuvi es maestra de artes visuales y cont\u00f3 que hace 10 a\u00f1os se dedica a hacer una t\u00e9cnica \u201cmuy linda que me atrap\u00f3 la vida\u201d, que es la vitrofusi\u00f3n. \u201cEs mi pasi\u00f3n y a esta edad que nos jubilamos en Bellas Artes creo que encontr\u00e9 lo m\u00e1s lindo\u201d, dijo de manera efusiva.<\/p>\n<p>Por otra parte, Lautaro Gonz\u00e1lez, un joven de solo 12 a\u00f1os, tuvo el gran gesto de regalarle al Intendente su obra de arte llamada \u201cEl b\u00faho del tiempo\u201d. Dicho artista que comienza a recorrer un camino lleno de sorpresas relat\u00f3 que ya a los cuatro a\u00f1os hizo sus primeras esculturas en barro y que a partir de entonces incursion\u00f3 en la creaci\u00f3n de esculturas en papel, madera y cer\u00e1mica, entre otros materiales.<\/p>\n<p>&nbsp;<\/p>\n<p>Fuente:\u00a0<a href=\"http:\/\/www.chacohoy.com\/noticias\/view\/221170\" target=\"_blank\" rel=\"noopener\">http:\/\/www.chacohoy.com\/noticias\/view\/221170<\/a><\/p>\n","protected":false},"excerpt":{"rendered":"<p>El intendente Gustavo Mart\u00ednez recibi\u00f3 a numerosos artistas locales para agasajarlos en el marco del D\u00eda del Escultor y resaltar el rol clave que cumplen para que la ciudad de Resistencia siga vigente como la Capital Nacional de las Esculturas. Se trat\u00f3 de un encuentro&#8230;<\/p>\n","protected":false},"author":3,"featured_media":7758,"comment_status":"closed","ping_status":"closed","sticky":false,"template":"","format":"standard","meta":{"footnotes":""},"categories":[6],"tags":[],"_links":{"self":[{"href":"https:\/\/www.bienaldelchaco.org\/2022\/wp-json\/wp\/v2\/posts\/7757"}],"collection":[{"href":"https:\/\/www.bienaldelchaco.org\/2022\/wp-json\/wp\/v2\/posts"}],"about":[{"href":"https:\/\/www.bienaldelchaco.org\/2022\/wp-json\/wp\/v2\/types\/post"}],"author":[{"embeddable":true,"href":"https:\/\/www.bienaldelchaco.org\/2022\/wp-json\/wp\/v2\/users\/3"}],"replies":[{"embeddable":true,"href":"https:\/\/www.bienaldelchaco.org\/2022\/wp-json\/wp\/v2\/comments?post=7757"}],"version-history":[{"count":2,"href":"https:\/\/www.bienaldelchaco.org\/2022\/wp-json\/wp\/v2\/posts\/7757\/revisions"}],"predecessor-version":[{"id":7760,"href":"https:\/\/www.bienaldelchaco.org\/2022\/wp-json\/wp\/v2\/posts\/7757\/revisions\/7760"}],"wp:featuredmedia":[{"embeddable":true,"href":"https:\/\/www.bienaldelchaco.org\/2022\/wp-json\/wp\/v2\/media\/7758"}],"wp:attachment":[{"href":"https:\/\/www.bienaldelchaco.org\/2022\/wp-json\/wp\/v2\/media?parent=7757"}],"wp:term":[{"taxonomy":"category","embeddable":true,"href":"https:\/\/www.bienaldelchaco.org\/2022\/wp-json\/wp\/v2\/categories?post=7757"},{"taxonomy":"post_tag","embeddable":true,"href":"https:\/\/www.bienaldelchaco.org\/2022\/wp-json\/wp\/v2\/tags?post=7757"}],"curies":[{"name":"wp","href":"https:\/\/api.w.org\/{rel}","templated":true}]}}