{"id":7926,"date":"2021-03-06T16:31:58","date_gmt":"2021-03-06T19:31:58","guid":{"rendered":"http:\/\/www.bienaldelchaco.org\/2022\/?p=7926"},"modified":"2021-03-06T16:50:28","modified_gmt":"2021-03-06T19:50:28","slug":"dia-internacional-del-escultor","status":"publish","type":"post","link":"https:\/\/www.bienaldelchaco.org\/2022\/dia-internacional-del-escultor\/","title":{"rendered":"D\u00eda Internacional del Escultor"},"content":{"rendered":"<div class=\"item is-12 mnp\">\n<div class=\"articulo__intro\">\n<div class=\"lead\">Se recuerda a nivel mundial el natalicio de Miguel \u00c1ngel Buonarroti, uno de los mayores representantes del Renacimiento. En Chaco, capital de las esculturas, se realiza una de las bienales m\u00e1s importantes a cielo abierto. Dos artistas referentes hablan sobre su oficio, su obra y c\u00f3mo es vivir en una ciudad con m\u00e1s de 600 esculturas en sus calles.<\/div>\n<\/div>\n<\/div>\n<div class=\"item articulo__main\">\n<div class=\"articulo__media\">\n<div class=\"galeria\">\n<div class=\"media\"><\/div>\n<\/div>\n<\/div>\n<\/div>\n<p><!--more--><\/p>\n<div class=\"center large m_image\">\n<p>El\u00a0<strong>6 de marzo se celebra el D\u00eda Internacional del Escultor<\/strong>\u00a0en conmemoraci\u00f3n del nacimiento de\u00a0<strong>Miguel \u00c1ngel Buonarroti<\/strong>, quien naci\u00f3 en 1475 en la ciudad italiana de Caprese.\u00a0<strong>Mundialmente conocido bajo el nombre de Miguel \u00c1ngel<\/strong>, fue arquitecto, pintor, escultor y poeta, y desarroll\u00f3 su labor art\u00edstica a lo largo de m\u00e1s de setenta a\u00f1os entre Florencia y Roma.<\/p>\n<p><strong>El perfeccionismo marc\u00f3 toda su obra y la escultura fue su actividad predilecta<\/strong>. Luego, continu\u00f3 con la pintura y alcanz\u00f3 su m\u00e1ximo esplendor con la excepcional creaci\u00f3n en los techos de la Capilla Sixtina. Tambi\u00e9n realiz\u00f3 distintos proyectos arquitect\u00f3nicos.<\/p>\n<\/div>\n<p><img loading=\"lazy\" decoding=\"async\" class=\"size-full wp-image-7930 aligncenter\" src=\"http:\/\/www.bienaldelchaco.org\/2022\/wp-content\/uploads\/2021\/03\/miguel-angel-679x1024.jpg\" alt=\"\" width=\"679\" height=\"1024\" srcset=\"https:\/\/www.bienaldelchaco.org\/2022\/wp-content\/uploads\/2021\/03\/miguel-angel-679x1024.jpg 679w, https:\/\/www.bienaldelchaco.org\/2022\/wp-content\/uploads\/2021\/03\/miguel-angel-679x1024-199x300.jpg 199w\" sizes=\"(max-width: 679px) 100vw, 679px\" \/><\/p>\n<p style=\"text-align: center; font-size: 12px;\"><strong>David, una de las obras m\u00e1s famosas de Miguel \u00c1ngel, se encuentra expuesta en Florencia, Italia.<\/strong><\/p>\n<p>&nbsp;<\/p>\n<h3><strong>Resistencia, la ciudad de las esculturas<\/strong><\/h3>\n<p><strong>En Resistencia, capital de la provincia del Chaco, se respira arte por sus calles<\/strong>\u00a0y solo basta transitarla un poco para darse cuenta de que el t\u00edtulo de\u00a0<strong>&#8220;Ciudad de las esculturas&#8221;<\/strong>\u00a0lo tiene muy bien ganado.\u00a0<strong>Desde hace m\u00e1s de tres d\u00e9cadas, se lleva a cabo durante julio la Bienal Internacional de Chaco<\/strong>, considerada\u00a0<strong>una de las m\u00e1s valiosas a nivel mundial a cielo abierto<\/strong>, y\u00a0<strong>en sus calles se pueden apreciar m\u00e1s de seiscientas obras<\/strong>, surgidas de estos encuentros, y con la firma de prestigiosos artistas nacionales y del exterior.<\/p>\n<p><img decoding=\"async\" class=\"aligncenter\" src=\"http:\/\/www.bienaldelchaco.org\/2022\/wp-content\/uploads\/2021\/03\/dsc2488.jpg\" alt=\"\" \/><\/p>\n<p style=\"text-align: center; font-size: 12px;\"><strong>En Resistencia, las m\u00e1s de 600 esculturas que hay en sus calles, se entremezclan con el paisaje y su gente.<\/strong><\/p>\n<p>&nbsp;<\/p>\n<p>&nbsp;<\/p>\n<p><strong>La Bienal de Chaco se realiza desde 1988<\/strong>. Es un concurso organizado por la\u00a0<a href=\"http:\/\/www.fundacionurunday.org\/\" target=\"_blank\" rel=\"noopener\">Fundaci\u00f3n Urunday<\/a>\u00a0y el Gobierno Provincial. En cada edici\u00f3n, entre diez y quince artistas del \u00e1mbito regional, nacional e internacional son seleccionados, teniendo en cuenta su participaci\u00f3n en este u otros cert\u00e1menes previos. Durante el plazo de una semana, deben realizar su obra al aire libre y a la vista de los visitantes. Al finalizar la semana, el s\u00e1bado por la noche, se lleva a cabo una ceremonia de clausura, con su correspondiente entrega de premios.<\/p>\n<p>&nbsp;<\/p>\n<p><img decoding=\"async\" class=\"aligncenter\" src=\"http:\/\/www.bienaldelchaco.org\/2022\/wp-content\/uploads\/2021\/03\/captura_de_pantalla_2021-03-04_a_las_15.05.24.png\" alt=\"\" \/><\/p>\n<p style=\"text-align: center; font-size: 12px;\"><strong>Afiche de la Bienal Internacional de Chaco 2022.<\/strong><\/p>\n<p>&nbsp;<\/p>\n<p>Al finalizar el concurso, las obras son expuestas durante 60 d\u00edas. Luego de este tiempo, son repartidas en distintos puntos de la ciudad bajo el t\u00edtulo de Patrimonio Cultural de la Ciudad de las Esculturas. Las obras quedan en la ciudad y para la ciudad, lo que la transforma en una vidriera del arte y la cultura, modelo a nivel nacional e internacional.<\/p>\n<p>A causa de la pandemia del Coronavirus, la Bienal 2020 debi\u00f3 ser suspendida y se realizar\u00e1 del 16 al 22 de julio de 2022, en Resistencia.<\/p>\n<p>Dos escultores chaque\u00f1os, referentes de la nueva generaci\u00f3n de artistas escultores, comparten sus inicios, obras y pr\u00f3ximos desaf\u00edos:<\/p>\n<p>&nbsp;<\/p>\n<h3><strong>Ana Mar\u00eda Medina, escultora:<\/strong><\/h3>\n<p>&nbsp;<\/p>\n<h3>-\u00bfC\u00f3mo lleg\u00f3 la escultura a tu vida? \u00bfFue tu primera elecci\u00f3n o hubo un paso previo por otras disciplinas?<\/h3>\n<p>-La escultura lleg\u00f3 a mi vida desde muy peque\u00f1a, ya que a los 8 a\u00f1os me encantaba modelar con cualquier material flexible, ya sea barro, plastilina, masas, etc. Me encantaba, aparte de pintar y dibujar la tridimensi\u00f3n m\u00e1s que nada. Por supuesto, de estudiante en la materia que me destacaba era en artes pl\u00e1sticas. No fue la primera opci\u00f3n que tuve, ya que al terminar los estudios secundarios ingres\u00e9 a la carrera de Arquitectura y estudi\u00e9 durante tres a\u00f1os. Me ayud\u00f3 tambi\u00e9n a decidirme que lo que realmente me gustaba eran las artes pl\u00e1sticas.<\/p>\n<p><img decoding=\"async\" class=\"aligncenter\" src=\"http:\/\/www.bienaldelchaco.org\/2022\/wp-content\/uploads\/2021\/03\/sdc11254.jpg\" alt=\"\" \/><\/p>\n<p style=\"text-align: center; font-size: 12px;\"><strong>Ana Mar\u00eda Medina trabajando en madera, uno de sus materiales preferidos a la hora de crear.<\/strong><\/p>\n<p>&nbsp;<\/p>\n<h3>-\u00bfQuienes fueron\/son tus referentes?<\/h3>\n<p>-Mi inspiraci\u00f3n fue Henry Moore, y no debo dejar de nombrar a dos grandes profesores que tuve en mi formaci\u00f3n: Graciela Ojeda y Humberto G\u00f3mez Lollo.<\/p>\n<h3>-\u00bfC\u00f3mo defin\u00eds tu trabajo y estilo y cu\u00e1l es el material que prefer\u00eds a la hora de crear?<\/h3>\n<p>-Mi estilo es m\u00e1s bien abstracto con muchas aristas bien marcadas, planos definidos y sobre todo espacios muy abiertos, me encanta trabajar la madera.<\/p>\n<h3>-\u00bfC\u00f3mo es vivir en Resistencia, una ciudad que es sede de una de las bienales de escultura al aire libre m\u00e1s importantse del mundo?<\/h3>\n<p>-Vivir en Resistencia es un placer en lo que se refiere al arte. Antes de la pandemia siempre se disfrutaba de variadas exposiciones, y la experiencia m\u00e1s linda es trabajar en la Bienal Internacional de Esculturas, la cual se realiza en Resistencia cada dos a\u00f1os en julio.<\/p>\n<h3>-\u00bfCu\u00e1l es tu mayor desaf\u00edo como artista?<\/h3>\n<p>-Tuve muchos desaf\u00edos y gracias a Dios los he logrado. Por ejemplo, realizar una escultura a cielo abierto ante el p\u00fablico en una semana y con un tronco de casi 2 metros por 70 cm de di\u00e1metro. En estos concursos y\/o encuentros he participado en nueve oportunidades. Mi mayor desaf\u00edo actual es poder realizar esculturas en pa\u00edses donde no se suele ver este tipo de arte a cielo abierto.<\/p>\n<p><img decoding=\"async\" class=\"aligncenter\" src=\"http:\/\/www.bienaldelchaco.org\/2022\/wp-content\/uploads\/2021\/03\/sdc14206.jpg\" alt=\"\" \/><\/p>\n<p style=\"text-align: center; font-size: 12px;\"><strong>La escultora chaque\u00f1a, junto a una de sus obras terminadas.<\/strong><\/p>\n<p>&nbsp;<\/p>\n<p>&nbsp;<\/p>\n<h3><strong>Manuel Campo, escultor:<\/strong><\/h3>\n<p>&nbsp;<\/p>\n<h3>-\u00bfC\u00f3mo lleg\u00f3 la escultura a tu vida? \u00bfFue tu primera elecci\u00f3n o hubo un paso por otras disciplinas antes?<\/h3>\n<p>-El arte llega a mi vida desde muy peque\u00f1o. Cuando ni\u00f1o y paseaba por las calles de Resistencia sent\u00eda curiosidad y, al mismo tiempo, fascinaci\u00f3n por las esculturas que ve\u00eda al pasar, mis ojos y mis manos se inquietaban. Ya en la escuela primaria, empec\u00e9 a sentirme muy atra\u00eddo por el dibujo. Mis padres, al ver tanto inter\u00e9s, hablaron con mi maestra de aquel momento y ella sugiri\u00f3 que me inscribieran en la Academia de Bellas Artes de la ciudad de Resistencia. As\u00ed que, a partir de los doce a\u00f1os, me incorpor\u00e9 como estudiante en la Academia de Bellas Artes. Curs\u00e9 en simult\u00e1neo la escuela secundaria. Es en esta etapa en que tomo contacto directo con la escultura de la mano del escultor Fabriciano. A partir de all\u00ed, mi relaci\u00f3n con la escultura ser\u00e1 intensa. A lo largo del tiempo hubo idas y vueltas por razones de vida personal y laboral, que hicieron que en la adultez culmine la carrera de maestro en artes visuales. Sin embargo, el trabajo con la escultura se mantuvo activo y sigue vivo con la fuerza de una pasi\u00f3n.<\/p>\n<p><img decoding=\"async\" class=\"aligncenter\" src=\"http:\/\/www.bienaldelchaco.org\/2022\/wp-content\/uploads\/2021\/03\/whatsapp_image_2021-03-04_at_20.59.41-2.jpeg\" alt=\"\" \/><\/p>\n<p style=\"text-align: center; font-size: 12px;\"><strong>Manuel Campo trabajando en su taller.<\/strong><\/p>\n<p>&nbsp;<\/p>\n<h3>-\u00bfQui\u00e9nes fueron\/son tus referentes?<\/h3>\n<p>-Nuestra provincia tiene una tradici\u00f3n escult\u00f3rica muy destacada. Por nombrar solo algunos, Juan de Dios Mena o Crisanto Dom\u00ednguez fueron notables escultores de la regi\u00f3n. Sin embargo, a la hora de pensar en un referente pienso en el escultor Fabriciano, ya que reconozco su impronta en mi formaci\u00f3n. Adem\u00e1s, supo y sabe transmitir esa pasi\u00f3n por la escultura que traspasa cualquier frontera y nos conecta para trabajar con la mayor intensidad. En 1988 comenzaron los concursos al aire libre en la Plaza 25 de Mayo de la ciudad de Resistencia; a partir de all\u00ed comienza un movimiento impresionante de la escultura, empresa colectiva que desborda la provincia del Chaco y se expande a otras provincias argentinas. El movimiento escult\u00f3rico crea un abanico de posibilidades de trabajo, encuentro y expansi\u00f3n creativa abriendo el camino a espacios internacionales. En 1990 se cre\u00f3 la Asociaci\u00f3n de Escultores Chaque\u00f1os, donde se convive con grandes referentes de nuestro Chaco y participamos en exposiciones colectivas y en la organizaci\u00f3n de concursos en forma permanente hasta el presente.<\/p>\n<h3>-\u00bfC\u00f3mo defin\u00eds tu trabajo y estilo y cu\u00e1l es el material que prefer\u00eds a la hora de crear?<\/h3>\n<p>-Veo y siento que mi trabajo fue pasando por distintas etapas, a trav\u00e9s de tantos a\u00f1os de actividad. Durante la primera etapa, domin\u00f3 la figuraci\u00f3n. Luego, fui lentamente buscando simplificar las formas y mezclando materiales. Despu\u00e9s me surge una \u00e9poca cuando mis trabajos se configuran desde una matriz totalmente abstracta. Actualmente, me hallo explorando la plasticidad de las l\u00edneas en el espacio mediante la abstracci\u00f3n. Siento especial predilecci\u00f3n por la madera, tambi\u00e9n el m\u00e1rmol me seduce, aunque en nuestra zona resulta m\u00e1s accesible el primero; es decir, la madera. El material para m\u00ed representa un desaf\u00edo, una provocaci\u00f3n para llevarlo al m\u00e1ximo de su esplendor.<\/p>\n<p><img decoding=\"async\" class=\"aligncenter\" src=\"http:\/\/www.bienaldelchaco.org\/2022\/wp-content\/uploads\/2021\/03\/monumento_del_bicentenario_gloriosa_nacion.jpg\" alt=\"\" \/><\/p>\n<p style=\"text-align: center; font-size: 12px;\"><strong>Obra de Manuel Campo, emplazada en el Parque de la Democracia en la ciudad de Resistencia.<\/strong><\/p>\n<p>&nbsp;<\/p>\n<h3>-\u00bfC\u00f3mo es vivir en Resistencia, una ciudad que es sede de una de las bienales de escultura al aire libre m\u00e1s importantes del mundo?<\/h3>\n<p>-Es conectarse con un universo de formas creadas por artistas de distintas latitudes, en cada calle de la ciudad una escultura asoma, cada una es una invitaci\u00f3n al disfrute, a la emoci\u00f3n, ninguna me deja indiferente, la conmoci\u00f3n siempre est\u00e1 presente. Cada vez que paso al lado de ellas, me dicen algo, la perspectiva a veces cambia y se muestran con otro cariz. El vivir en la ciudad de Resistencia es un plus que nos exige cada d\u00eda m\u00e1s superaci\u00f3n, para seguir apostando a que este gran movimiento cultural perdure y se enriquezca en el tiempo, que la llama siga viva.<\/p>\n<h3>-\u00bfCu\u00e1l es tu mayor desaf\u00edo como artista?<\/h3>\n<p>-El poder seguir trabajando d\u00eda a d\u00eda y superar los materiales y la imaginaci\u00f3n son los desaf\u00edos que se me imponen. Del trabajo constante surge el oficio y viene la creaci\u00f3n. Mmientras tanto, trabajo y m\u00e1s trabajo y si, adem\u00e1s, surge la posibilidad de representar a la Argentina en alg\u00fan evento Internacional me sentir\u00eda sumamente honrado.<\/p>\n<p>&nbsp;<\/p>\n<p>Fuente:\u00a0\u00a0<a href=\"https:\/\/www.cultura.gob.ar\/dia-internacional-del-escultor-10209\/\" target=\"_blank\" rel=\"noopener\">https:\/\/www.cultura.gob.ar\/dia-internacional-del-escultor-10209\/<\/a><\/p>\n<p>&nbsp;<\/p>\n","protected":false},"excerpt":{"rendered":"<p>Se recuerda a nivel mundial el natalicio de Miguel \u00c1ngel Buonarroti, uno de los mayores representantes del Renacimiento. En Chaco, capital de las esculturas, se realiza una de las bienales m\u00e1s importantes a cielo abierto. Dos artistas referentes hablan sobre su oficio, su obra y&#8230;<\/p>\n","protected":false},"author":3,"featured_media":7927,"comment_status":"closed","ping_status":"closed","sticky":false,"template":"","format":"standard","meta":{"footnotes":""},"categories":[6],"tags":[],"_links":{"self":[{"href":"https:\/\/www.bienaldelchaco.org\/2022\/wp-json\/wp\/v2\/posts\/7926"}],"collection":[{"href":"https:\/\/www.bienaldelchaco.org\/2022\/wp-json\/wp\/v2\/posts"}],"about":[{"href":"https:\/\/www.bienaldelchaco.org\/2022\/wp-json\/wp\/v2\/types\/post"}],"author":[{"embeddable":true,"href":"https:\/\/www.bienaldelchaco.org\/2022\/wp-json\/wp\/v2\/users\/3"}],"replies":[{"embeddable":true,"href":"https:\/\/www.bienaldelchaco.org\/2022\/wp-json\/wp\/v2\/comments?post=7926"}],"version-history":[{"count":7,"href":"https:\/\/www.bienaldelchaco.org\/2022\/wp-json\/wp\/v2\/posts\/7926\/revisions"}],"predecessor-version":[{"id":7941,"href":"https:\/\/www.bienaldelchaco.org\/2022\/wp-json\/wp\/v2\/posts\/7926\/revisions\/7941"}],"wp:featuredmedia":[{"embeddable":true,"href":"https:\/\/www.bienaldelchaco.org\/2022\/wp-json\/wp\/v2\/media\/7927"}],"wp:attachment":[{"href":"https:\/\/www.bienaldelchaco.org\/2022\/wp-json\/wp\/v2\/media?parent=7926"}],"wp:term":[{"taxonomy":"category","embeddable":true,"href":"https:\/\/www.bienaldelchaco.org\/2022\/wp-json\/wp\/v2\/categories?post=7926"},{"taxonomy":"post_tag","embeddable":true,"href":"https:\/\/www.bienaldelchaco.org\/2022\/wp-json\/wp\/v2\/tags?post=7926"}],"curies":[{"name":"wp","href":"https:\/\/api.w.org\/{rel}","templated":true}]}}