{"id":7945,"date":"2021-03-15T10:27:22","date_gmt":"2021-03-15T13:27:22","guid":{"rendered":"http:\/\/www.bienaldelchaco.org\/2022\/?p=7945"},"modified":"2021-03-15T10:29:49","modified_gmt":"2021-03-15T13:29:49","slug":"se-emplazo-la-escultura-648","status":"publish","type":"post","link":"https:\/\/www.bienaldelchaco.org\/2022\/se-emplazo-la-escultura-648\/","title":{"rendered":"Se emplaz\u00f3 la escultura 648"},"content":{"rendered":"<p>En el marco del Primer aniversario desde el inicio de esta pandemia y en conmemoraci\u00f3n de las v\u00edctimas del COVID 19, la Fundaci\u00f3n Urunday, presidida por Fabriciano y Mimo Eidman, don\u00f3 al pueblo chaque\u00f1o una escultura en metal, de la escultora pampeana Vechy Logioio, y fue emplazada en el Parque de la Democracia.<\/p>\n<div class=\"item articulo__main\">\n<div class=\"articulo__media\">\n<div class=\"galeria\">\n<div class=\"media\"><\/div>\n<\/div>\n<\/div>\n<\/div>\n<p><!--more--><\/p>\n<p style=\"font-weight: 400;\">El Instituto de Cultura del Chaco, presidido por Mariela Quir\u00f3s, acompa\u00f1a esta conmemoraci\u00f3n por las v\u00edctimas del Covid 19, con la actuaci\u00f3n del Coro Qom Chelaalap\u00ed y el Ballet Contempor\u00e1neo del Chaco. Para este homenaje tan sentido, se unen el Coro Qom Chelaalap\u00ed, dirigido por Claudio Largo y el Ballet Contempor\u00e1neo del Chaco, bajo la direcci\u00f3n de Mariela Alarc\u00f3n. En una filmaci\u00f3n, grabada para este fin, veremos a estos elencos estables del Instituto de Cultura, en el que realizar\u00e1n unos cantos y danzas ancestrales, que hablan de las despedidas a sus seres queridos, a sus luceros que los cuidan desde arriba y que les piden que los bendiga, as\u00ed como una madre a sus hijos. Esas estrellas que, desde el cielo, siempre los protegen e iluminan, hasta el momento que vuelvan a reunirse.<\/p>\n<p style=\"font-weight: 400;\">Los temas interpretados son Chiishole, por Griselda Morales, quien es acompa\u00f1ada por las bailarinas Daiana Soto y Roc\u00edo Barreto Mercado. Esta canci\u00f3n, Chiishi (lucero) es un canto de bendici\u00f3n, en donde se le pide a la mujer estrella que guie sus pasos. Y la otra canci\u00f3n, Cherole, &#8220;Mam\u00e1, madre&#8221; cuenta y canta la historia de las mujeres madres, trabajadoras incansables, seres celestiales que bajaron de las estrellas. Este \u00faltimo canto, est\u00e1 a cargo del ensamble de voces del Coro Qom Chelaalap\u00ed, integrado por Claudio Largo, Horacio Toledo, Elvio Mansilla, Pablo Mansilla, Omar Toledo, Rom\u00e1n G\u00f3mez y Diego Castro, junto al bailar\u00edn Mart\u00edn Candia.<\/p>\n<p>&nbsp;<\/p>\n<p><img loading=\"lazy\" decoding=\"async\" class=\"size-full wp-image-7947 aligncenter\" src=\"http:\/\/www.bienaldelchaco.org\/2022\/wp-content\/uploads\/2021\/03\/PHOTO-2021-03-13-08-28-03.jpg\" alt=\"\" width=\"768\" height=\"1024\" srcset=\"https:\/\/www.bienaldelchaco.org\/2022\/wp-content\/uploads\/2021\/03\/PHOTO-2021-03-13-08-28-03.jpg 768w, https:\/\/www.bienaldelchaco.org\/2022\/wp-content\/uploads\/2021\/03\/PHOTO-2021-03-13-08-28-03-225x300.jpg 225w, https:\/\/www.bienaldelchaco.org\/2022\/wp-content\/uploads\/2021\/03\/PHOTO-2021-03-13-08-28-03-600x800.jpg 600w, https:\/\/www.bienaldelchaco.org\/2022\/wp-content\/uploads\/2021\/03\/PHOTO-2021-03-13-08-28-03-700x933.jpg 700w\" sizes=\"(max-width: 768px) 100vw, 768px\" \/><\/p>\n","protected":false},"excerpt":{"rendered":"<p>En el marco del Primer aniversario desde el inicio de esta pandemia y en conmemoraci\u00f3n de las v\u00edctimas del COVID 19, la Fundaci\u00f3n Urunday, presidida por Fabriciano y Mimo Eidman, don\u00f3 al pueblo chaque\u00f1o una escultura en metal, de la escultora pampeana Vechy Logioio, y&#8230;<\/p>\n","protected":false},"author":3,"featured_media":7948,"comment_status":"closed","ping_status":"closed","sticky":false,"template":"","format":"standard","meta":{"footnotes":""},"categories":[6],"tags":[],"_links":{"self":[{"href":"https:\/\/www.bienaldelchaco.org\/2022\/wp-json\/wp\/v2\/posts\/7945"}],"collection":[{"href":"https:\/\/www.bienaldelchaco.org\/2022\/wp-json\/wp\/v2\/posts"}],"about":[{"href":"https:\/\/www.bienaldelchaco.org\/2022\/wp-json\/wp\/v2\/types\/post"}],"author":[{"embeddable":true,"href":"https:\/\/www.bienaldelchaco.org\/2022\/wp-json\/wp\/v2\/users\/3"}],"replies":[{"embeddable":true,"href":"https:\/\/www.bienaldelchaco.org\/2022\/wp-json\/wp\/v2\/comments?post=7945"}],"version-history":[{"count":3,"href":"https:\/\/www.bienaldelchaco.org\/2022\/wp-json\/wp\/v2\/posts\/7945\/revisions"}],"predecessor-version":[{"id":7951,"href":"https:\/\/www.bienaldelchaco.org\/2022\/wp-json\/wp\/v2\/posts\/7945\/revisions\/7951"}],"wp:featuredmedia":[{"embeddable":true,"href":"https:\/\/www.bienaldelchaco.org\/2022\/wp-json\/wp\/v2\/media\/7948"}],"wp:attachment":[{"href":"https:\/\/www.bienaldelchaco.org\/2022\/wp-json\/wp\/v2\/media?parent=7945"}],"wp:term":[{"taxonomy":"category","embeddable":true,"href":"https:\/\/www.bienaldelchaco.org\/2022\/wp-json\/wp\/v2\/categories?post=7945"},{"taxonomy":"post_tag","embeddable":true,"href":"https:\/\/www.bienaldelchaco.org\/2022\/wp-json\/wp\/v2\/tags?post=7945"}],"curies":[{"name":"wp","href":"https:\/\/api.w.org\/{rel}","templated":true}]}}