{"id":8110,"date":"2021-09-12T18:02:04","date_gmt":"2021-09-12T21:02:04","guid":{"rendered":"http:\/\/www.bienaldelchaco.org\/2022\/?p=8110"},"modified":"2021-09-12T18:05:41","modified_gmt":"2021-09-12T21:05:41","slug":"fabriciano-gomez-esculpio-su-vida-transformo-la-cultura-y-se-hizo-arte","status":"publish","type":"post","link":"https:\/\/www.bienaldelchaco.org\/2022\/fabriciano-gomez-esculpio-su-vida-transformo-la-cultura-y-se-hizo-arte\/","title":{"rendered":"Fabriciano G\u00f3mez: esculpi\u00f3 su vida, transform\u00f3 la cultura y se hizo arte"},"content":{"rendered":"<div class=\"col-md-12 col-sm-12\">\n<div class=\"col-md-12\">\n<div>\n<p>\u201cAh\u00ed la vamos llevando. Pero con la claridad de que Fabri quisiera que se contin\u00fae con su legado\u201d, contesta Jos\u00e9 Eidman, hijo de Mimo, y quien acompa\u00f1\u00f3 hasta el \u00faltimo momento a Fabriciano, ante la pregunta de c\u00f3mo estaban llevando el proceso dif\u00edcil. La p\u00e9rdida de cualquier ser querido duele y cuesta, pero pareciera que las muertes de seres de luz como lo era Fabriciano, y tan importante para la cultura y la historia de una provincia, cuesta un poco m\u00e1s.<\/p>\n<\/div>\n<\/div>\n<\/div>\n<p><!--more--><\/p>\n<div class=\"wpb_text_column wpb_content_element \">\n<div class=\"wpb_wrapper\">\n<p>Sobre c\u00f3mo continuar\u00e1 la Fundaci\u00f3n Urunday, Jos\u00e9 se explica: \u201cLa Fundaci\u00f3n Urunday tiene su comisi\u00f3n directiva y vamos a tener que reunirnos para definir qui\u00e9n ocupar\u00e1 la presidencia. La organizaci\u00f3n de la Bienal y los procesos del Departamento de conservaci\u00f3n, restauraci\u00f3n y emplazamientos est\u00e1n formalizados en manuales de gesti\u00f3n certificado con Normas ISO, por lo que no hay problemas para seguir con las actividades. Nos queda nada m\u00e1s ni nada menos que encontrar c\u00f3mo darle a todo esto la cuota m\u00e1gica que aportaba el Fabri\u201d.<\/p>\n[vc_separator type=&#8217;transparent&#8217; position=&#8217;center&#8217; color=&#8221; thickness=&#8221; up=&#8217;40&#8217; down=&#8221;]\n<p><strong>FABRICIANO, EL PAN DE LA ESCULTURA<\/strong><\/p>\n<p>En la madrugada del 8 de septiembre de 2021, Fabriciano se hizo luz. Cuando parten los amores, queda un vac\u00edo insoportable; quedan fantasmas (como que todav\u00eda la figura se resiste a desaparecer). A manera de r\u00e1fagas, de visi\u00f3n, se cuela en silueta, en halo, aquel que ya no est\u00e1 entre nosotros&#8230;<\/p>\n<p>Dichosos los artistas que m\u00e1s all\u00e1 de la permanencia espiritual, la presencia imborrable en el coraz\u00f3n de sus queridos y cercanos dejan su rastro visible, su \u201cmaterialidad\u201d en la obra.<br \/>\nY la obra de Fabriciano G\u00f3mez, copiosa en la ciudad de Resistencia, es un habitante vital y omnipresente. \u00c9l \u201ces\u201d su escultura, all\u00ed est\u00e1, all\u00ed lo vemos.<\/p>\n<div class=\"left medium m_image\" style=\"text-align: center;\">\n<figure><picture><source srcset=\"https:\/\/www.diarionorte.com\/content\/bucket\/4\/270594w385h320c.jpg\" media=\"(min-width: 1200px)\" \/><source srcset=\"https:\/\/www.diarionorte.com\/content\/bucket\/4\/270594w300h240c.jpg\" media=\"(min-width: 960px)\" \/><source srcset=\"https:\/\/www.diarionorte.com\/content\/bucket\/4\/270594w345h300c.jpg\" media=\"(min-width: 640px)\" \/><\/picture><img loading=\"lazy\" decoding=\"async\" class=\"size-full wp-image-8112 aligncenter\" src=\"http:\/\/www.bienaldelchaco.org\/2022\/wp-content\/uploads\/2021\/09\/270594w385h320c.jpg\" alt=\"\" width=\"385\" height=\"320\" srcset=\"https:\/\/www.bienaldelchaco.org\/2022\/wp-content\/uploads\/2021\/09\/270594w385h320c.jpg 385w, https:\/\/www.bienaldelchaco.org\/2022\/wp-content\/uploads\/2021\/09\/270594w385h320c-300x249.jpg 300w\" sizes=\"(max-width: 385px) 100vw, 385px\" \/><figcaption><em>Siempre observ\u00f3 cada detalle de sus trabajos; acompa\u00f1\u00f3 -muchas veces desde el silencio- a cientos de artistas y admir\u00f3, cuid\u00f3 y am\u00f3 sus propias esculturas.<\/em><\/figcaption><\/figure>\n<\/div>\n<p>&nbsp;<\/p>\n<p>Fabriciano es el \u201cgran escultor del Chaco contempor\u00e1neo\u201d. Artista consagrado, formidable gestor cultural, vecino ejemplar. Tres aspectos que fructifican a partir de una virtud principal: la humildad; un don: el talento art\u00edstico; y \u201csu disciplina de trabajador incansable\u201d, al decir de Alfredo Veirav\u00e9.<\/p>\n<p>Con 33 a\u00f1os, tuvo su consagraci\u00f3n art\u00edstica al obtener el Gran Premio de Honor del Sal\u00f3n Nacional y represent\u00f3 a la Argentina en la Bienal de Venecia de 1980 con la serie de esculturas \u201cNudos de espacio\u201d (instalaci\u00f3n que tuvo eco en el diario Times). Se nutri\u00f3 un lustro de Europa.<\/p>\n<p>Obtuvo grandes premios en el mundo trabajando en nieve. Heredero de los hermanos Boglietti, tom\u00f3 la posta junto con la Fundaci\u00f3n Urunday de seguir plantando esculturas en la ciudad hasta llegar a 700 en el espacio p\u00fablico, el grueso de ellas de los concursos y bienales de escultura que con tres d\u00e9cadas de historia son considerados entre los m\u00e1s prestigiosos del mundo.<\/p>\n[vc_separator type=&#8217;transparent&#8217; position=&#8217;center&#8217; color=&#8221; thickness=&#8221; up=&#8217;40&#8217; down=&#8221;]\n<p><strong>LO QUE DEC\u00cdA SOBRE LA BIENAL<\/strong><\/p>\n<p>A la Bienal del Chaco se refer\u00eda como: \u201c30 a\u00f1os para el arte es muy poco cuando normalmente se habla de 500 a\u00f1os, de mil a\u00f1os&#8230; Sin embargo este peque\u00f1o y limitado tiempo nos dio la posibilidad de plantar la semilla que le fuimos regando, poniendo el tutor, fuimos sintiendo el perfume que exuda la planta, disfrutando el fruto, pero fundamentalmente, afianzando una ra\u00edz que va a soportar el \u00e1rbol. La ra\u00edz est\u00e1 muy bien puesta y pueden venir tornados, pueden quebrarse algunas ramas pero permanecer\u00e1 ese \u00e1rbol dispuesto a generar brotes nuevos\u201d.<\/p>\n[vc_separator type=&#8217;transparent&#8217; position=&#8217;center&#8217; color=&#8221; thickness=&#8221; up=&#8217;40&#8217; down=&#8221;]\n<p><strong>\u00bfQU\u00c9 ES UNA ESCULTURA PARA FABRI?<\/strong><\/p>\n<p>\u201cUna obra sensible, un caudal de cosas de mi interior que fluyen sin esperar que las comprenda, simplemente despiertan y se imponen. En t\u00e9rminos pl\u00e1sticos es hablar de la dualidad perdurable-ef\u00edmero. Siempre recuperando el valor de lo fundamental. Estoy absorbiendo todo el tiempo, siento el arte como parte de la vida, me siento comprometido con mi lugar en la sociedad. En estos cuarenta y tantos a\u00f1os, lo \u00fanico que he hecho fue poner plumas en mis manos\u201d.<\/p>\n<p>\u201cPara m\u00ed, las obras m\u00e1s hermosas fueron las realizadas en nieve donde se concret\u00f3 la gran escultura que quer\u00eda trabajar, de seis metros, el tama\u00f1o que siempre pens\u00e9 para mi obra\u201d.<br \/>\nEnamorado de su ciudad, posterg\u00f3 otras geograf\u00edas para quedarse y forjarla art\u00edstica; su hogar devino Casa Museo Fabriciano; decenas de obras que llevan su firma se desparraman en calles y paseos de Resistencia.<\/p>\n<p>Desde la Fundaci\u00f3n Urunday que presid\u00eda, se implic\u00f3 en la creaci\u00f3n de Museum, el museo de esculturas del mundo a orillas del r\u00edo Negro; constituy\u00f3 el Departamento de Mantenimiento y Restauraci\u00f3n de las Esculturas que integra el patrimonio Escult\u00f3rico de Resistencia, gestion\u00f3 \u201cLa Ciudad de las Esculturas\u201d ante la Unesco con \u00e1nimo de convertir el patrimonio escult\u00f3rico de las ciudad en Patrimonio de la Humanidad.<\/p>\n<p>\u201cFirmemente creo que las grandes realizaciones, los grandes proyectos, no son obras individuales, sino producto de una concertaci\u00f3n colectiva, de energ\u00edas aunadas y, dentro de ese colectivo, brilla cada uno desde su talento\u201d.<\/p>\n<\/div>\n<\/div>\n[vc_separator type=&#8217;transparent&#8217; position=&#8217;center&#8217; color=&#8221; thickness=&#8221; up=&#8217;40&#8217; down=&#8221;]\n<p><strong>FABRICIANO PARA FABRICIANO<\/strong><\/p>\n<p>En una nota que hizo NORTE en junio de 2020, escrib\u00edamos: \u201cEn todas las charlas, entrevistas, encuentros y dem\u00e1s excusas para poder conocer m\u00e1s a la persona detr\u00e1s del escultor, nunca fue una pregunta gu\u00eda el saber qui\u00e9n es Fabriciano para Fabriciano. Despu\u00e9s de un silencio, su respuesta fue: \u201cUn buen tipo\u201d. Y as\u00ed fue, un hombre humilde, bueno y generoso.<\/p>\n<p>&nbsp;<\/p>\n<div class=\"wpb_text_column wpb_content_element \">\n<div class=\"wpb_wrapper\">\n<div class=\"right medium m_image\" style=\"text-align: center;\">\n<figure><picture><source srcset=\"https:\/\/www.diarionorte.com\/content\/bucket\/6\/270596w385h320c.jpg\" media=\"(min-width: 1200px)\" \/><source srcset=\"https:\/\/www.diarionorte.com\/content\/bucket\/6\/270596w300h240c.jpg\" media=\"(min-width: 960px)\" \/><source srcset=\"https:\/\/www.diarionorte.com\/content\/bucket\/6\/270596w345h300c.jpg\" media=\"(min-width: 640px)\" \/><\/picture><img loading=\"lazy\" decoding=\"async\" class=\"size-full wp-image-8114 aligncenter\" src=\"http:\/\/www.bienaldelchaco.org\/2022\/wp-content\/uploads\/2021\/09\/270596w385h320c.jpg\" alt=\"\" width=\"385\" height=\"320\" srcset=\"https:\/\/www.bienaldelchaco.org\/2022\/wp-content\/uploads\/2021\/09\/270596w385h320c.jpg 385w, https:\/\/www.bienaldelchaco.org\/2022\/wp-content\/uploads\/2021\/09\/270596w385h320c-300x249.jpg 300w\" sizes=\"(max-width: 385px) 100vw, 385px\" \/><figcaption><em>El afiche de la nueva edici\u00f3n de la Bienal de las Esculturas, que se llevar\u00e1 adelante en julio de 2022.<\/em><\/figcaption><\/figure>\n<\/div>\n<\/div>\n<p>&nbsp;<\/p>\n<div class=\"wpb_wrapper\">\n[vc_separator type=&#8217;transparent&#8217; position=&#8217;center&#8217; color=&#8221; thickness=&#8221; up=&#8217;40&#8217; down=&#8221;]\n<p><strong>Continuar con el legado<\/strong><\/p>\n<p>Luego del fallecimiento de Fabriciano pareciera que todo era incierto y, antes de que todos comenz\u00e1ramos a preguntarnos qu\u00e9 iba a pasar desde la Fundaci\u00f3n Urunday, lanzaron el afiche con la cara de Fabriciano y anunciando que se llevar\u00e1 a cabo la nueva edici\u00f3n, continuando el legado, del 16 al 23 de julio de 2022.<\/p>\n<p>La bienal comenz\u00f3 como un sue\u00f1o de dos escultores, Fabriciano G\u00f3mez y Mimo Eidman, en 1988, quienes organizaron un concurso de talla en madera que se realizaba en la plaza 25 de Mayo de la ciudad de Resistencia. Hoy es una de las bienales m\u00e1s prestigiosas del mundo.<br \/>\nEn el inicio de la movida, a finales de los 80, Fabriciano recordaba siempre que uno de los objetivos era que \u201cla gente de Resistencia comience a tomar conciencia de c\u00f3mo nace una obra de arte\u201d .<\/p>\n<\/div>\n<\/div>\n<div><\/div>\n<div>[vc_separator type=&#8217;transparent&#8217; position=&#8217;center&#8217; color=&#8221; thickness=&#8221; up=&#8217;100&#8242; down=&#8221;]<\/div>\n<div><\/div>\n<div>\n<div><\/div>\n<\/div>\n<div><\/div>\n<div>Fuente:\u00a0 <a href=\"https:\/\/www.diarionorte.com\/209318-fabriciano-gomez-esculpio-su-vida-transformo-la-cultura-y-se-hizo-arte\" target=\"_blank\" rel=\"noopener\">https:\/\/www.diarionorte.com\/209318-fabriciano-gomez-esculpio-su-vida-transformo-la-cultura-y-se-hizo-arte<\/a><\/div>\n","protected":false},"excerpt":{"rendered":"<p>\u201cAh\u00ed la vamos llevando. Pero con la claridad de que Fabri quisiera que se contin\u00fae con su legado\u201d, contesta Jos\u00e9 Eidman, hijo de Mimo, y quien acompa\u00f1\u00f3 hasta el \u00faltimo momento a Fabriciano, ante la pregunta de c\u00f3mo estaban llevando el proceso dif\u00edcil. La p\u00e9rdida&#8230;<\/p>\n","protected":false},"author":3,"featured_media":8111,"comment_status":"closed","ping_status":"closed","sticky":false,"template":"","format":"standard","meta":{"footnotes":""},"categories":[6],"tags":[],"_links":{"self":[{"href":"https:\/\/www.bienaldelchaco.org\/2022\/wp-json\/wp\/v2\/posts\/8110"}],"collection":[{"href":"https:\/\/www.bienaldelchaco.org\/2022\/wp-json\/wp\/v2\/posts"}],"about":[{"href":"https:\/\/www.bienaldelchaco.org\/2022\/wp-json\/wp\/v2\/types\/post"}],"author":[{"embeddable":true,"href":"https:\/\/www.bienaldelchaco.org\/2022\/wp-json\/wp\/v2\/users\/3"}],"replies":[{"embeddable":true,"href":"https:\/\/www.bienaldelchaco.org\/2022\/wp-json\/wp\/v2\/comments?post=8110"}],"version-history":[{"count":3,"href":"https:\/\/www.bienaldelchaco.org\/2022\/wp-json\/wp\/v2\/posts\/8110\/revisions"}],"predecessor-version":[{"id":8117,"href":"https:\/\/www.bienaldelchaco.org\/2022\/wp-json\/wp\/v2\/posts\/8110\/revisions\/8117"}],"wp:featuredmedia":[{"embeddable":true,"href":"https:\/\/www.bienaldelchaco.org\/2022\/wp-json\/wp\/v2\/media\/8111"}],"wp:attachment":[{"href":"https:\/\/www.bienaldelchaco.org\/2022\/wp-json\/wp\/v2\/media?parent=8110"}],"wp:term":[{"taxonomy":"category","embeddable":true,"href":"https:\/\/www.bienaldelchaco.org\/2022\/wp-json\/wp\/v2\/categories?post=8110"},{"taxonomy":"post_tag","embeddable":true,"href":"https:\/\/www.bienaldelchaco.org\/2022\/wp-json\/wp\/v2\/tags?post=8110"}],"curies":[{"name":"wp","href":"https:\/\/api.w.org\/{rel}","templated":true}]}}